{"id":56996,"date":"2015-10-23T11:23:54","date_gmt":"2015-10-23T09:23:54","guid":{"rendered":"https:\/\/www.freiburg-schwarzwald.de\/blog\/?p=56996"},"modified":"2015-11-18T18:26:26","modified_gmt":"2015-11-18T17:26:26","slug":"sozialticket-nahverkehr-freiburg","status":"publish","type":"post","link":"https:\/\/www.freiburg-schwarzwald.de\/blog\/sozialticket-nahverkehr-freiburg\/","title":{"rendered":"Sozialticket Nahverkehr Freiburg"},"content":{"rendered":"<p>Ein <a title=\"Soziales\" href=\"https:\/\/www.freiburg-schwarzwald.de\/blog\/selbsthilfe\/soziales\/\">Sozialticket<\/a> f\u00fcr <a title=\"Obdachlos\" href=\"https:\/\/www.freiburg-schwarzwald.de\/blog\/selbsthilfe\/soziales\/obdachlos\/\">Geringverdiener<\/a> und <a title=\"Hartz\" href=\"https:\/\/www.freiburg-schwarzwald.de\/blog\/selbsthilfe\/soziales\/arbeit\/hartz\/\">Empf\u00e4nger von Transferleistungen<\/a> mit <a title=\"VAG\" href=\"https:\/\/www.freiburg-schwarzwald.de\/blog\/regio\/freiburg\/vag\/\">Mehrfahrtenkarte<\/a> und <a title=\"Verkehr\" href=\"https:\/\/www.freiburg-schwarzwald.de\/blog\/regio\/verkehr\/\">Regiokarte<\/a> (regul\u00e4r 51,50 Euro) zum reduzierten, ggf.halben Preis r\u00fcckt n\u00e4her. 20000 Freiburger und 5000 <a title=\"Asyl\" href=\"https:\/\/www.freiburg-schwarzwald.de\/blog\/global\/integration\/asyl\/\">Fl\u00fcchtlinge<\/a> w\u00e4ren berechtigt. Die Kosten von ca 1,5 Mio Euro\/Jahr zahlen <a title=\"Stadtfreiburg\" href=\"https:\/\/www.freiburg-schwarzwald.de\/blog\/regio\/freiburg\/stadtfreiburg\/\">Stadt <\/a>bzw. <a title=\"Stadtpolitik\" href=\"https:\/\/www.freiburg-schwarzwald.de\/blog\/regio\/freiburg\/stadtpolitik\/\">B\u00fcrger<\/a>. Ob das Sozialticket dem <a title=\"OEPNV\" href=\"https:\/\/www.freiburg-schwarzwald.de\/blog\/regio\/verkehr\/oepnv\/\">\u00d6PNV<\/a> Neukunden bringt, ist umstritten. Die\u00a0<a title=\"Willkommenskultur\" href=\"https:\/\/www.freiburg-schwarzwald.de\/blog\/global\/integration\/willkommenskultur\/\">Fl\u00fcchtlingswelle<\/a> macht Druck auf verbilligten Nahverkehr von Bus und Bahn. <!--more-->&#8222;Immer weniger bezahlen den Normalpreis im \u00d6PNV&#8220; &#8211; wie lange wird sich dies fortsetzenlassen?<br \/>\n.<\/p>\n<p><strong>Keine Gerechtigkeitsl\u00fccke?<\/strong><br \/>\nDas Sozialticket muss finanziert werden und es zahlen dann auch Arbeiter, Krankenschwestern, Kinderg\u00e4rtnerinnen und viele andere mit. Darunter auch Haushalte, die zwar \u00fcber der roten Linie liegen, denen es aber trotzdem nicht rosig geht \u2013 und f\u00fcr die die normale Regiokarte jedes Jahr teurer wird. Da darf keine Gerechtigkeitsl\u00fccke entstehen. &#8230;.\u00a0Alles vom 22.10.2015 bitte lesen auf<br \/>\n<a href=\"https:\/\/www.badische-zeitung.de\/kommentare-1\/freiburg-die-zeit-fuers-sozialticket-ist-jetzt-gekommen--112835178.html\">https:\/\/www.badische-zeitung.de\/kommentare-1\/freiburg-die-zeit-fuers-sozialticket-ist-jetzt-gekommen&#8211;112835178.html<\/a><\/p>\n<p><strong>Was ist gerecht &#8211; Fl\u00fcchtlinge versus Personen mit Grundsicherung?<\/strong><br \/>\nFl\u00fcchtlinge werden behandelt wie Menschen die Grundsicherung erhalten (hier gelten ann\u00e4hernd die gleichen S\u00e4tze). Warum werden diese dann aber unentgeltlich bef\u00f6rdert? Es gibt von der Deutschen Bahn Regional eine Anweisung, dass Fl\u00fcchtlinge unentgeltlich mitzunehmen sind!<br \/>\nWenn das m\u00f6glich ist, weshalb d\u00fcrfen dann Personenen, die Grundsicherung erhalten, nicht auch unentgeltlich den \u00d6PNV benutzen? Gerecht w\u00e4re vielleicht auch, die Nutzung nach dem Vorbild des Schwerbehindertengesetzes wo eine halb- bzw ganzj\u00e4hrige Pauschale zu entrichten ist (36,- \/ 72 ,- Euro)<br \/>\nDieses Thema \u00fcber die Finanzierbarkeit ist Schwachsinn. Denn es sind Mehreinnahmen bei ohnehin fahrenden Bussen und Bahnen! Der Staat, f\u00e4hrt ohnehin im Hinblick auf soziale Gerechtigkeit zweigleisig. Im Hinblick auf die Fl\u00fcchtlingsflut, sitzt der Geldbeutel nun locker.<br \/>\nIch wei\u00df, welcher Druck hinter der Logistik steht, Fl\u00fcchtlinge unterzubringen und zu versorgen. Aber man kann deswegen nicht andere Menschen, die auf soziale Leistungen angewiesen sind, so vor den Kopf sto\u00dfen. Insbesondere im Hinblick auf die Wohnungskosten. Sehen wir den Tatsachen einmal ins Auge, durch den Fl\u00fcchtlingszustrom werden <a title=\"Wohnungssuche\" href=\"https:\/\/www.freiburg-schwarzwald.de\/blog\/business\/dienste\/immobilien\/wohnen\/wohnungssuche\/\">Wohnr\u00e4ume knapp<\/a>. Der Preis wird steigen, aber die Mietkostenzusch\u00fcsse werden lange nicht erh\u00f6ht werden. Das ist nur ein Beispiel von vielen. Aber sparen l\u00e4sst es sich am besten bei den Schw\u00e4chsten der Schwachen. Sie haben keine Lobbie und keiner interessiert sich hierf\u00fcr!Doch im Prinzip wiederholt sich hier nur die Geschichte des 20.Jahunderts. Hoffen wir nur dass die damaligen Konsequenzen ausbleiben werden. Doch anscheinend kocht leider wieder das braune Gedankengut hoch! Warum diese Ungerechtigkeiten in der Sozialpolitik!?<br \/>\n22.10.2015, Janosch Pullmann<br \/>\n.<br \/>\n<strong>Sozialticket ab 1.3.2016 f\u00fcr Freiburg-Stadt &#8211; auch f\u00fcr Landkreis?<\/strong><br \/>\nIn der Stadt Freiburg hat sich eine Ratsmehrheit f\u00fcr ein Sozialticket im \u00d6ffentlichen Nahverkehr ausgesprochen. Eine Regiokarte f\u00fcr Hartz-IV-Empf\u00e4nger, Rentner mit Grundsicherung, Wohngeldbezieher und Asylbewerber soll vom 1. M\u00e4rz 2016 an k\u00fcnftig nur noch 31,50 Euro statt 51,50 Euro kosten. Die Differenz von 20 Euro soll die Stadtkasse zahlen, hei\u00dft es in einem Antrag. Das Sozialticket soll f\u00fcr Freiburger gelten. Doch die Regiokarte wird auch in den Landkreisen Breisgau-Hochschwarzwald und Emmendingen genutzt \u2013 dort m\u00fcssten die Bed\u00fcrftigen dann mehr, n\u00e4mlich den regul\u00e4ren Preis bezahlen. Droht da eine Ungleichbehandlung? &#8230;<br \/>\nAlles vom 18.11.2015 bitte lesen auf<br \/>\n<a href=\"https:\/\/www.badische-zeitung.de\/kreis-breisgau-hochschwarzwald\/sozialticket-fuer-freiburger-werden-beduerftige-im-kreis-benachteiligt--113794241.html\">https:\/\/www.badische-zeitung.de\/kreis-breisgau-hochschwarzwald\/sozialticket-fuer-freiburger-werden-beduerftige-im-kreis-benachteiligt&#8211;113794241.html<\/a><\/p>\n","protected":false},"excerpt":{"rendered":"<p>Ein Sozialticket f\u00fcr Geringverdiener und Empf\u00e4nger von Transferleistungen mit Mehrfahrtenkarte und Regiokarte (regul\u00e4r 51,50 Euro) zum reduzierten, ggf.halben Preis r\u00fcckt n\u00e4her. 20000 Freiburger und 5000 Fl\u00fcchtlinge w\u00e4ren berechtigt. Die Kosten von ca 1,5 Mio Euro\/Jahr zahlen Stadt bzw. B\u00fcrger. Ob &hellip; <a href=\"https:\/\/www.freiburg-schwarzwald.de\/blog\/sozialticket-nahverkehr-freiburg\/\">Weiterlesen <span class=\"meta-nav\">&rarr;<\/span><\/a><\/p>\n","protected":false},"author":2,"featured_media":0,"comment_status":"open","ping_status":"closed","sticky":false,"template":"","format":"standard","meta":{"footnotes":""},"categories":[49,157,11,118],"tags":[391,576,510,432,532,334],"class_list":["post-56996","post","type-post","status-publish","format-standard","hentry","category-freiburg","category-oeffentlicher-raum","category-regio","category-verkehr","tag-freizeit","tag-offentlich","tag-opnv","tag-regional","tag-city","tag-strasse"],"_links":{"self":[{"href":"https:\/\/www.freiburg-schwarzwald.de\/blog\/wp-json\/wp\/v2\/posts\/56996","targetHints":{"allow":["GET"]}}],"collection":[{"href":"https:\/\/www.freiburg-schwarzwald.de\/blog\/wp-json\/wp\/v2\/posts"}],"about":[{"href":"https:\/\/www.freiburg-schwarzwald.de\/blog\/wp-json\/wp\/v2\/types\/post"}],"author":[{"embeddable":true,"href":"https:\/\/www.freiburg-schwarzwald.de\/blog\/wp-json\/wp\/v2\/users\/2"}],"replies":[{"embeddable":true,"href":"https:\/\/www.freiburg-schwarzwald.de\/blog\/wp-json\/wp\/v2\/comments?post=56996"}],"version-history":[{"count":0,"href":"https:\/\/www.freiburg-schwarzwald.de\/blog\/wp-json\/wp\/v2\/posts\/56996\/revisions"}],"wp:attachment":[{"href":"https:\/\/www.freiburg-schwarzwald.de\/blog\/wp-json\/wp\/v2\/media?parent=56996"}],"wp:term":[{"taxonomy":"category","embeddable":true,"href":"https:\/\/www.freiburg-schwarzwald.de\/blog\/wp-json\/wp\/v2\/categories?post=56996"},{"taxonomy":"post_tag","embeddable":true,"href":"https:\/\/www.freiburg-schwarzwald.de\/blog\/wp-json\/wp\/v2\/tags?post=56996"}],"curies":[{"name":"wp","href":"https:\/\/api.w.org\/{rel}","templated":true}]}}