{"id":56832,"date":"2015-10-09T08:59:48","date_gmt":"2015-10-09T06:59:48","guid":{"rendered":"https:\/\/www.freiburg-schwarzwald.de\/blog\/?p=56832"},"modified":"2015-10-09T09:25:09","modified_gmt":"2015-10-09T07:25:09","slug":"apersec-afrika-aerzte-3-welt","status":"publish","type":"post","link":"https:\/\/www.freiburg-schwarzwald.de\/blog\/apersec-afrika-aerzte-3-welt\/","title":{"rendered":"APERSEC Afrika &#8211; Aerzte 3. Welt"},"content":{"rendered":"<p>Burkina Faso ist eines der \u00e4rmsten L\u00e4nder <a title=\"Afrika\" href=\"https:\/\/www.freiburg-schwarzwald.de\/blog\/global\/afrika\/\">Afrikas<\/a>. In Ouagadougou hat Cath\u00e9rine Eklou, eine in Freiburg z\u00e4tige Krankenschwester, im Jahr 2000 den gemeinn\u00fctzigen Verein <a title=\"Solar-Energie fuer Afrika Verein\" href=\"https:\/\/www.freiburg-schwarzwald.de\/blog\/solar-energie-fuer-afrika-verein\/\">APERSEC<\/a> (Association Notre Dame de\u00a0 Perp\u00e9tuel S\u00e9cour) gegr\u00fcndet, um die \u00e4rztliche Versorgung sowie Bildung zu verbessern.\u00a0Die Organisation erreicht heute an die 40 000 Menschen in der Region.<!--more--><\/p>\n<p>In Burkina Faso sind drei\u00a0Viertel der Bev\u00f6lkerung Analphabeten, die Lebenserwartung betr\u00e4gt weniger als 50 Jahre, 200 von 1000 Kindern erreichen nicht das f\u00fcnfte Lebensjahr. Aus dem Raum Freiburg unterst\u00fctzt neben Frau Eklou auch der in St.Peter ans\u00e4ssige Arzt Dr. Ulf Stein die Projekte von APERSEC.<br \/>\n<a class=\"ngLink\" title=\"\" href=\"https:\/\/www.hilfe-zur-selbsthilfe-walldorf.de\/\" target=\"_blank\">https:\/\/www.hilfe-zur-selbsthilfe-walldorf.de<\/a><br \/>\n<a href=\"https:\/\/www.hilfe-zur-selbsthilfe-walldorf.de\/projekte\/burkina_faso\/burkina_faso_apersec.htm\">https:\/\/www.hilfe-zur-selbsthilfe-walldorf.de\/projekte\/burkina_faso\/burkina_faso_apersec.htm<\/a><br \/>\n<a href=\"https:\/\/www.stiftung-bruecke.de\/?q=node\/158\">https:\/\/www.stiftung-bruecke.de\/?q=node\/158<\/a><br \/>\n<a href=\"https:\/\/de.ulule.com\/selbstbestimmtheit\/\">https:\/\/de.ulule.com\/selbstbestimmtheit\/<\/a><br \/>\n<a href=\"https:\/\/www.facebook.com\/Apersec\">https:\/\/www.facebook.com\/Apersec<\/a><br \/>\n<a href=\"https:\/\/mut-freiburg.de\/burkina-faso-afrika\/\">https:\/\/mut-freiburg.de\/burkina-faso-afrika\/<\/a><\/p>\n<p>\u00c4rzte f\u00fcr die Dritte Welt &#8211; German Doctors e.V.<br \/>\n<a href=\"https:\/\/www.german-doctors.de%20\">www.german-doctors.de<\/a><\/p>\n<p>&nbsp;<\/p>\n<p><strong>Dr. Ulf Stein aus St.Peter: Medizinische Entwicklungshilfe in Burkina Faso<\/strong><br \/>\n\u00dcberall Armut und gro\u00dfes Leid, Analphabetentum und Unwissenheit, schlimme Krankheiten, die bei uns ausgestorben oder harmlos sind, unter den dortigen Umst\u00e4nden aber zu schweren Behinderungen oder dem Tod f\u00fchren k\u00f6nnen, dazu unvorstellbare Hitze und Trockenheit \u2013 so sieht das Leben in Burkina Faso aus.<br \/>\n&#8222;Ich wollte mich nicht nur in den Liegestuhl setzen&#8220;, sagt Ulf Stein, ehemals Chefarzt der Inneren Medizin am Klinikum Worms. Seit er 2001 in den Ruhestand gegangen ist, hat er sich elfmal bei den &#8222;\u00c4rzten f\u00fcr die dritte Welt&#8220; verdingt und in den \u00e4rmsten L\u00e4ndern der Welt \u00e4rztliche Hilfe geleistet. Zuletzt war er im Fr\u00fchjahr drei Monate im afrikanischen Burkina Faso. Seinen Vortrag von voriger Woche \u00fcber seine Reise h\u00e4lt er am heutigen Donnerstag nochmals beim Katholischen Altenwerk um 15.30 Uhr im Pfarrheim.<br \/>\n\u00dcberall Armut und gro\u00dfes Leid, Analphabetentum und Unwissenheit, schlimme Krankheiten, die bei uns ausgestorben oder harmlos sind, unter den dortigen Umst\u00e4nden aber zu schweren Behinderungen oder dem Tod f\u00fchren k\u00f6nnen, dazu unvorstellbare Hitze und Trockenheit \u2013 so sieht das Leben in Burkina Faso aus. 17 Millionen Menschen leben dort, davon 50 Prozent Moslems, 25 Prozent Christen und 25 Prozent, die Stammesreligionen angeh\u00f6ren. &#8222;Die haben keine Sozial- und Auffangsysteme, es ist f\u00fcrchterlich.&#8220;<br \/>\nUlf Stein gab anhand von Lichtbildern erschreckende, aber auch ermutigende Einblicke in das kleine Land im mittleren Afrika. Anders als in den Nachbarl\u00e4ndern herrscht in Burkina Faso immerhin Frieden. Sein Engagement sieht Stein als Beitrag dazu, diesen Frieden zu erhalten.<\/p>\n<p>Neun Monate im Jahr ist es trocken in dem Land, drei Monate Regenzeit. Stein war diesen April und Mai dort, in der hei\u00dfesten Jahreszeit. &#8222;Wir hatten t\u00e4glich 44 bis 47 Grad Celsius im Schatten, einmal sogar 49 Grad.&#8220; In dieser &#8222;Dauersauna&#8220; muss man &#8222;irgendwie am Leben bleiben&#8220; und trinken, trinken, trinken. Nicht zuf\u00e4llig ist Fl\u00fcssigkeitsmangel eine Ursache f\u00fcr Krankheiten, die Stein zu behandeln hatte, etwa die Bildung von Fl\u00fcgelfell, das aufgrund von Austrocknung \u00fcber die Bindehaut w\u00e4chst und zur Erblindung f\u00fchrt. Weitere Gr\u00fcnde f\u00fcr Krankheiten sind fehlende Hygiene, \u00fcber die die Menschen nichts wissen, fehlende Impfprogramme und der Mangel an Geld und \u00c4rzten. &#8222;Ohne \u00c4rzte sind sie auf Heiler angewiesen&#8220; oder gleich auf sich selbst, denn in der Regenzeit sind die Stra\u00dfen monatelang \u00fcberflutet und nicht passierbar.<br \/>\n&#8222;Die Bedingung f\u00fcr meine Arbeitserlaubnis war, dass immer ein burkinesischer Arzt dabei war&#8220;, erz\u00e4hlt der 78-J\u00e4hrige, der seit 1997 mit seiner Frau in St. Peter wohnt. &#8222;Das war gar nicht m\u00f6glich und auch nicht n\u00f6tig.&#8220; Stein zeigte Bilder von mehreren Patienten, die er behandelt hat, darunter ein wei\u00dfer Schwarzer, der keine Hautpigmente hat (Albinismus) und an schwerem Hautkrebs erkrankt war, Menschen mit Herzfehlern, Geschlechtskrankheiten, Kinderl\u00e4hmung, Hirnsch\u00e4den, Depressionen. Oft konnte Stein etwas tun, oft auch nicht. Ein junger Mann hatte H\u00e4morrhoiden, an denen er \u00fcber die Jahre fast verblutet w\u00e4re. Ihm konnte Stein mit einer einfachen, aber f\u00fcr den Patienten sehr schmerzhaften Methode helfen. Bei uns erfolgt dieser Eingriff unter Vollnarkose, Steins Patient musste mit Schmerzmitteln auskommen.<br \/>\nStein hat zweimal pro Woche vormittags im Krankenhaus sowie in einer Ambulanz mitgearbeitet. Zudem ist er mit Cath\u00e9rine Eklou in die D\u00f6rfer 100 Kilometer um die Hauptstadt Ouagadougou hinaus gefahren und hat dort Patienten in einfachen H\u00fctten behandelt. Zum Dank hat er Geschenke bekommen: H\u00fchner, Kartoffeln, einen Hut. Cath\u00e9rine Eklou, von der er mit gro\u00dfem Respekt sprach, ist eine einheimische Krankenschwester, die vier Monate im Jahr im Loretto-Krankenhaus in Freiburg arbeitet. Sie hat die Organisation APERSEC gegr\u00fcndet und engagiert sich zusammen mit ihrem Mann Antoine in ihrem Heimatland in vielf\u00e4ltiger Weise. Sie verbessert die medizinische Versorgung, l\u00e4sst Schulen bauen, vergibt an Frauen Mikrokredite und f\u00e4hrt in die D\u00f6rfer, um den Menschen beizubringen, was Hygiene ist und wie man sie einh\u00e4lt. Stein: &#8222;Ich bin begeistert, was hier entsteht \u2013 durch eine Einheimische.&#8220; 30 000 bis 40\u2005000 Euro sind n\u00f6tig f\u00fcr den Aufbau einer einz\u00fcgigen Schule, bei 60 bis 90 Kindern pro Klasse.<br \/>\nStein war zuvor je f\u00fcnfmal in Nairobi und Kalkutta sowie einmal in Bangladesch. M\u00f6glich ist vor Ort &#8222;alles, einschlie\u00dflich der gr\u00f6\u00dften Operation&#8220;. Abh\u00e4ngig seien die M\u00f6glichkeiten allein vom Geld. Im normalen Betrieb k\u00f6nnen die &#8222;\u00c4rzte f\u00fcr die dritte Welt&#8220; ihm zufolge nach eigenem Ermessen arbeiten. \u00c4rzte verschiedener Fachrichtungen beraten und erg\u00e4nzen einander. &#8222;Aber wenn es teuer wird, m\u00fcssen wir in der Zentrale in Frankfurt nachfragen.&#8220;<br \/>\nStein hat gern geholfen, aber kam auch gern zur\u00fcck. &#8222;Ich war dankbar, als ich nach meinem Einsatz wieder deutschen Boden betreten konnte. Wir leben hier auf einem begnadeten, herrlichen Streifen Erde.&#8220;<br \/>\n9.10.2015, Alexandra Wehrle<\/p>\n<p><em>Ulf Stein bittet um Spenden f\u00fcr APERSEC.<\/em><br \/>\n<em> Konto: &#8222;Direkthilfe f\u00fcr Kleinprojekte e.V.&#8220;, IBAN: DE58 6809 0000 0009 4430 02, BIC: GENODE61FR1, Verwendungszweck: &#8222;F\u00fcr APERSEC\/Afrika&#8220;.<\/em><\/p>\n","protected":false},"excerpt":{"rendered":"<p>Burkina Faso ist eines der \u00e4rmsten L\u00e4nder Afrikas. In Ouagadougou hat Cath\u00e9rine Eklou, eine in Freiburg z\u00e4tige Krankenschwester, im Jahr 2000 den gemeinn\u00fctzigen Verein APERSEC (Association Notre Dame de\u00a0 Perp\u00e9tuel S\u00e9cour) gegr\u00fcndet, um die \u00e4rztliche Versorgung sowie Bildung zu verbessern.\u00a0Die &hellip; <a href=\"https:\/\/www.freiburg-schwarzwald.de\/blog\/apersec-afrika-aerzte-3-welt\/\">Weiterlesen <span class=\"meta-nav\">&rarr;<\/span><\/a><\/p>\n","protected":false},"author":2,"featured_media":0,"comment_status":"open","ping_status":"closed","sticky":false,"template":"","format":"standard","meta":{"footnotes":""},"categories":[433,52,53,400,14],"tags":[602,740,577,47],"class_list":["post-56832","post","type-post","status-publish","format-standard","hentry","category-arzt","category-einewelt","category-fairerhandel","category-freiwillig","category-global","tag-afrika","tag-arzt","tag-hilfe-2","tag-klinik"],"_links":{"self":[{"href":"https:\/\/www.freiburg-schwarzwald.de\/blog\/wp-json\/wp\/v2\/posts\/56832","targetHints":{"allow":["GET"]}}],"collection":[{"href":"https:\/\/www.freiburg-schwarzwald.de\/blog\/wp-json\/wp\/v2\/posts"}],"about":[{"href":"https:\/\/www.freiburg-schwarzwald.de\/blog\/wp-json\/wp\/v2\/types\/post"}],"author":[{"embeddable":true,"href":"https:\/\/www.freiburg-schwarzwald.de\/blog\/wp-json\/wp\/v2\/users\/2"}],"replies":[{"embeddable":true,"href":"https:\/\/www.freiburg-schwarzwald.de\/blog\/wp-json\/wp\/v2\/comments?post=56832"}],"version-history":[{"count":0,"href":"https:\/\/www.freiburg-schwarzwald.de\/blog\/wp-json\/wp\/v2\/posts\/56832\/revisions"}],"wp:attachment":[{"href":"https:\/\/www.freiburg-schwarzwald.de\/blog\/wp-json\/wp\/v2\/media?parent=56832"}],"wp:term":[{"taxonomy":"category","embeddable":true,"href":"https:\/\/www.freiburg-schwarzwald.de\/blog\/wp-json\/wp\/v2\/categories?post=56832"},{"taxonomy":"post_tag","embeddable":true,"href":"https:\/\/www.freiburg-schwarzwald.de\/blog\/wp-json\/wp\/v2\/tags?post=56832"}],"curies":[{"name":"wp","href":"https:\/\/api.w.org\/{rel}","templated":true}]}}