{"id":56729,"date":"2015-10-04T10:38:46","date_gmt":"2015-10-04T08:38:46","guid":{"rendered":"https:\/\/www.freiburg-schwarzwald.de\/blog\/?p=56729"},"modified":"2015-10-13T19:53:00","modified_gmt":"2015-10-13T17:53:00","slug":"zur-nachahmung-empfohlen","status":"publish","type":"post","link":"https:\/\/www.freiburg-schwarzwald.de\/blog\/zur-nachahmung-empfohlen\/","title":{"rendered":"Zur Nachahmung empfohlen"},"content":{"rendered":"<p>Eine <a title=\"Natursteinmauer ehrenamtlich\" href=\"https:\/\/www.freiburg-schwarzwald.de\/blog\/natursteinmauer-ehrenamtlich\/\">Natursteinmauer<\/a> bringt Gastarbeiter und Fl\u00fcchtlinge zusammen.\u00a0<a title=\"Imker\" href=\"https:\/\/www.freiburg-schwarzwald.de\/blog\/business\/handwerk\/imker\/\">Imker<\/a> Jochen Schmidt (77) hatte eine<a title=\"Engagement\" href=\"https:\/\/www.freiburg-schwarzwald.de\/blog\/engagement\/\"> Idee<\/a>: &#8222;Wir bauen eine Natursteinmauer&#8220;. Das Au\u00dfergew\u00f6hnliche an der Idee: &#8222;Wir&#8220;, das sind <a title=\"Migration\" href=\"https:\/\/www.freiburg-schwarzwald.de\/blog\/global\/migration\/\">Gastarbeiter<\/a> und <a title=\"Fluechtlinge\" href=\"https:\/\/www.freiburg-schwarzwald.de\/blog\/global\/integration\/fluechtlinge\/\">Fl\u00fcchtlinge<\/a>. \u00a0<span lang=\"\"><a title=\"Bickenreute\" href=\"https:\/\/www.freiburg-schwarzwald.de\/blog\/bauernhof\/bickenreute\/\">Bickenreute<\/a>, ehemals Bauernhof, Hofgut und Wasserschloss, liegt zwischen dem <a title=\"Giersberg\" href=\"https:\/\/www.freiburg-schwarzwald.de\/blog\/regio\/berge\/giersberg\/\">Giersberg<\/a> im Norden und dem <a title=\"Weilersbach\" href=\"https:\/\/www.freiburg-schwarzwald.de\/blog\/regio\/orte\/oberried\/weilersbach\/\">Weilersbachtal<\/a> im S\u00fcden. Am <a title=\"Lebensweg Giersberg Pilgerweg\" href=\"https:\/\/www.freiburg-schwarzwald.de\/blog\/lebensweg-giersberg-pilgerweg\/\">Radwanderweg<\/a> hinter dem Hof wurde<\/span><!--more--><\/p>\n<p><span lang=\"\"> (als Ausgleichsma\u00dfnahme der Gemeinde Kirchzarten f\u00fcr den geplanten MTB-Trainingsparcours im Hexenw\u00e4ldle) im Rahmen des Projekts &#8222;Natursteinmauer Bickenreute&#8220; von <\/span><span lang=\"\">BUND<\/span><span lang=\"\"> und <\/span><span lang=\"\">NABU<\/span><span lang=\"\">&#8211; Dreisamtal unter Federf\u00fchrung des Imkers Jochen Schmidt eine ganz besondere Trockenmauer gebaut. Denn diese Mauer bringt Gastarbeiter und Fl\u00fcchtlinge zusammen: Joaquim Barbosa (51) aus Braga\/Portugal und Adriano Vintrici (<\/span><span lang=\"\">62<\/span><span lang=\"\">) aus Palermo\/Sizilien, <\/span><span lang=\"\">jetzt selbst\u00e4ndiger Bauunternehmer<\/span><span lang=\"\">, kamen urspr\u00fcnglich als Gastarbeiter <\/span><span lang=\"\">hierher<\/span><span lang=\"\"> und bauten die 8,50 m lange und 1,10 m hohe Mauer. Dabei wurden sie unterst\u00fctzt von vier Fl\u00fcchtlingen: Den Syrern Amjad Agha (20), Diaa Al Zahri (29) und Abdallah Misto (38) vom Fl\u00fcchtlingswohnheim Hammerschmiedstrasse <\/span><span lang=\"\">in Freiburg<\/span><span lang=\"\"> und <\/span><span lang=\"\">dem Roma aus dem Kossovo<\/span><span lang=\"\"> Adnan Salijevic (31) von der Bissierstrasse <\/span><span lang=\"\">in Freiburg<\/span><span lang=\"\">: Abri\u00df der alten Abgrenzung aus Holz, 50 cm tiefes und <\/span><span lang=\"\">80 cm breites <\/span><span lang=\"\">Fundament ausheben, Steine <\/span><span lang=\"\">aus B\u00f6schungen von Feldern nahe<\/span><span lang=\"\"> der Husemann-Klinik Buchenbach und Kalksteine vom Schneckental her anfahren, Stein f\u00fcr Stein anpassen und hochmauern. Neben Kalksteinen wurden auch Steine aus Granit und Basalt eingearbeitet \u2013 so zeigt die Mauer gerade bei Regen ein \u2018Gesicht\u2019 mit lebhaften Verf\u00e4rbungen.<\/span><\/p>\n<p><span lang=\"\">Die Mauer steht auf dem Gel\u00e4nde von Nikolaus von Gayling<\/span><span lang=\"\">-Westphal<\/span><span lang=\"\"> vom Ebneter Schloss, daf\u00fcr hatte der <\/span><span lang=\"\">NABU<\/span><span lang=\"\"> Dreisamtal eigens einen gesonderten Pachtvertrag abgeschlossen \u2013 schlie\u00dflich mu\u00dfte die nebenstehende Imkerei von Edwin Schweitzer aus Oberried etwas Pachtland abgeben.<\/span><\/p>\n<p lang=\"\"><a href=\"https:\/\/www.freiburg-schwarzwald.de\/blog\/bauernhof\/bickenreute\/natursteinmauer3-150919\/\" rel=\"attachment wp-att-56535\"><img loading=\"lazy\" decoding=\"async\" class=\"alignnone size-thumbnail wp-image-56535\" src=\"https:\/\/www.freiburg-schwarzwald.de\/blog\/wp-content\/uploads\/2015\/07\/natursteinmauer3-150919-180x135.jpg\" alt=\"natursteinmauer3-150919\" width=\"180\" height=\"135\" srcset=\"https:\/\/www.freiburg-schwarzwald.de\/blog\/wp-content\/uploads\/2015\/07\/natursteinmauer3-150919-180x135.jpg 180w, https:\/\/www.freiburg-schwarzwald.de\/blog\/wp-content\/uploads\/2015\/07\/natursteinmauer3-150919.jpg 640w\" sizes=\"auto, (max-width: 180px) 100vw, 180px\" \/><\/a>\u00a0von links: Abdallah, Joaquim, Diaa, Adnan, Amjad, Adriano und Jochen.<\/p>\n<p><span lang=\"\">Ein kleines Projekt wie dieser Bau einer Natursteinmauer macht Mut:<br \/>\nDas Durchsetzungsverm\u00f6gen eines einzelnen B\u00fcrgers (hier Imker Schmidt) vermag es, viele &#8222;unter einen Hut zu bringen&#8220;: Grundst\u00fcckseigent\u00fcmer, P\u00e4chter(Landwirte), Gemeinde, <\/span><span lang=\"\">BUND<\/span><span lang=\"\">, <\/span><span lang=\"\">NABU<\/span><span lang=\"\">, Naturschutzbeh\u00f6rden, &#8230;<br \/>\n(Ehemalige) Gastarbeiter und Fl\u00fcchtlinge verstehen sich gut &#8211; trotz Sprachbarriere und Altersunterschied. Die jungen Asylanten erfahren, wie man durch Flei\u00df eine Existenz und sogar eine eigene Firma aufbauen kann.<br \/>\nPassanten zu Fu\u00df wie mit Fahrrad zeigen reges Interesse am diesem &#8222;Migrations-Bauvorhaben&#8220; &#8211; zuweilen geriet vor lauter Fragen das Mauern ins Stocken. <\/span><span lang=\"\">Eine Passantin spendete spontan dem Syrer Abdalla ein Fahrrad vom <\/span>Helferkreis Kirchzarten.<span lang=\"\"><br \/>\nMit der Natursteinmauer schaffen Fl\u00fcchtlinge f\u00fcr alle ein lauschiges Pl\u00e4tzchen zwischen Nussbaum im Norden und Bienenhaus im S\u00fcden sowie Obstbaumwiese im Westen und Hexenw\u00e4ldle hoch oben im Osten.<br \/>\nVielleicht tragen solche Fl\u00fcchtlingsprojekte sogar dazu bei, die bisweilen starren Strukturen von \u00c4mtern und B\u00fcrokratie etwas weniger verkn\u00f6chert erscheinen zu lassen.\u00a0 <\/span><strong>&#8222;Zur Nachahmung empfohlen&#8220;<\/strong> &#8211; dieses Pr\u00e4dikat hat das Integrationsprojekt von Imker Schmidt verdient. <a title=\"Bickenreute\" href=\"https:\/\/www.freiburg-schwarzwald.de\/blog\/bauernhof\/bickenreute\/\">Mehr Bilder<\/a>.<br \/>\nEkkehard Kaier, 4.10.2015<\/p>\n<p>&nbsp;<\/p>\n","protected":false},"excerpt":{"rendered":"<p>Eine Natursteinmauer bringt Gastarbeiter und Fl\u00fcchtlinge zusammen.\u00a0Imker Jochen Schmidt (77) hatte eine Idee: &#8222;Wir bauen eine Natursteinmauer&#8220;. Das Au\u00dfergew\u00f6hnliche an der Idee: &#8222;Wir&#8220;, das sind Gastarbeiter und Fl\u00fcchtlinge. \u00a0Bickenreute, ehemals Bauernhof, Hofgut und Wasserschloss, liegt zwischen dem Giersberg im Norden &hellip; <a href=\"https:\/\/www.freiburg-schwarzwald.de\/blog\/zur-nachahmung-empfohlen\/\">Weiterlesen <span class=\"meta-nav\">&rarr;<\/span><\/a><\/p>\n","protected":false},"author":2,"featured_media":0,"comment_status":"open","ping_status":"closed","sticky":false,"template":"","format":"standard","meta":{"footnotes":""},"categories":[54,36,155,12,68],"tags":[717,485,622,142],"class_list":["post-56729","post","type-post","status-publish","format-standard","hentry","category-ehrenamt","category-engagement","category-integration","category-natur","category-umwelt","tag-ehrenamt","tag-refugee","tag-migration","tag-renaturierung"],"_links":{"self":[{"href":"https:\/\/www.freiburg-schwarzwald.de\/blog\/wp-json\/wp\/v2\/posts\/56729","targetHints":{"allow":["GET"]}}],"collection":[{"href":"https:\/\/www.freiburg-schwarzwald.de\/blog\/wp-json\/wp\/v2\/posts"}],"about":[{"href":"https:\/\/www.freiburg-schwarzwald.de\/blog\/wp-json\/wp\/v2\/types\/post"}],"author":[{"embeddable":true,"href":"https:\/\/www.freiburg-schwarzwald.de\/blog\/wp-json\/wp\/v2\/users\/2"}],"replies":[{"embeddable":true,"href":"https:\/\/www.freiburg-schwarzwald.de\/blog\/wp-json\/wp\/v2\/comments?post=56729"}],"version-history":[{"count":0,"href":"https:\/\/www.freiburg-schwarzwald.de\/blog\/wp-json\/wp\/v2\/posts\/56729\/revisions"}],"wp:attachment":[{"href":"https:\/\/www.freiburg-schwarzwald.de\/blog\/wp-json\/wp\/v2\/media?parent=56729"}],"wp:term":[{"taxonomy":"category","embeddable":true,"href":"https:\/\/www.freiburg-schwarzwald.de\/blog\/wp-json\/wp\/v2\/categories?post=56729"},{"taxonomy":"post_tag","embeddable":true,"href":"https:\/\/www.freiburg-schwarzwald.de\/blog\/wp-json\/wp\/v2\/tags?post=56729"}],"curies":[{"name":"wp","href":"https:\/\/api.w.org\/{rel}","templated":true}]}}