{"id":56687,"date":"2015-10-01T14:43:46","date_gmt":"2015-10-01T12:43:46","guid":{"rendered":"https:\/\/www.freiburg-schwarzwald.de\/blog\/?p=56687"},"modified":"2015-10-05T15:44:23","modified_gmt":"2015-10-05T13:44:23","slug":"botho-strauss-in-1993-und-2015","status":"publish","type":"post","link":"https:\/\/www.freiburg-schwarzwald.de\/blog\/botho-strauss-in-1993-und-2015\/","title":{"rendered":"Botho Strauss in 1993 und 2015"},"content":{"rendered":"<p>Angesichts der <a title=\"Asyl\" href=\"https:\/\/www.freiburg-schwarzwald.de\/blog\/global\/integration\/asyl\/\">Asylanten-Proteste<\/a> 1993 beklagte Botho Strau\u00df im ber\u00fchmten Essay &#8222;Anschwellender Bocksgesang&#8220; den Verlust des <a title=\"Demokratie\" href=\"https:\/\/www.freiburg-schwarzwald.de\/blog\/engagement\/zukunft\/demokratie\/\">Deutschen<\/a> &#8211; und bekam die <a title=\"Nazi-Keule Islamophobie-Keule\" href=\"https:\/\/www.freiburg-schwarzwald.de\/blog\/nazi-keule-islamophobie-keule\/\">Nazi-Keule<\/a> zu sp\u00fcren. 22 Jahre sp\u00e4ter schreibt Strau\u00df (70) in &#8222;Der letzte Deutsche&#8220; resigniert: &#8222;Uns wird die <a title=\"Leitkultur\" href=\"https:\/\/www.freiburg-schwarzwald.de\/blog\/kultur\/leitkultur\/\">Souver\u00e4nit\u00e4t<\/a> geraubt, dagegen zu sein. &#8230; Die Sorge ist, da\u00df die Flutung des Landes mit <a title=\"Fluechtlinge\" href=\"https:\/\/www.freiburg-schwarzwald.de\/blog\/global\/integration\/fluechtlinge\/\">Fremden<\/a> eine Mehrzahl solcher bringt, die ihr Fremdsein auf Dauer bewahren und besch\u00fctzen.&#8220;<!--more--> Dem schaue die Politik unt\u00e4tig zu, da sie haupts\u00e4chlich mit der &#8222;Causa Schwulenehe&#8220; besch\u00e4ftigt sei. In islamischen L\u00e4ndern wie <a title=\"Iran\" href=\"https:\/\/www.freiburg-schwarzwald.de\/blog\/global\/iran\/\">Iran<\/a> geben wenige Gelehrte den Massen Weisung, bei uns &#8222;bestimmen Massen und Medien das Niveau der politischen Repr\u00e4sentanten, die allesamt Ungelehrte in jeder Richtung sind.&#8220; Selbst die linkskritischen Intellektuellen bieten keinen Geistesfunken mehr &#8211; im Gegenteil, ihre f\u00fchrenden K\u00f6pfe wie Piketty, Stiglitz und Krugman &#8222;betreiben unter linkem Vorzeichen eine n\u00e4chste Hegemonie der \u00d6konomie, nun der angeblich sozialvertr\u00e4glichen&#8220;.<br \/>\nEs klingt bitter, wenn Botho Strau\u00df aus der Bef\u00fcrchtung, dass <a title=\"Integration\" href=\"https:\/\/www.freiburg-schwarzwald.de\/blog\/global\/integration\/\">Integration<\/a> gro\u00dfenteils scheitern werde, res\u00fcmiert: &#8222;Ich m\u00f6chte lieber in einem aussterbenden Volk leben als in einem, das aus vorwiegend \u00f6konomisch-demografischen Spekulationen mit fremden V\u00f6lkern aufgemischt, verj\u00fcngt wird&#8220;.<br \/>\nKaum ein Text in der Publizistik des wiedervereinten Deutschlands wurde so hei\u00df diskutiert der von Botho Strau\u00df in 1993 &#8211; man darf gespannt sein, ob die Strau\u00df&#8217;sche Glosse von 2015 die gleiche Resonanz erf\u00e4hrt.<br \/>\n2.10.2015<\/p>\n<p><em>&#8222;Der letzte Deutsche&#8220; &#8211; Eine Glosse von Botho Strau\u00df, in DER SPIEGEL vom 2.10.2015, S. 122-124<\/em><\/p>\n","protected":false},"excerpt":{"rendered":"<p>Angesichts der Asylanten-Proteste 1993 beklagte Botho Strau\u00df im ber\u00fchmten Essay &#8222;Anschwellender Bocksgesang&#8220; den Verlust des Deutschen &#8211; und bekam die Nazi-Keule zu sp\u00fcren. 22 Jahre sp\u00e4ter schreibt Strau\u00df (70) in &#8222;Der letzte Deutsche&#8220; resigniert: &#8222;Uns wird die Souver\u00e4nit\u00e4t geraubt, dagegen &hellip; <a href=\"https:\/\/www.freiburg-schwarzwald.de\/blog\/botho-strauss-in-1993-und-2015\/\">Weiterlesen <span class=\"meta-nav\">&rarr;<\/span><\/a><\/p>\n","protected":false},"author":2,"featured_media":0,"comment_status":"open","ping_status":"closed","sticky":false,"template":"","format":"standard","meta":{"footnotes":""},"categories":[96,13,172],"tags":[633,485,421,525,631],"class_list":["post-56687","post","type-post","status-publish","format-standard","hentry","category-dichter","category-kultur","category-zukunft","tag-demokratie","tag-refugee","tag-islam","tag-politik","tag-staat"],"_links":{"self":[{"href":"https:\/\/www.freiburg-schwarzwald.de\/blog\/wp-json\/wp\/v2\/posts\/56687","targetHints":{"allow":["GET"]}}],"collection":[{"href":"https:\/\/www.freiburg-schwarzwald.de\/blog\/wp-json\/wp\/v2\/posts"}],"about":[{"href":"https:\/\/www.freiburg-schwarzwald.de\/blog\/wp-json\/wp\/v2\/types\/post"}],"author":[{"embeddable":true,"href":"https:\/\/www.freiburg-schwarzwald.de\/blog\/wp-json\/wp\/v2\/users\/2"}],"replies":[{"embeddable":true,"href":"https:\/\/www.freiburg-schwarzwald.de\/blog\/wp-json\/wp\/v2\/comments?post=56687"}],"version-history":[{"count":0,"href":"https:\/\/www.freiburg-schwarzwald.de\/blog\/wp-json\/wp\/v2\/posts\/56687\/revisions"}],"wp:attachment":[{"href":"https:\/\/www.freiburg-schwarzwald.de\/blog\/wp-json\/wp\/v2\/media?parent=56687"}],"wp:term":[{"taxonomy":"category","embeddable":true,"href":"https:\/\/www.freiburg-schwarzwald.de\/blog\/wp-json\/wp\/v2\/categories?post=56687"},{"taxonomy":"post_tag","embeddable":true,"href":"https:\/\/www.freiburg-schwarzwald.de\/blog\/wp-json\/wp\/v2\/tags?post=56687"}],"curies":[{"name":"wp","href":"https:\/\/api.w.org\/{rel}","templated":true}]}}