{"id":56392,"date":"2015-09-08T14:37:35","date_gmt":"2015-09-08T12:37:35","guid":{"rendered":"https:\/\/www.freiburg-schwarzwald.de\/blog\/?p=56392"},"modified":"2015-09-08T14:37:35","modified_gmt":"2015-09-08T12:37:35","slug":"baden-messe-freiburg-12-20sep","status":"publish","type":"post","link":"https:\/\/www.freiburg-schwarzwald.de\/blog\/baden-messe-freiburg-12-20sep\/","title":{"rendered":"Baden Messe Freiburg 12-20Sep"},"content":{"rendered":"<p align=\"LEFT\"><a title=\"Messe\" href=\"https:\/\/www.freiburg-schwarzwald.de\/blog\/business\/markt\/messe\/\">Baden Messe<\/a>\u00a0\u00a02015 mit Strasse der <a title=\"Museum\" href=\"https:\/\/www.freiburg-schwarzwald.de\/blog\/kultur\/museum\/\">Museen<\/a> und Human Footprint.\u00a0Wer vom 12. \u00a0bis 20. 9.2015 die Baden Messe besucht, dem wird nicht nur viel bei der\u00a020. Badischen <a title=\"Landwirt\" href=\"https:\/\/www.freiburg-schwarzwald.de\/blog\/natur\/landwirt\/\">Landwirtschaftsausstellung<\/a> geboten. Dort locken unter dem Motto\u00a0\u201eSehen, <a title=\"Ernaehrung\" href=\"https:\/\/www.freiburg-schwarzwald.de\/blog\/natur\/ernaehrung\/\">schmecken<\/a> und erleben\u201c bl\u00fchende <a title=\"Gaertnerei\" href=\"https:\/\/www.freiburg-schwarzwald.de\/blog\/natur\/landwirt\/gaertnerei\/\">Schaubeete<\/a>, zahlreiche <a title=\"Tiere\" href=\"https:\/\/www.freiburg-schwarzwald.de\/blog\/natur\/tiere\/\">Nutztiere<\/a> zu den Ausstellungen in die Rothaus-Arena und ins gro\u00dfe Tierzelt.<!--more--><\/p>\n<p align=\"LEFT\">Neben den beliebten Sonderschauen wie \u201eGesund &amp; Vital\u201c, \u201eNat\u00fcrlich Regional\u201c und der FREI-CYCLE Designmesse (ab 2016 in einer eigenen Design-Messe zu sehen) wird es dieses Jahr eine neue Besonderheit geben: Das \u201eM\u00e4nnerparadies\u201c.\u00a0U.a. mit dem neuen Trendsport Bubble Soccer, der aus Skandinavien kommt und nun auch Deutschland erobert. Er zeichnet sich dadurch aus, dass die Spieler von durchsichtigen gro\u00dfen B\u00e4llen, sogenannten &#8222;Bumperz&#8220;, umh\u00fcllt sind.<br \/>\n<span lang=\"de-AT\">Erstmalig ist die Ausstellung<\/span><span lang=\"de-AT\"> Human Footprint i<\/span><span lang=\"de-AT\">n der Halle 2 zu sehen. Diese faszinierende Ausstellung erm\u00f6glicht anhand von 50 gro\u00dfformatigen und brillanten Satellitenbildern spektakul\u00e4re Blicke auf die Erde und zeigt, wie drastisch wir Menschen unsere nat\u00fcrliche Umwelt ver\u00e4ndern. Die Ausstellungsmacher des Salzburger Satellitenbildunternehmens eoVision entf\u00fchren auf eine Weltreise, die neben bekannten Schaupl\u00e4tzen wie Venedig oder New York auch viele deutlich weniger beachtete Orte zum Ziel hat. Die Satellitenbilder der Ausstellung zeigen die Sch\u00f6nheit, aber auch die Verwundbarkeit unserer Erde. Die gro\u00dfformatigen Kunstdrucke besch\u00e4ftigen sich mit so unterschiedlichen Themen wie extremen Siedlungsformen, Bergbau, Landwirtschaft, Verkehr oder Energie.<\/span><\/p>\n<p>Die bunte Vielfalt der regionalen Museumslandschaft auf einem Fleck, pr\u00e4sentiert die \u201eStra\u00dfe der Museen\u201c ebenfalls in der Halle 2 &#8211; ein weiteres Highlight der &#8222;Nat\u00fcrlich Regional&#8220;. Teilnehmende Museen und Institutionen laden mit Informationen, Aktionen und Geschichten zum Flanieren ein. Dieses Jahr pr\u00e4sentieren sich unter anderem 11 Museen aus dem Elsass auf einem Gemeinschaftsstand: Das Motorradmuseum &#8222;La Grange \u00e0 B\u00e9canes&#8220;, ein Automobilmuseum, ein Eisenbahnmuseum, das Electropolis Elektrizit\u00e4t Museum, ein Stoffdruckmuseum, ein Tapetenmuseum, ein historisches Museum, ein Museum f\u00fcr bildende Kunst, La Kunsthalle Mulhouse &#8211; Centre d&#8217;art contemporain, das Parc de Wesserling Textilmuseum und das Freilichtmuseum &#8222;\u00c9comus\u00e9e d\u2019Alsace&#8220;.<br \/>\nRund 500 Aussteller verwandeln auf einer Ausstellungsfl\u00e4che von rund 45.000 qm das Messegel\u00e4nde in das gr\u00f6\u00dfte Schaufenster der Wirtschaft S\u00fcdbadens. Erwartet werden rund 80.000 Besucher, vor allem Familien, f\u00fcr die der Veranstalter von 10 bis 18 Uhr eine professionelle, kostenlose Kinderbetreuung bereitstellt.<br \/>\n8.9.2015, Hans-E. Homlicher<br \/>\n<a href=\"https:\/\/www.baden-messe.de\">www.baden-messe.de<\/a><\/p>\n","protected":false},"excerpt":{"rendered":"<p>Baden Messe\u00a0\u00a02015 mit Strasse der Museen und Human Footprint.\u00a0Wer vom 12. \u00a0bis 20. 9.2015 die Baden Messe besucht, dem wird nicht nur viel bei der\u00a020. Badischen Landwirtschaftsausstellung geboten. Dort locken unter dem Motto\u00a0\u201eSehen, schmecken und erleben\u201c bl\u00fchende Schaubeete, zahlreiche Nutztiere &hellip; <a href=\"https:\/\/www.freiburg-schwarzwald.de\/blog\/baden-messe-freiburg-12-20sep\/\">Weiterlesen <span class=\"meta-nav\">&rarr;<\/span><\/a><\/p>\n","protected":false},"author":2,"featured_media":0,"comment_status":"open","ping_status":"closed","sticky":false,"template":"","format":"standard","meta":{"footnotes":""},"categories":[4,154,427,11,6],"tags":[397,277,559,539,496,391,739,505],"class_list":["post-56392","post","type-post","status-publish","format-standard","hentry","category-branchen","category-ernaehrung","category-markt","category-regio","category-vereine","tag-ausstellung","tag-bauer","tag-business","tag-bw","tag-dreiland","tag-freizeit","tag-markt","tag-messen"],"_links":{"self":[{"href":"https:\/\/www.freiburg-schwarzwald.de\/blog\/wp-json\/wp\/v2\/posts\/56392","targetHints":{"allow":["GET"]}}],"collection":[{"href":"https:\/\/www.freiburg-schwarzwald.de\/blog\/wp-json\/wp\/v2\/posts"}],"about":[{"href":"https:\/\/www.freiburg-schwarzwald.de\/blog\/wp-json\/wp\/v2\/types\/post"}],"author":[{"embeddable":true,"href":"https:\/\/www.freiburg-schwarzwald.de\/blog\/wp-json\/wp\/v2\/users\/2"}],"replies":[{"embeddable":true,"href":"https:\/\/www.freiburg-schwarzwald.de\/blog\/wp-json\/wp\/v2\/comments?post=56392"}],"version-history":[{"count":0,"href":"https:\/\/www.freiburg-schwarzwald.de\/blog\/wp-json\/wp\/v2\/posts\/56392\/revisions"}],"wp:attachment":[{"href":"https:\/\/www.freiburg-schwarzwald.de\/blog\/wp-json\/wp\/v2\/media?parent=56392"}],"wp:term":[{"taxonomy":"category","embeddable":true,"href":"https:\/\/www.freiburg-schwarzwald.de\/blog\/wp-json\/wp\/v2\/categories?post=56392"},{"taxonomy":"post_tag","embeddable":true,"href":"https:\/\/www.freiburg-schwarzwald.de\/blog\/wp-json\/wp\/v2\/tags?post=56392"}],"curies":[{"name":"wp","href":"https:\/\/api.w.org\/{rel}","templated":true}]}}