{"id":56167,"date":"2015-08-29T21:24:58","date_gmt":"2015-08-29T19:24:58","guid":{"rendered":"https:\/\/www.freiburg-schwarzwald.de\/blog\/?p=56167"},"modified":"2015-10-27T16:38:47","modified_gmt":"2015-10-27T15:38:47","slug":"liebe-selbsthass-und-angst-in-d","status":"publish","type":"post","link":"https:\/\/www.freiburg-schwarzwald.de\/blog\/liebe-selbsthass-und-angst-in-d\/","title":{"rendered":"Liebe Selbsthass und Angst in D"},"content":{"rendered":"<p><a title=\"Leitkultur\" href=\"https:\/\/www.freiburg-schwarzwald.de\/blog\/kultur\/leitkultur\/\">Deutschland<\/a> geh\u00f6rt zu den beliebtesten L\u00e4ndern <a title=\"Globalisierung\" href=\"https:\/\/www.freiburg-schwarzwald.de\/blog\/global\/globalisierung\/\">weltweit<\/a> bei <a title=\"Medien\" href=\"https:\/\/www.freiburg-schwarzwald.de\/blog\/kultur\/medien\/\">Umfragen<\/a> und Rankings: <a title=\"Tourismus\" href=\"https:\/\/www.freiburg-schwarzwald.de\/blog\/tourismus\/\">Tourismus<\/a>, &#8222;normale&#8220; <a title=\"EU\" href=\"https:\/\/www.freiburg-schwarzwald.de\/blog\/global\/eu\/\">EU-B\u00fcrger<\/a>, Investoren, Business, Wohlfahrt, <a title=\"Fluechtlinge\" href=\"https:\/\/www.freiburg-schwarzwald.de\/blog\/global\/integration\/fluechtlinge\/\">Fl\u00fcchtlinge<\/a>, &#8230; alle wollen zu uns. Woran liegt&#8217;s &#8211; an \u00fcppigen Sozial-Transfers, Kultur, Rechtssicherheit, gefestigter <a title=\"Demokratie\" href=\"https:\/\/www.freiburg-schwarzwald.de\/blog\/engagement\/zukunft\/demokratie\/\">Demokratie<\/a>? Eigentlich k\u00f6nnen wir stolz sein auf all die positiven Umfragen. Nicht wegen &#8222;am deutschen Wesen soll die Welt genesen&#8220;, <!--more-->sondern einfach, weil es besser ist, bei Rankings ganz oben als tief unten zu stehen.<br \/>\n.<br \/>\n<strong>Selbsthass:<\/strong> Alle lieben uns, aber gleichzeitig pflegen wir den deutschen <a title=\"Selbsthass\" href=\"https:\/\/www.freiburg-schwarzwald.de\/blog\/engagement\/zukunft\/selbsthass\/\">Selbsthass<\/a> unbeirrt aller Export\u00fcbersch\u00fcsse und Fl\u00fcchtlingswellen weiter. Einen Selbsthass, der danach trachtet, unseren Sozial- und Rechtstaat zu zerst\u00f6ren und dessen Leits\u00e4tze wie (1) &#8222;Niemand ist illegal&#8220;, (2) &#8222;Es gibt keine Alternative&#8220; und (3) &#8222;Grundgesetz nicht \u00e4nderbar&#8220; die Politik l\u00e4hmen.<br \/>\n(1) &#8222;Niemand ist illegal&#8220;: Es gibt keinen Wohlfahrtsstaat, der mit offenen Grenzen und unkontrollierter Immigration \u00fcberlebt. Deshalb sind Neuseeland, Australien, S\u00fcdostasien, Kanada, USA, GBR und Schweiz &#8222;Kompetenzfestungen&#8220; (<a title=\"Youth-Bulges\" href=\"https:\/\/www.freiburg-schwarzwald.de\/blog\/engagement\/zukunft\/krieg\/youth-bulges\/\">Gunnar Heinsohn<\/a>). Wir aber hei\u00dfen alle Migranten als Legale willkommen, bis Sozialstaat und kultureller Konsens zusammenbrechen.<br \/>\n.<br \/>\n(2) &#8222;Es gibt keine Alternative&#8220; &#8211; nicht zu Euro-Transferunion, NSA-Bespitzelung und TTIP-Handelsdiktat. In der Demokratie gibt es zu jedem Problem einen Ausweg, der zumeist im lange und m\u00fchsam ausgehandelten Kompromi\u00df besteht. Die von der Regierung verordnete Alternativlosigkeit kommt einem Denkverbot gleich, das vom Keulen-Schwingen begleitet wird: <a title=\"Nazi-Keule Islamophobie-Keule\" href=\"https:\/\/www.freiburg-schwarzwald.de\/blog\/nazi-keule-islamophobie-keule\/\">Nazi-Keule<\/a>, Antisemitismus-Keule, Islamophobie-Keule, Fremdenfeind-Keule, &#8230;<br \/>\n.<br \/>\n(3) &#8222;Grundgesetz nicht \u00e4nderbar&#8220;: Bei diesem Leitsatz denkt man sofort an den Koran, der als Gottes Wort ja ebenfalls unab\u00e4nderbar gilt. Dabei bietet unser gutes 70 Jahre altes Grundgesetz einiges, das nur aus der damaligen Zeit des Zusammenbruchs nach dem 2. Weltkrieg erkl\u00e4rbar ist. Ein Beispiel: Der heutige Zustrom von Muslimen war 1947 nicht vorhersehbar und l\u00e4\u00dft sich nur durch die strikte <a title=\"Kirche-Staat\" href=\"https:\/\/www.freiburg-schwarzwald.de\/blog\/religion\/kirche-staat\/\">Trennung von Kirche und Staat<\/a> (Laizismus) bew\u00e4ltigen, f\u00fcr deren Einf\u00fchrung jedoch eine \u00c4nderung des Grundgesetzes (und die Zustimmung der Kirchen auf Machtverlust) erforderlich ist. Warum? Die beiden christlichen Kirchen wurden per Grundgesetz privilegiert, da ja nur sie unsere ethischen Werte liefern und aufrechterhalten, nicht aber Aufkl\u00e4rung, S\u00e4kularisierung und Menschenrechte. Die Muslime werden die gleichen Rechte und Privilege per Gericht einklagen wie die Protestanten und Katholiken. Dann werden an Schulen staatlich finanzierte <a title=\"Religionsunterricht\" href=\"https:\/\/www.freiburg-schwarzwald.de\/blog\/religion\/religionsunterricht\/\">Religionsunterrichte<\/a> f\u00fcr Islam-Sunniten, Islam-Schiiten, Islam-Aleviten, Islam-Jediden, Islam-Ayamediyya usw. eingef\u00fchrt werden (DEN einen Islam gibt es schlie\u00dflich nicht). In einem laizistischen Deutschland hingegen werden Staat und Religion getrennt: An \u00f6ffentlichen Schulen gibt es ein f\u00fcr alle Kinder verpflichtendes Unterichtsfach Staatsb\u00fcrgerkunde mit den zwei Teilen Religionskunde (Info \u00fcber alle Glaubensrichtungen) und Ethik (Werteunterricht, Menschenrechte, Frauenrechte, Kinderrechte). Religion ist Privatsache des B\u00fcrgers und wird &#8211; wie in Frankreich &#8211; durch die Glaubensgemeinschaften ausserhalb der \u00f6ffentlichen Schule vermittelt in Kirchen, Synagogen,\u00a0Moscheen bzw. Gebetsh\u00e4usern.<\/p>\n<p><strong>Angst:<\/strong> Deutschland ist Exportweltmeister (Ausfuhr von Waren) und Importweltmeister (Einfuhr von Urlaubsreisen als Dienstleistungen). Doch in der globalisierten Welt gehen nicht nur Waren und Dienstleitungen um den Erdball, sondern auch Information per Internet. Heute kann jeder im afrikanischen Dorf, libanesischen Fl\u00fcchtlingslager bzw. ukrainischen Kriegsgebiet auf seinem Smartphone mit ein paar Klicks sehen, wie gut und in Frieden wir in Europa und ganz besonders in Deutschland leben. Soziale Netzwerke, Internetforen und auch das Asyl-Video des BAMF zu unserer Willkommenskultur best\u00e4rken dies und bringen immer mehr Menschen dazu, nach Deutschland zu fl\u00fcchten: 800.000 Migranten in 2015, 1 Million in 2016, 1.3 Millionen in 2017, &#8230;.. \u00dcber 60.000 Euro kostet ein <a title=\"UMF\" href=\"https:\/\/www.freiburg-schwarzwald.de\/blog\/global\/integration\/umf\/\">UMF<\/a> pro Jahr, also 600.000.000 Euro f\u00fcr 10.000 UMFs &#8211; und es werden noch viel mehr UMFs aus Afrika kommen. Solche ehrlichen \u00a0Zahlen bereiten Unbehagen und machen Angst. Und die Angst wird verst\u00e4rkt durch die gutmenschlichen Politiker, die die B\u00fcrger fast gen\u00fc\u00dflich als Ausl\u00e4nderfeinde, rechte Rassisten und Pack hinstellen. Gerade letzteres ist bezeichnend: Sigmar Gabriel hat mit Pack die rechtsextremen NPD-Dumpfbacken gemeint, zu Recht; doch nun f\u00fchlen sich zunehmend auch ganz normale, ver\u00e4ngstigte B\u00fcrger davon angesprochen und zeigen sich mit &#8222;Wir sind das Pack&#8220;-Schildern auf Demos.<\/p>\n<p><strong>Was mu\u00df passieren?<\/strong><br \/>\na) Unsere seit 70 Jahren bew\u00e4hrten Gepflogenheiten als deutsche Leitkultur anerkennen. Nur wenn wir zu unseren Werten stehen, k\u00f6nnen wir Migranten auch zu diesen verpflichten.<br \/>\nb) Aktive Politik: Ein Zuwanderungsgesetz verabschieden und EU-weit durchsetzen, um das Asylrecht zu verteidigen und die Arbeitsmigration zu steuern: EU-Binnengrenzen offen, Aussengrenzen zu bzw. kontrolliert.<br \/>\nc) Selbsthass unterbinden: Die gutmenschlichen Selbsthasser und Staatszerst\u00f6rer in Politik, Kirchen, Lobby und Presse von einer Vaterlandsliebe \u00fcberzeugen, die Zuversicht verbreitet, und von einem demokratischen Staat, der einmalig gut weltweit ist. Bernd Ulrich in &#8222;Die Krisen reiten&#8220; in DIE ZEIT, 27.8.2015, S. 3: &#8222;Wenn es eine Geheimnis f\u00fcr den Erfolg der Deutschen gibt, dann ist es ein ziemlich gut funktionierender Staat. Wenn jemand ein Krisen-Denkmal verdient hat, dann ist es der unbekannte deutsche Beamte. Am maroden, nepotistischen, korrupten und von den B\u00fcrgern gehassten Staat gehen die Griechen zugrunde (gleiches in Nahost und Afrika), wenn sie da nichts \u00e4ndern. Am korrupten Willk\u00fcrstaat wird das chinesische Wachstumsmodell zerschellen, wenn das Regime nicht in Richtung Rechtsstaat umschwenkt.&#8220;<br \/>\nd) Angst abbauen: Sorgen und Angst der sog. einfachen Leute sind kein Zeichen von Dummheit, sondern berechtigt. Das ist weniger Angst vor \u00dcberfremdung, sondern vor Zerst\u00f6rung unseres Wohlfahrtsstaates.<br \/>\nAuf unseren nach 1945 aufgebauten demokratischen Rechtsstaat k\u00f6nnen wird stolz sein, wir sollten ihn &#8211; gerade auch als Einwanderungsland &#8211; lieben und nicht hassen, verteidigen und nicht zerst\u00f6ren.<br \/>\n29.8.2015<br \/>\n.<\/p>\n<p><strong>Der <a title=\"Selbsthass\" href=\"https:\/\/www.freiburg-schwarzwald.de\/blog\/engagement\/zukunft\/selbsthass\/\">Selbsthass<\/a> der Deutschen ist nicht Neues<\/strong><br \/>\nDer Soziologe Max Weber nannte schon 1919 den deutschen Intellektuellen als Gesinnungsethiker, der als \u201eedle Seele\u201c (Siegfried Kohlhammer) jegliche Verantwortung f\u00fcr die eigene \u201ereine und hehre Gesinnung\u201c anderen bzw. dem Staat \u00fcbertr\u00e4gt.<br \/>\n&#8222;Man kann in der aktuellen Situation ein allgemeines Symptom erblicken, das man mit dem Begriff der Dekadenz beschreiben kann. Diese besteht in einer <a title=\"Gutmenschen\" href=\"https:\/\/www.freiburg-schwarzwald.de\/blog\/engagement\/gutmenschen\/\">feindseligen Haltung gegen\u00fcber der eigenen Gesellschaft<\/a> und ihrer politischen Ordnung, bei gleichzeitiger Glorifizierung alles \u201eFremden\u201c, kurz: einem Mangel an Selbstachtung und einem Hass auf das Eigene. Der Selbsthass und die eigene Bu\u00dffertigkeit, die in der Abwertung des Eigenen eine Tugend erblickt, sind so tief in den kulturellen Traditionen unserer protestantisch gepr\u00e4gten Schuldkultur verwurzelt, dass etwa jegliche Kritik an der selbstzerst\u00f6rerischen Asylpolitik als moralisches Versagen und herzlose Haltung erscheint. Europa, der geografische und politische Raum, in dem die Menschenrechte erfunden wurden, wird so wahrscheinlich an der strikten Einhaltung seiner humanistischen Grunds\u00e4tze zugrunde gehen.&#8220;<br \/>\nAlexander Meschnig, Der westliche Selbsthass, 4.8.2015 auf <a href=\"https:\/\/www.achgut.com\/dadgdx\/index.php\/dadgd\/article\/der_westliche_selbsthass\">https:\/\/www.achgut.com\/dadgdx\/index.php\/dadgd\/article\/der_westliche_selbsthass<\/a><\/p>\n","protected":false},"excerpt":{"rendered":"<p>Deutschland geh\u00f6rt zu den beliebtesten L\u00e4ndern weltweit bei Umfragen und Rankings: Tourismus, &#8222;normale&#8220; EU-B\u00fcrger, Investoren, Business, Wohlfahrt, Fl\u00fcchtlinge, &#8230; alle wollen zu uns. Woran liegt&#8217;s &#8211; an \u00fcppigen Sozial-Transfers, Kultur, Rechtssicherheit, gefestigter Demokratie? Eigentlich k\u00f6nnen wir stolz sein auf all &hellip; <a href=\"https:\/\/www.freiburg-schwarzwald.de\/blog\/liebe-selbsthass-und-angst-in-d\/\">Weiterlesen <span class=\"meta-nav\">&rarr;<\/span><\/a><\/p>\n","protected":false},"author":2,"featured_media":0,"comment_status":"open","ping_status":"closed","sticky":false,"template":"","format":"standard","meta":{"footnotes":""},"categories":[195,172],"tags":[26,489,622,525],"class_list":["post-56167","post","type-post","status-publish","format-standard","hentry","category-eu","category-zukunft","tag-deutsch","tag-european-union","tag-migration","tag-politik"],"_links":{"self":[{"href":"https:\/\/www.freiburg-schwarzwald.de\/blog\/wp-json\/wp\/v2\/posts\/56167","targetHints":{"allow":["GET"]}}],"collection":[{"href":"https:\/\/www.freiburg-schwarzwald.de\/blog\/wp-json\/wp\/v2\/posts"}],"about":[{"href":"https:\/\/www.freiburg-schwarzwald.de\/blog\/wp-json\/wp\/v2\/types\/post"}],"author":[{"embeddable":true,"href":"https:\/\/www.freiburg-schwarzwald.de\/blog\/wp-json\/wp\/v2\/users\/2"}],"replies":[{"embeddable":true,"href":"https:\/\/www.freiburg-schwarzwald.de\/blog\/wp-json\/wp\/v2\/comments?post=56167"}],"version-history":[{"count":0,"href":"https:\/\/www.freiburg-schwarzwald.de\/blog\/wp-json\/wp\/v2\/posts\/56167\/revisions"}],"wp:attachment":[{"href":"https:\/\/www.freiburg-schwarzwald.de\/blog\/wp-json\/wp\/v2\/media?parent=56167"}],"wp:term":[{"taxonomy":"category","embeddable":true,"href":"https:\/\/www.freiburg-schwarzwald.de\/blog\/wp-json\/wp\/v2\/categories?post=56167"},{"taxonomy":"post_tag","embeddable":true,"href":"https:\/\/www.freiburg-schwarzwald.de\/blog\/wp-json\/wp\/v2\/tags?post=56167"}],"curies":[{"name":"wp","href":"https:\/\/api.w.org\/{rel}","templated":true}]}}