{"id":56157,"date":"2015-08-24T18:39:03","date_gmt":"2015-08-24T16:39:03","guid":{"rendered":"https:\/\/www.freiburg-schwarzwald.de\/blog\/?p=56157"},"modified":"2015-08-28T15:01:45","modified_gmt":"2015-08-28T13:01:45","slug":"schwarzwald-sex-werbung","status":"publish","type":"post","link":"https:\/\/www.freiburg-schwarzwald.de\/blog\/schwarzwald-sex-werbung\/","title":{"rendered":"Schwarzwald Sex-Werbung"},"content":{"rendered":"<p><a title=\"aufschrei Feminismus Sexismus\" href=\"https:\/\/www.freiburg-schwarzwald.de\/blog\/aufschrei-feminismus-sexismus\/\">Sex sells<\/a> &#8211; in Handel, Kaufhaus, Einkaufsmeile, Flugplatz-DutyFree, Gro\u00dftadt, Internet, &#8230; warum nur nicht im <a title=\"Hochschwarzwald\" href=\"https:\/\/www.freiburg-schwarzwald.de\/blog\/regio\/hochschwarzwald\/\">Schwarzwald<\/a>. Weil dort die <a title=\"Berge\" href=\"https:\/\/www.freiburg-schwarzwald.de\/blog\/regio\/berge\/\">Berge<\/a> steil und die Seen tief sind, die Wiesen feucht, die T\u00e4ler sich spreizen, die Nebel steigen? Weil die Natur die Vorlage f\u00fcr frivole Interpretationen liefert? <a title=\"Werbung\" href=\"https:\/\/www.freiburg-schwarzwald.de\/blog\/business\/dienste\/werbung\/\">M\u00e4nnerparkpl\u00e4tze<\/a> r\u00fcckw\u00e4rts befahrbar in Schonach 2012, das <a title=\"Tourismus\" href=\"https:\/\/www.freiburg-schwarzwald.de\/blog\/tourismus\/\">Tourismus<\/a>&#8211;<a title=\"Werbung\" href=\"https:\/\/www.freiburg-schwarzwald.de\/blog\/business\/dienste\/werbung\/\">Werbemotiv<\/a> &#8222;Gro\u00dfe Berge, feuchte T\u00e4ler &amp; jede Menge Wald&#8220; , <!--more-->mit der Silhouette einer Frau 2014 und nun &#8222;Steile Berge &#8211; feuchte T\u00e4ler&#8220; mit einer Liegenden in Triberg 2015. Viel Aufregung, Entr\u00fcstung und noch mehr Aufmerksamkeit &#8211; das freut die Werbung.<\/p>\n<p>Schauen Sie sich dieses Bild vom Feldberg an, dem H\u00f6chsten &#8211;\u00a0mal ganz ehrlich: Gibts da nicht zu viele Frivolit\u00e4ten zu entdecken, besonders unterhalb des Feldbergs, und dazu noch <a title=\"Homosexualitaet\" href=\"https:\/\/www.freiburg-schwarzwald.de\/blog\/selbsthilfe\/soziales\/homosexualitaet\/\">QUEER<\/a>?<\/p>\n<div id=\"attachment_42460\" style=\"width: 649px\" class=\"wp-caption alignnone\"><a href=\"https:\/\/www.freiburg-schwarzwald.de\/blog\/regio\/berge\/lindenberg\/lindenberg16nebel-dreisamtal-pan131212\/\" rel=\"attachment wp-att-42460\"><img loading=\"lazy\" decoding=\"async\" aria-describedby=\"caption-attachment-42460\" class=\"size-full wp-image-42460\" src=\"https:\/\/www.freiburg-schwarzwald.de\/blog\/wp-content\/uploads\/2012\/10\/lindenberg16nebel-dreisamtal-pan131212.jpg\" alt=\"Blick vom Lindenberg nach S\u00fcden \u00fcbers Nebelmeer des Dreisamtals zum Feldberg (oben links) am 12.12.2013\" width=\"639\" height=\"256\" srcset=\"https:\/\/www.freiburg-schwarzwald.de\/blog\/wp-content\/uploads\/2012\/10\/lindenberg16nebel-dreisamtal-pan131212.jpg 639w, https:\/\/www.freiburg-schwarzwald.de\/blog\/wp-content\/uploads\/2012\/10\/lindenberg16nebel-dreisamtal-pan131212-180x72.jpg 180w\" sizes=\"auto, (max-width: 639px) 100vw, 639px\" \/><\/a><p id=\"caption-attachment-42460\" class=\"wp-caption-text\">Blick vom Lindenberg nach S\u00fcden \u00fcbers Nebelmeer des Dreisamtals zum Feldberg (oben links) am 12.12.2013<\/p><\/div>\n<p><strong>M\u00e4nner parken besser und gerne r\u00fcckw\u00e4rts ein<\/strong><br \/>\nVor drei Jahren wies B\u00fcrgermeister Strobel &#8222;Deutschlands erste M\u00e4nnerparkpl\u00e4tze&#8220; in dem Parkhaus aus. &#8222;Die Stellpl\u00e4tze sind sehr schwer zu befahren, da kommt man eigentlich nur r\u00fcckw\u00e4rts rein&#8220;, sagt Strobel. &#8222;Da haben wir die Idee gehabt, daraus welche f\u00fcr M\u00e4nner zu machen.&#8220; Nun prangt hier das frivole Bild der Frau. Den Frauen- und Gleichstellungsbeauftragten in Baden-W\u00fcrttemberg st\u00f6\u00dft es sauer auf. &#8222;Diese Art der sexistischen Werbung, die den nackten K\u00f6rper einer Frau als Blickfang nutzt und die sexuelle Verf\u00fcgbarkeit von Frauen allgemein suggeriert, ist frauen- und menschenverachtend&#8220;, teilten sie am Freitag mit. Aber Strobel will das Bild auf keinen Fall entfernen: &#8222;Es geht um die Freiheit der Kunst, die provozieren darf und soll.&#8220; &#8230;.<br \/>\nAlles vom 15.8.2015<br \/>\n<a href=\"https:\/\/www.badische-zeitung.de\/wieder-ein-sexismus-patzer-in-schwarzwaelder-werbung\">https:\/\/www.badische-zeitung.de\/wieder-ein-sexismus-patzer-in-schwarzwaelder-werbung<\/a><br \/>\n<a href=\"https:\/\/www.swp.de\/ulm\/nachrichten\/suedwestumschau\/Werbung-auf-Kosten-der-Frauen;art4319,3382861\">https:\/\/www.swp.de\/ulm\/nachrichten\/suedwestumschau\/Werbung-auf-Kosten-der-Frauen;art4319,3382861<br \/>\n<\/a>\u00a0 \u00a0.<br \/>\nWem&#8217;s gef\u00e4llt! Schlimm fand ich schon vor drei Jahren diesen Kommentar: Vor drei Jahren wies B\u00fcrgermeister Strobel &#8222;Deutschlands erste M\u00e4nnerparkpl\u00e4tze&#8220; in dem Parkhaus aus. &#8222;Die Stellpl\u00e4tze sind sehr schwer zu befahren, da kommt man eigentlich nur r\u00fcckw\u00e4rts rein&#8220;, sagt Strobel. &#8222;Da haben wir die Idee gehabt, daraus welche f\u00fcr M\u00e4nner zu machen.&#8220; Hallo &#8211; ICH bin FRAU und kann grandios Einparken &#8211; dieser sexistische Hinweis des BGM von Triberg ist mir pers\u00f6nlich mehr aufgestossen, als das krumme Bild!<br \/>\n15.8.2015, Doris Sommer<\/p>\n<p>Als Reaktion auf die teils harsche Kritik hat der K\u00fcnstler Werner Oppelt das Bild nun \u00fcbermalt. Aus dem Frauenakt ist eine Gebirgslandschaft geworden, im Tal zwischen den einstigen Br\u00fcsten und den Beinen liegt jetzt ein See.<\/p>\n<p><a href=\"https:\/\/www.freiburg-schwarzwald.de\/blog\/business\/dienste\/werbung\/triberg-parkplatz150809\/\" rel=\"attachment wp-att-56153\"><img loading=\"lazy\" decoding=\"async\" class=\"alignnone size-thumbnail wp-image-56153\" src=\"https:\/\/www.freiburg-schwarzwald.de\/blog\/wp-content\/uploads\/2013\/06\/triberg-parkplatz150809-180x126.jpg\" alt=\"triberg-parkplatz150809\" width=\"180\" height=\"126\" srcset=\"https:\/\/www.freiburg-schwarzwald.de\/blog\/wp-content\/uploads\/2013\/06\/triberg-parkplatz150809-180x126.jpg 180w, https:\/\/www.freiburg-schwarzwald.de\/blog\/wp-content\/uploads\/2013\/06\/triberg-parkplatz150809.jpg 640w\" sizes=\"auto, (max-width: 180px) 100vw, 180px\" \/><\/a>\u00a0 \u00a0 \u00a0 \u00a0 \u00a0\u00a0<a href=\"https:\/\/www.freiburg-schwarzwald.de\/blog\/business\/dienste\/werbung\/triberg1parkplatz150815\/\" rel=\"attachment wp-att-56154\"><img loading=\"lazy\" decoding=\"async\" class=\"alignnone size-thumbnail wp-image-56154\" src=\"https:\/\/www.freiburg-schwarzwald.de\/blog\/wp-content\/uploads\/2013\/06\/triberg1parkplatz150815-180x116.jpg\" alt=\"triberg1parkplatz150815\" width=\"180\" height=\"116\" srcset=\"https:\/\/www.freiburg-schwarzwald.de\/blog\/wp-content\/uploads\/2013\/06\/triberg1parkplatz150815-180x116.jpg 180w, https:\/\/www.freiburg-schwarzwald.de\/blog\/wp-content\/uploads\/2013\/06\/triberg1parkplatz150815.jpg 461w\" sizes=\"auto, (max-width: 180px) 100vw, 180px\" \/><\/a><br \/>\nTriberg 2015 vor \u00a0&#8230;. \u00a0 \u00a0 \u00a0 \u00a0 \u00a0 \u00a0 \u00a0 \u00a0 \u00a0 \u00a0 \u00a0 \u00a0 \u00a0 \u00a0 \u00a0 \u00a0 \u00a0 \u00a0 &#8230; und nach der Zensur<\/p>\n<p><strong>Pareidolie<\/strong><br \/>\nKlassischer Fall von Pareidolie. Ich sehe immer noch eine Frau. Nur jetzt schrumpeliger <a href=\"https:\/\/de.wikipedia.org\/wiki\/Pareidolie\">https:\/\/de.wikipedia.org\/wiki\/Pareidolie<\/a><br \/>\n18.8.2015, Antonio Margeriti<\/p>\n<p><strong>Der Schultes und seine Alt-M\u00e4nner-Hormone<\/strong><br \/>\nStrobel sei Dank! Im Schwarzwald wird\u2019s hell \u2013 der Gockel kommt (rein intellektuell). Beim Humor im Tourismus setzt er voll und ganz \u2013 auf den m\u00e4nnlichen IQ, und der sitzt im Schwanz! Ob der steht oder schrumpft \u2013 also der IQ! \u2013 h\u00e4ngt genau \u2013 ab von der (gesellschaftlichen) Stellung der Frau. Die kennt der Schultes, kein Zweifel, nicht die Bohne \u2013 da verl\u00e4sst er sich auf seine Alt-M\u00e4nner-Hormone. Der Hahn krei\u00dft und bekr\u00e4ht gackernd sein Werk \u2013 Parkh\u00e4user zu Piep-Shows! Nicht nur in Trieb-Berg.<br \/>\n26.8.2015, Dennis Sch\u00e4licke, Freiburg<br \/>\n.<br \/>\n<strong>Hier k\u00f6nnt Ihrer stehen<\/strong><br \/>\nMan k\u00f6nnte auch auf dem M\u00e4nnerparkplatz in Triberg einen Mann postieren mit dem Slogan &#8222;Hier k\u00f6nnte Ihrer stehen!&#8220; Das w\u00fcrde f\u00fcr Gleichberechtigung sorgen.<br \/>\n26.8.2015, Gisela Eiche, Schopfheim<\/p>\n","protected":false},"excerpt":{"rendered":"<p>Sex sells &#8211; in Handel, Kaufhaus, Einkaufsmeile, Flugplatz-DutyFree, Gro\u00dftadt, Internet, &#8230; warum nur nicht im Schwarzwald. Weil dort die Berge steil und die Seen tief sind, die Wiesen feucht, die T\u00e4ler sich spreizen, die Nebel steigen? Weil die Natur die &hellip; <a href=\"https:\/\/www.freiburg-schwarzwald.de\/blog\/schwarzwald-sex-werbung\/\">Weiterlesen <span class=\"meta-nav\">&rarr;<\/span><\/a><\/p>\n","protected":false},"author":2,"featured_media":0,"comment_status":"open","ping_status":"closed","sticky":false,"template":"","format":"standard","meta":{"footnotes":""},"categories":[355,21],"tags":[559,612,331,571],"class_list":["post-56157","post","type-post","status-publish","format-standard","hentry","category-buergerinitiativen","category-dienste","tag-business","tag-frau","tag-tourist","tag-werbung"],"_links":{"self":[{"href":"https:\/\/www.freiburg-schwarzwald.de\/blog\/wp-json\/wp\/v2\/posts\/56157","targetHints":{"allow":["GET"]}}],"collection":[{"href":"https:\/\/www.freiburg-schwarzwald.de\/blog\/wp-json\/wp\/v2\/posts"}],"about":[{"href":"https:\/\/www.freiburg-schwarzwald.de\/blog\/wp-json\/wp\/v2\/types\/post"}],"author":[{"embeddable":true,"href":"https:\/\/www.freiburg-schwarzwald.de\/blog\/wp-json\/wp\/v2\/users\/2"}],"replies":[{"embeddable":true,"href":"https:\/\/www.freiburg-schwarzwald.de\/blog\/wp-json\/wp\/v2\/comments?post=56157"}],"version-history":[{"count":0,"href":"https:\/\/www.freiburg-schwarzwald.de\/blog\/wp-json\/wp\/v2\/posts\/56157\/revisions"}],"wp:attachment":[{"href":"https:\/\/www.freiburg-schwarzwald.de\/blog\/wp-json\/wp\/v2\/media?parent=56157"}],"wp:term":[{"taxonomy":"category","embeddable":true,"href":"https:\/\/www.freiburg-schwarzwald.de\/blog\/wp-json\/wp\/v2\/categories?post=56157"},{"taxonomy":"post_tag","embeddable":true,"href":"https:\/\/www.freiburg-schwarzwald.de\/blog\/wp-json\/wp\/v2\/tags?post=56157"}],"curies":[{"name":"wp","href":"https:\/\/api.w.org\/{rel}","templated":true}]}}