{"id":55807,"date":"2015-08-04T12:28:31","date_gmt":"2015-08-04T10:28:31","guid":{"rendered":"https:\/\/www.freiburg-schwarzwald.de\/blog\/?p=55807"},"modified":"2015-08-07T15:37:48","modified_gmt":"2015-08-07T13:37:48","slug":"migranten-paten-hilfe-so-what","status":"publish","type":"post","link":"https:\/\/www.freiburg-schwarzwald.de\/blog\/migranten-paten-hilfe-so-what\/","title":{"rendered":"Migranten Paten Hilfe &#8211; So what"},"content":{"rendered":"<p>33 <a title=\"Voelkerwanderung\" href=\"https:\/\/www.freiburg-schwarzwald.de\/blog\/global\/voelkerwanderung\/\">junge Menschen<\/a> mit <a title=\"Fluechtlinge\" href=\"https:\/\/www.freiburg-schwarzwald.de\/blog\/global\/integration\/fluechtlinge\/\">Fluchtschicksa<\/a>l und 15 ehrenamtlich <a title=\"Ehrenamt\" href=\"https:\/\/www.freiburg-schwarzwald.de\/blog\/engagement\/ehrenamt\/\">Engagierte<\/a> aus dem Landkreis BH fanden sich jetzt zu einem Fest im Weihbischof-Gn\u00e4dinger-Haus des Di\u00f6zesan-Caritasverbands Freiburg zusammen. Zu dem Fest eingeladen hatte &#8222;So what&#8220;, ein von der Aktion Mensch gef\u00f6rdertes Patenschaftsprojekt des <a title=\"Caritas\" href=\"https:\/\/www.freiburg-schwarzwald.de\/blog\/religion\/kirchen\/caritas\/\">Caritasverbandes<\/a> f\u00fcr den Landkreis.<!--more--><\/p>\n<p>Diesen repr\u00e4sentierten die aus dem Hochschwarzwald, dem Breisgau, dem Markgr\u00e4flerland und dem Kaiserstuhl angereisten Patinnen und Paten. Vielf\u00e4ltig sind auch die Herkunftsl\u00e4nder der von ihnen begleiteten Fl\u00fcchtlinge: Gambia, Nigeria, Ghana, Eritrea, Pakistan, Syrien und Irak. Ebenso unterschiedlich sind die individuellen Schicksale und die dank der Unterst\u00fctzung der Paten erreichten Ziele der Zuflucht suchenden Menschen, wie jener syrische Rechtsanwalt, der schnell und stetig sein Deutsch verbessert und durch tatkr\u00e4ftige Hilfe seines Paten ab 2016 einen Masterstudiengang aufnehmen wird. Wie der gambische Fl\u00fcchtling, der vor Jahren als unbegleiteter Minderj\u00e4hriger nach Deutschland kam und dank eines tatkr\u00e4ftigen Helferkreises hervorragend Deutsch spricht, sozial sehr gut integriert ist, ein Lehrstellenangebot vorliegen hat und sich ab September auf seinen Hauptschulabschluss vorbereitet.<br \/>\nOder wie die <a title=\"UMF\" href=\"https:\/\/www.freiburg-schwarzwald.de\/blog\/global\/integration\/umf\/\">zwei jungen gambischen Fl\u00fcchtlinge<\/a>, die im September eine Ausbildung beginnen: als Stuckateur bei einem Betrieb in Heitersheim und mit Hilfe der Agentur f\u00fcr Arbeit eine Einstiegsqualifizierung als IT-Systemadministrator.<br \/>\nF\u00fcr ein solidarisches Miteinander und eine Willkommenskultur vermittelt &#8222;So what&#8220; Fl\u00fcchtlinge im Alter von 16 bis 27 Jahren an ehrenamtliche Fl\u00fcchtlingshelfer vor Ort oder unterst\u00fctzt bestehende Tandems. Paten bringen sich besonders bei der beruflichen Orientierung ein und sind gerade im l\u00e4ndlichen Raum durch ihre Vernetzung in lokale Strukturen eine wertvolle Hilfe bei der Begleitung in Ausbildung und Arbeit.<br \/>\nEhrenamtlicher Deutschunterricht, Wohnungssuche und die soziale Integration ins Vereins- und Gemeinwesen der Kommunen sind weitere Aufgaben, die die Paten mit beherztem Engagement und zum Teil sehr gro\u00dfen Zeitaufwand f\u00fcr ihr &#8222;Patenkind&#8220; erledigen.<br \/>\nDie &#8222;So What&#8220;-Mitarbeiter Marion Marzel und Robert Klebes begleiten und beraten Tandems und Patenschaften seit 1. April 2014. Das Patenschaftsprojekt l\u00e4uft bis 31. M\u00e4rz 2017. I<br \/>\n4.8.2015,\u00a0<span class=\"ngBold\"><a class=\"ngLink\" title=\"\" href=\"https:\/\/www.caritas-breisgau-hochschwarzwald.de\/\" target=\"_blank\">https:\/\/www.caritas-breisgau-hochschwarzwald.de<\/a><\/span><\/p>\n<p>.<br \/>\n<strong>Nimmt Herr Kretschmann und der Erzbischof auch jemanden auf?<\/strong><br \/>\nNehmt Fl\u00fcchtlinge zu Hause auf, fordert Ministerpr\u00e4sident Winfried Kretschmann. Das Gleiche forderte vor einigen Jahren auch Erzbischof Zollitsch in einer Predigt. Er sagte darin ausdr\u00fccklich, dass er das Problem sehr ernst nehme und dass nicht nur die Anderen, nicht nur die Politik, sondern gerade auch die Kirche und jeder Einzelne aufgefordert sind, in den Fremden und Hilfesuchenden den N\u00e4chsten und Jesus Christus zu sehen. Haben diese zwei Asylanten aufgenommen? Weder in der Presse noch auf Anfrage war zu erfahren, ob sie sich auch an einer Aufnahme beteiligen. Wohnen sie tats\u00e4chlich so beengt, dass eine weitere Person nicht zumutbar ist? Riskieren die beiden Herren mit dieser Inkonsequenz nicht ihre Glaubw\u00fcrdigkeit? Wenn mich jemand zu einer tugendhaften Tat auffordert und sich pers\u00f6nlich dabei ausnimmt, dann habe ich ein Problem mit seiner Glaubw\u00fcrdigkeit.<br \/>\n<span class=\"ngBriefAutor\">7.8.2015, Gisbert Bastek, Weil am Rhein<\/span><\/p>\n<p><strong>Jeder nimmt einen Fl\u00fcchtling bei sich auf &#8211; Problem gel\u00f6st?<\/strong><br \/>\n&#8222;Wir haben doch so viele Gutmenschen, Rot, Gr\u00fcne, Menschenkettenteilnehmer, Mahnwachenhalter, Abschiebeblockierer usw hier. Wenn jeder von denen nur einen einzigen Fl\u00fcchtling bei sich aufnimmt, ist das Problem gel\u00f6st. Hans-Otto Glaser&#8220; &#8211;<br \/>\nDa kann ich mit Herrn Glaser nicht \u00fcbereinstimmen.\u00a0Da stehen in Afrika noch so viele Menschen in der Warteschlange die den Kontinent aus wirtschaftlicher Not verlassen m\u00f6chten, so viele Gutmenschen ect. gibt es gar nicht in der BRD. W\u00e4hrend bei Kriegsfl\u00fcchtlingen der zeitliche Aufenthalt begrenzt sein sollte, so wird er dies bei den Wirtschaftsfl\u00fcchtlingen unter Garantie nicht sein. Diese Massen die nun aus wirtschaftlicher Not zu uns str\u00f6men, m\u00fcssen ja auch versorgt werden, was sie in den allermeisten F\u00e4llen niemals selbst bewerkstelligen k\u00f6nnen, von staatlicher Seite ist die Unterbringung schon eine Bankrotterkl\u00e4rung. Wenn die Politik ehrlich w\u00e4re w\u00fcrde sie dies auch thematisieren, in der Regel werden diese Leute nicht \u00fcber eine geringe bis mittlere Qualifizierung herauskommen, in diesem Bereich werden aber auch nur wenige Stellen angeboten. \u00a0Diese Leute m\u00fcssen auch versorgt werden wenn sie \u00e4lter werden, die Rentenkassen werden dies aber niemals leisten k\u00f6nnen, dies wird dann wieder den klammen Kommunen \u00fcberlassen, es sei den jeder Rentner wird mit 20% seines letzten Netto zufrieden sein.\u00a0! Nein, die Stimmung wird nicht kippen, Sie ist schon am kippen !<br \/>\n7.8.2015, Bernhard Br\u00fcggen<\/p>\n","protected":false},"excerpt":{"rendered":"<p>33 junge Menschen mit Fluchtschicksal und 15 ehrenamtlich Engagierte aus dem Landkreis BH fanden sich jetzt zu einem Fest im Weihbischof-Gn\u00e4dinger-Haus des Di\u00f6zesan-Caritasverbands Freiburg zusammen. Zu dem Fest eingeladen hatte &#8222;So what&#8220;, ein von der Aktion Mensch gef\u00f6rdertes Patenschaftsprojekt des &hellip; <a href=\"https:\/\/www.freiburg-schwarzwald.de\/blog\/migranten-paten-hilfe-so-what\/\">Weiterlesen <span class=\"meta-nav\">&rarr;<\/span><\/a><\/p>\n","protected":false},"author":2,"featured_media":0,"comment_status":"open","ping_status":"closed","sticky":false,"template":"","format":"standard","meta":{"footnotes":""},"categories":[400,104],"tags":[730,717,485],"class_list":["post-55807","post","type-post","status-publish","format-standard","hentry","category-freiwillig","category-hilfe","tag-caritas","tag-ehrenamt","tag-refugee"],"_links":{"self":[{"href":"https:\/\/www.freiburg-schwarzwald.de\/blog\/wp-json\/wp\/v2\/posts\/55807","targetHints":{"allow":["GET"]}}],"collection":[{"href":"https:\/\/www.freiburg-schwarzwald.de\/blog\/wp-json\/wp\/v2\/posts"}],"about":[{"href":"https:\/\/www.freiburg-schwarzwald.de\/blog\/wp-json\/wp\/v2\/types\/post"}],"author":[{"embeddable":true,"href":"https:\/\/www.freiburg-schwarzwald.de\/blog\/wp-json\/wp\/v2\/users\/2"}],"replies":[{"embeddable":true,"href":"https:\/\/www.freiburg-schwarzwald.de\/blog\/wp-json\/wp\/v2\/comments?post=55807"}],"version-history":[{"count":0,"href":"https:\/\/www.freiburg-schwarzwald.de\/blog\/wp-json\/wp\/v2\/posts\/55807\/revisions"}],"wp:attachment":[{"href":"https:\/\/www.freiburg-schwarzwald.de\/blog\/wp-json\/wp\/v2\/media?parent=55807"}],"wp:term":[{"taxonomy":"category","embeddable":true,"href":"https:\/\/www.freiburg-schwarzwald.de\/blog\/wp-json\/wp\/v2\/categories?post=55807"},{"taxonomy":"post_tag","embeddable":true,"href":"https:\/\/www.freiburg-schwarzwald.de\/blog\/wp-json\/wp\/v2\/tags?post=55807"}],"curies":[{"name":"wp","href":"https:\/\/api.w.org\/{rel}","templated":true}]}}