{"id":55784,"date":"2015-08-03T18:52:24","date_gmt":"2015-08-03T16:52:24","guid":{"rendered":"https:\/\/www.freiburg-schwarzwald.de\/blog\/?p=55784"},"modified":"2015-08-03T18:52:24","modified_gmt":"2015-08-03T16:52:24","slug":"fwtm-neubau-eigentor-bhkw","status":"publish","type":"post","link":"https:\/\/www.freiburg-schwarzwald.de\/blog\/fwtm-neubau-eigentor-bhkw\/","title":{"rendered":"FWTM-Neubau Eigentor &#8211; BHKW"},"content":{"rendered":"<p>Der <a title=\"Tourismus\" href=\"https:\/\/www.freiburg-schwarzwald.de\/blog\/tourismus\/\">FWTM<\/a>-Neubau sei ohne <a title=\"Nachhaltigkeit\" href=\"https:\/\/www.freiburg-schwarzwald.de\/blog\/natur\/klima\/nachhaltigkeit\/\">Plus-Energie<\/a>&#8211; oder <a title=\"Energie\" href=\"https:\/\/www.freiburg-schwarzwald.de\/blog\/energie\/\">Passivhausstandard<\/a> einer <a title=\"Greencity\" href=\"https:\/\/www.freiburg-schwarzwald.de\/blog\/regio\/freiburg\/greencity\/\">Klimaschutzhauptstadt<\/a> nicht angemessen und \u00a0Eigentor zur Drittklassigkeit, so der<a title=\"Ecotrinova\" href=\"https:\/\/www.freiburg-schwarzwald.de\/blog\/natur\/umwelt\/ecotrinova\/\"> ECOtrinova<\/a>-Vorsitzende Dr. Georg L\u00f6ser. In Karlsruhe werde gerade das Geb\u00e4ude &#8222;Kreativpark&#8220; fertig: \u201eDas gesamte Geb\u00e4ude wird im Passivhausstandard ausgef\u00fchrt und garantiert so g\u00fcnstige Nebenkosten\u201c, schreibt der dortige Projektentwickler.<\/p>\n<p><em><!--more--> <\/em><\/p>\n<p>Der Kreistag Waldshut habe schon 2000 einstimmig beschlossen, die Justus-Liebig-Schule als erste deutsche Passivhausschule zu errichten. Der Architektenwettbewerb enthielt die weise Aufgabe: \u201eDie Betriebskosten sollen m\u00f6glichst gering gehalten werden.\u201c Die Planer kamen s\u00e4mtlich aus der Region Freiburg. In Freiburg wurde statt dessen in erster Linie mit h\u00f6heren Investitionen argumentiert, eine veraltete Denkweise. Die Investitionsmehrkosten in Waldshut lagen bei nur rund 7%. Der Schritt vom Passivhaus- zum Plusenergiestandard bedeutet z.B. eine Solarstromanlage. Die w\u00e4re wirtschaftlich und in Freiburg beim gro\u00dfen R\u00fcckstand bei erneuerbaren Energien sowieso n\u00f6tig.<br \/>\nECOtrinova legt nun nahe, f\u00fcr die Messe und den FWTM-Neubau ein Blockheizkraftwerk (BHKW) zu installieren. Das w\u00fcrde Strom aus Kohlekraft verdr\u00e4ngen, eine Scheibe zum Atomkraftausstieg beitragen und sei perspektivisch mit erneuerbaren Energien betreibbar. Seit \u00fcber 10 Jahren sei das Freiburger \u201eSonnenschiff\u201c Vorreiter und habe viel Nachfolge gefunden, erinnerte L\u00f6ser. Es werde \u00fcber den Passivhausstandard hinaus mit Fernw\u00e4rme des Vauban-BHKW versorgt und nutze Photovoltaik. Die EU-Geb\u00e4uderichtlinie verlange ab 2019 f\u00fcr Neubauten der \u00f6ffentlichen Hand nahezu Null-Energie-H\u00e4user, f\u00fcr andere ab 2021. Das hei\u00dft, der FWTM-Neubau w\u00e4re alsbald veraltet.<\/p>\n<div>Hintergrund &#8211; die Quellen zum Nachschauen:<\/div>\n<div><a href=\"https:\/\/www.projektentwicklung.vollack.de\/aktuell-kreativpark\/\" target=\"_blank\">www.projektentwicklung.vollack.de\/aktuell-kreativpark\/<\/a><\/div>\n<div><a href=\"https:\/\/www.energiesparschule.de\/de\/architektur\/\" target=\"_blank\">https:\/\/www.energiesparschule.de\/de\/architektur\/<\/a><\/div>\n<div><a href=\"https:\/\/www.energiesparschule.de\/de\/energiekonzept\/\" target=\"_blank\">https:\/\/www.energiesparschule.de\/de\/energiekonzept\/<\/a><\/div>\n<div><a href=\"https:\/\/www.energiesparschule.de\/de\/fakten\/\" target=\"_blank\">https:\/\/www.energiesparschule.de\/de\/fakten\/<\/a><\/div>\n<div><\/div>\n<div>3.8.2015, <a href=\"mailto:ecotrinova@web.de\">ecotrinova@web.de<\/a><\/div>\n","protected":false},"excerpt":{"rendered":"<p>Der FWTM-Neubau sei ohne Plus-Energie&#8211; oder Passivhausstandard einer Klimaschutzhauptstadt nicht angemessen und \u00a0Eigentor zur Drittklassigkeit, so der ECOtrinova-Vorsitzende Dr. Georg L\u00f6ser. In Karlsruhe werde gerade das Geb\u00e4ude &#8222;Kreativpark&#8220; fertig: \u201eDas gesamte Geb\u00e4ude wird im Passivhausstandard ausgef\u00fchrt und garantiert so g\u00fcnstige &hellip; <a href=\"https:\/\/www.freiburg-schwarzwald.de\/blog\/fwtm-neubau-eigentor-bhkw\/\">Weiterlesen <span class=\"meta-nav\">&rarr;<\/span><\/a><\/p>\n","protected":false},"author":2,"featured_media":0,"comment_status":"open","ping_status":"closed","sticky":false,"template":"","format":"standard","meta":{"footnotes":""},"categories":[5,49,133,7],"tags":[151,715,287,331],"class_list":["post-55784","post","type-post","status-publish","format-standard","hentry","category-energie","category-freiburg","category-kraftwaermekopplung","category-tourismus","tag-erneuerbare-energien","tag-klima","tag-neubau","tag-tourist"],"_links":{"self":[{"href":"https:\/\/www.freiburg-schwarzwald.de\/blog\/wp-json\/wp\/v2\/posts\/55784","targetHints":{"allow":["GET"]}}],"collection":[{"href":"https:\/\/www.freiburg-schwarzwald.de\/blog\/wp-json\/wp\/v2\/posts"}],"about":[{"href":"https:\/\/www.freiburg-schwarzwald.de\/blog\/wp-json\/wp\/v2\/types\/post"}],"author":[{"embeddable":true,"href":"https:\/\/www.freiburg-schwarzwald.de\/blog\/wp-json\/wp\/v2\/users\/2"}],"replies":[{"embeddable":true,"href":"https:\/\/www.freiburg-schwarzwald.de\/blog\/wp-json\/wp\/v2\/comments?post=55784"}],"version-history":[{"count":0,"href":"https:\/\/www.freiburg-schwarzwald.de\/blog\/wp-json\/wp\/v2\/posts\/55784\/revisions"}],"wp:attachment":[{"href":"https:\/\/www.freiburg-schwarzwald.de\/blog\/wp-json\/wp\/v2\/media?parent=55784"}],"wp:term":[{"taxonomy":"category","embeddable":true,"href":"https:\/\/www.freiburg-schwarzwald.de\/blog\/wp-json\/wp\/v2\/categories?post=55784"},{"taxonomy":"post_tag","embeddable":true,"href":"https:\/\/www.freiburg-schwarzwald.de\/blog\/wp-json\/wp\/v2\/tags?post=55784"}],"curies":[{"name":"wp","href":"https:\/\/api.w.org\/{rel}","templated":true}]}}