{"id":55665,"date":"2015-07-31T12:26:26","date_gmt":"2015-07-31T10:26:26","guid":{"rendered":"https:\/\/www.freiburg-schwarzwald.de\/blog\/?p=55665"},"modified":"2015-07-31T12:29:00","modified_gmt":"2015-07-31T10:29:00","slug":"radtour-gehirntumor-spenden","status":"publish","type":"post","link":"https:\/\/www.freiburg-schwarzwald.de\/blog\/radtour-gehirntumor-spenden\/","title":{"rendered":"Radtour Gehirntumor Spenden"},"content":{"rendered":"<p class=\"western\"><span style=\"color: #000000;\">Nach seiner dritten Gehirn-Operation rief der Freiburger die \u201eTour for Life\u201c ins Leben. <\/span>Mit einer gemeinsamen <a title=\"MTB-Kirchzarten\" href=\"https:\/\/www.freiburg-schwarzwald.de\/blog\/sport\/sportlern\/biken\/mtb-kirchzarten\/\">Radtou<\/a>r quer durch Europa m\u00f6chte er allen Menschen, die von einer <a title=\"Krebs\" href=\"https:\/\/www.freiburg-schwarzwald.de\/blog\/selbsthilfe\/krebs\/\">Krebserkrankung<\/a> betroffen sind oder waren, neuen Lebensmut, Hoffnung und Zuversicht schenken. Ziel der \u201eTour for Life\u201c ist es, Menschen, deren Leben sich durch die Diagnose Krebs bedeutend ver\u00e4ndert hat, <!--more-->eine etappenweise Teilnahme an diesem einzigartigen Radreiseprojekt zu erm\u00f6glichen. Aber auch alle anderen sind eingeladen, Erhard auf den Etappen quer durch Europa zu begleiten und f\u00fcr den guten Zweck in die Pedale zu treten. \u201eMein Anliegen ist es, auf die Situation der Betroffenen aufmerksam zu machen und zu zeigen, dass Krebs nicht immer das Ende bedeutet\u201c, sagt Christian Erhard, \u201emanchmal ist er der Beginn eines neuen Leben.\u201c<\/p>\n<p class=\"western\">Im Rahmen des Projekts m\u00f6chte er Spenden f\u00fcr die \u201eStiftung f\u00fcr junge Erwachsene mit Krebs\u201c, die \u201eHirntumorhilfe e.V.\u201c sowie das \u201eNationale Centrum f\u00fcr Tumorerkrankungen (NCT)\u201c sammeln. Diese Institutionen haben es sich zur Aufgabe gemacht, das Leben von an Krebs erkrankten Menschen lebenswerter zu machen. \u201eW\u00e4hrend der Tour werde ich unter anderem onkologische Rehakliniken besuchen, um dort mein Projekt vorzustellen und den Patienten und Angeh\u00f6rigen Mut zu machen, zu inspirieren und Perspektiven zu schenken.\u201c Im August ist eine gr\u00f6\u00dfere Tour von Heidelberg \u00fcber Freiburg nach Salzburg geplant, bei der ihn Interessenten gerne begleiten k\u00f6nnen.<br \/>\n31.7.2015, <a href=\"https:\/\/www.tourforlife.org\">www.tourforlife.org<\/a>\u00a0mit den Tourdaten<br \/>\n<a href=\"https:\/\/www.hirntumorhilfe.de\">www.hirntumorhilfe.de<\/a><br \/>\n<a href=\"https:\/\/www.nct-heidelberg.de\">https:\/\/www.nct-heidelberg.de<\/a>\/<\/p>\n<p class=\"western\">\n","protected":false},"excerpt":{"rendered":"<p>Nach seiner dritten Gehirn-Operation rief der Freiburger die \u201eTour for Life\u201c ins Leben. Mit einer gemeinsamen Radtour quer durch Europa m\u00f6chte er allen Menschen, die von einer Krebserkrankung betroffen sind oder waren, neuen Lebensmut, Hoffnung und Zuversicht schenken. Ziel der &hellip; <a href=\"https:\/\/www.freiburg-schwarzwald.de\/blog\/radtour-gehirntumor-spenden\/\">Weiterlesen <span class=\"meta-nav\">&rarr;<\/span><\/a><\/p>\n","protected":false},"author":2,"featured_media":0,"comment_status":"open","ping_status":"closed","sticky":false,"template":"","format":"standard","meta":{"footnotes":""},"categories":[104,161,72],"tags":[113,70,718,270,328,331],"class_list":["post-55665","post","type-post","status-publish","format-standard","hentry","category-hilfe","category-spende","category-sportlern","tag-fahrrad","tag-jugendsport","tag-krebs","tag-gift","tag-sponsoring","tag-tourist"],"_links":{"self":[{"href":"https:\/\/www.freiburg-schwarzwald.de\/blog\/wp-json\/wp\/v2\/posts\/55665","targetHints":{"allow":["GET"]}}],"collection":[{"href":"https:\/\/www.freiburg-schwarzwald.de\/blog\/wp-json\/wp\/v2\/posts"}],"about":[{"href":"https:\/\/www.freiburg-schwarzwald.de\/blog\/wp-json\/wp\/v2\/types\/post"}],"author":[{"embeddable":true,"href":"https:\/\/www.freiburg-schwarzwald.de\/blog\/wp-json\/wp\/v2\/users\/2"}],"replies":[{"embeddable":true,"href":"https:\/\/www.freiburg-schwarzwald.de\/blog\/wp-json\/wp\/v2\/comments?post=55665"}],"version-history":[{"count":0,"href":"https:\/\/www.freiburg-schwarzwald.de\/blog\/wp-json\/wp\/v2\/posts\/55665\/revisions"}],"wp:attachment":[{"href":"https:\/\/www.freiburg-schwarzwald.de\/blog\/wp-json\/wp\/v2\/media?parent=55665"}],"wp:term":[{"taxonomy":"category","embeddable":true,"href":"https:\/\/www.freiburg-schwarzwald.de\/blog\/wp-json\/wp\/v2\/categories?post=55665"},{"taxonomy":"post_tag","embeddable":true,"href":"https:\/\/www.freiburg-schwarzwald.de\/blog\/wp-json\/wp\/v2\/tags?post=55665"}],"curies":[{"name":"wp","href":"https:\/\/api.w.org\/{rel}","templated":true}]}}