{"id":55628,"date":"2015-07-29T12:22:26","date_gmt":"2015-07-29T10:22:26","guid":{"rendered":"https:\/\/www.freiburg-schwarzwald.de\/blog\/?p=55628"},"modified":"2015-07-29T12:22:26","modified_gmt":"2015-07-29T10:22:26","slug":"naturpark-plan-bis-2017-neu","status":"publish","type":"post","link":"https:\/\/www.freiburg-schwarzwald.de\/blog\/naturpark-plan-bis-2017-neu\/","title":{"rendered":"Naturpark-Plan bis 2017 neu"},"content":{"rendered":"<p>Rund 40 Personen aus Gesamtvorstand, Arbeitsgruppen und Partnervereinen des <a title=\"Naturpark Suedschwarzwald\" href=\"https:\/\/www.freiburg-schwarzwald.de\/blog\/naturpark-suedschwarzwald\/\">Naturparks S\u00fcdschwarzwald<\/a> haben sich in <a title=\"Hochschwarzwald\" href=\"https:\/\/www.freiburg-schwarzwald.de\/blog\/regio\/hochschwarzwald\/\">Lenzkirch-Saig<\/a> zu einer zweit\u00e4gigen Klausur getroffen, um den inzwischen mehr als zehn Jahre alten <a title=\"Natur\" href=\"https:\/\/www.freiburg-schwarzwald.de\/blog\/natur\/\">Naturpark-Plan<\/a> zu \u00fcberarbeiten und &#8222;so die Weichen f\u00fcr eine weiterhin erfolgreiche <a title=\"Naturschutz\" href=\"https:\/\/www.freiburg-schwarzwald.de\/blog\/natur\/naturschutz\/\">Zukunft<\/a> zu stellen&#8220;, teilte die Gesch\u00e4ftsstelle mit.<!--more--><\/p>\n<p><span class=\"ngBold\"><strong>Gr\u00f6\u00dfter Naturpark in Deutschland<\/strong><br \/>\n<\/span>Der Naturpark-Plan, der die Leitbilder und Ziele sowie Pilotprojekte des Naturpark S\u00fcdschwarzwald festlegt und vorstellt, wurde 2003 erarbeitet. Um die Herausforderungen der Zukunft angehen zu k\u00f6nnen, bed\u00fcrfe es einer Aktualisierung. &#8222;Der Naturpark S\u00fcdschwarzwald ist seit 15 Jahren erfolgreich in der nachhaltigen Entwicklung des l\u00e4ndlichen Raums, zusammen mit seinen Mitgliedern und zahlreichen ehrenamtlichen Akteuren&#8220;, sagte die L\u00f6rracher Landr\u00e4tin Marion Dammann als Vorsitzende des Naturparks. Seit vergangenem Jahr ist er der gr\u00f6\u00dfte Naturpark Deutschlands. Aber die Gr\u00f6\u00dfe sei nicht das entscheidende Kriterium, so Dammann weiter. &#8222;Strahlen soll er auch k\u00fcnftig durch seine Projekte und Inhalte.&#8220; Diese galt es an den beiden Tagen der Klausurtagung f\u00fcr die k\u00fcnftige Ausrichtung und Arbeit des Naturparks festzulegen.<\/p>\n<div class=\"boxOhne breakerAd\">\n<div id=\"zoneAdserverMrec\" class=\"top20\">\n<div id=\"helperAdserverMrec\">\n<div id=\"beacon_e7e92b46fe\"><strong>1200 Projekte in 15 Jahren<\/strong><br \/>\nAm ersten Tag nahm Gesch\u00e4ftsf\u00fchrer Roland Sch\u00f6ttle eine Bestandsaufnahme der bisherigen Arbeit der Gesch\u00e4ftsstelle vor. Seine Zwischenbilanz: 1200 Projekte in 15 Jahren, eingesetzte F\u00f6rdermittel von rund zehn Millionen Euro, ein breites Bet\u00e4tigungsfeld in den Bereichen \u00d6konomie, \u00d6kologie und Soziales. Besonders Projekte im nachhaltigen Sporttourismus seien au\u00dferordentlich erfolgreich umgesetzt worden. Ganz neue Bet\u00e4tigungsfelder wie Bildung f\u00fcr nachhaltige Entwicklung oder Architektur und Siedlungsentwicklung seien \u00fcber die Jahre hinzugekommen, Themen wie Kur und Reha dagegen eher in den Hintergrund ger\u00fcckt. Im Anschluss berichteten die Sprecher der Arbeitsgruppen und Vertreter der Partnervereine \u00fcber bisher Erreichtes, ihre weiteren Vorhaben sowie \u00fcber ihre Visionen f\u00fcr einen &#8222;Naturpark 2025&#8220;. Die Arbeitsgruppen bearbeiten ehrenamtlich verschiedene Fachthemen zu Natur und Landschaft, Landwirtschaft, Architektur und Siedlungsentwicklung oder Sporttourismus. Partnervereine sind die &#8222;K\u00e4seroute&#8220;, die &#8222;Naturpark-Wirte&#8220;, die &#8222;G\u00e4stef\u00fchrer&#8220;, die &#8222;Wanderreiter&#8220; und das &#8222;Bauerngarten- und Wildkr\u00e4uterland Baden&#8220;, die als Botschafter im Naturpark fungieren und ihre Kompetenzen in die Fl\u00e4che einbringen.<\/div>\n<\/div>\n<\/div>\n<\/div>\n<p><strong><span class=\"ngBold\">St\u00e4rken und Schw\u00e4chen<\/span><\/strong><br \/>\nKleingruppen analysierten in den verschiedenen Feldern St\u00e4rken und Schw\u00e4chen des Naturparks. Themen waren &#8222;Tradition und Kultur&#8220;, &#8222;Regionalvermarktung&#8220;, &#8222;Bildung f\u00fcr nachhaltige Entwicklung&#8220;, &#8222;nachhaltiger (Sport-)Tourismus&#8220;, &#8222;Architektur und Siedlungsentwicklung&#8220;, &#8222;Natur- und Landschaftspflege&#8220; sowie &#8222;Klimaschutz&#8220;. Ziel des ersten Tages war, Leitziele und Leitprojekte f\u00fcr die zuk\u00fcnftige Naturpark-Arbeit festzulegen. Auf BZ-Nachfrage nennt Sch\u00f6ttle zwei Bereiche, denen sich der Naturpark neben seinen klassischen Feldern in den kommenden Jahren st\u00e4rker zuwenden wird: Zum einen &#8222;Tradition und Kultur&#8220;, worunter alles f\u00e4llt, was mit Kunst, Kultur, Mundart und Sprache zusammenh\u00e4ngt, bis hin zu einem Holzbau-Weg, der zu sch\u00f6ner Architektur f\u00fchrt. Zum anderen &#8222;Bildung f\u00fcr nachhaltige Entwicklung&#8220;. Themen wie die Naturpark-Schulen sollen verst\u00e4rkt werden. Als Vision sei der Anspruch formuliert worden vom Naturpark S\u00fcdschwarzwald als &#8222;Deutschlands gr\u00f6\u00dftem gr\u00fcnen Klassenzimmer&#8220;.<\/p>\n<p><span class=\"ngBold\"><strong>Naturpark und Biosph\u00e4rengebiet<\/strong><br \/>\n<\/span>Am zweiten Tag der Klausur wurden Themen und Strukturen einer Zusammenarbeit zwischen Naturpark und geplantem Biosph\u00e4rengebiet diskutiert. Ziel war herauszuarbeiten, welchen Mehrwert das Biosph\u00e4rengebiet zur Erreichung der Ziele des Naturparks bieten kann. Regierungsvizepr\u00e4sident Klemens Ficht vom Regierungspr\u00e4sidium Freiburg lobte den Naturpark S\u00fcdschwarzwald als Erfolgsmodell, dem mit dem Biosph\u00e4rengebiet kein Konkurrenzprodukt, sondern ein Partner hinzugef\u00fcgt werden solle. &#8222;Au\u00dferdem erh\u00e4lt die Gesamtregion Schwarzwald mit der Einrichtung eines dritten Gro\u00dfschutzgebietes neben den Naturparks und dem Nationalpark ein Alleinstellungsmerkmal in ganz Europa.&#8220;<\/p>\n<p><span class=\"ngBold\"><strong>Von unten nach oben<\/strong><br \/>\n<\/span>Die Ergebnisse der Klausurtagung werden nun in einem Bericht festgehalten und dienen als Grundlage f\u00fcr den weiteren Diskussionsprozess bei der Fortschreibung des Naturpark-Plans. So sollen 2016 diese Leitgedanken erg\u00e4nzt werden durch Regionalforen und Befragungen der Bev\u00f6lkerung hinsichtlich Vorstellungen und W\u00fcnschen zu ihrem Naturpark S\u00fcdschwarzwald. Ziel ist, den Naturpark-Plan bis 2017 komplett zu \u00fcberarbeiten und ihn dann im Fr\u00fchjahr 2017 der Mitgliederversammlung des Naturparks zur Abstimmung vorzulegen.<\/p>\n<p>So entspreche der Naturpark seinem Grundprinzip des &#8222;Von unten nach oben&#8220; und lege so die entscheidenden Weichen f\u00fcr eine erfolgreiche Entwicklung des l\u00e4ndlichen Raums, gemeinsam mit Mitgliedern und Bewohnern.<\/p>\n<div class=\"ngBzItHinweis\">Mehr Infos zum Naturpark S\u00fcdschwarzwald sowie der Naturpark-Plan 2003 zum Herunterladen unter <span class=\"ngBold\"><a class=\"ngLink\" title=\"\" href=\"https:\/\/www.naturpark-suedschwarzwald.de\/\" target=\"_blank\">https:\/\/www.naturpark-suedschwarzwald.de<br \/>\n2<\/a>9.7.2015<\/span><\/div>\n<div class=\"ngBzItHinweis\"><\/div>\n<div class=\"ngBzItHinweis\"><\/div>\n","protected":false},"excerpt":{"rendered":"<p>Rund 40 Personen aus Gesamtvorstand, Arbeitsgruppen und Partnervereinen des Naturparks S\u00fcdschwarzwald haben sich in Lenzkirch-Saig zu einer zweit\u00e4gigen Klausur getroffen, um den inzwischen mehr als zehn Jahre alten Naturpark-Plan zu \u00fcberarbeiten und &#8222;so die Weichen f\u00fcr eine weiterhin erfolgreiche Zukunft &hellip; <a href=\"https:\/\/www.freiburg-schwarzwald.de\/blog\/naturpark-plan-bis-2017-neu\/\">Weiterlesen <span class=\"meta-nav\">&rarr;<\/span><\/a><\/p>\n","protected":false},"author":2,"featured_media":0,"comment_status":"open","ping_status":"closed","sticky":false,"template":"","format":"standard","meta":{"footnotes":""},"categories":[104,180,12,7],"tags":[257,587,563,724,142,331],"class_list":["post-55628","post","type-post","status-publish","format-standard","hentry","category-hilfe","category-hochschwarzwald","category-natur","category-tourismus","tag-biotop","tag-blackforest","tag-feldberg","tag-heimat","tag-renaturierung","tag-tourist"],"_links":{"self":[{"href":"https:\/\/www.freiburg-schwarzwald.de\/blog\/wp-json\/wp\/v2\/posts\/55628","targetHints":{"allow":["GET"]}}],"collection":[{"href":"https:\/\/www.freiburg-schwarzwald.de\/blog\/wp-json\/wp\/v2\/posts"}],"about":[{"href":"https:\/\/www.freiburg-schwarzwald.de\/blog\/wp-json\/wp\/v2\/types\/post"}],"author":[{"embeddable":true,"href":"https:\/\/www.freiburg-schwarzwald.de\/blog\/wp-json\/wp\/v2\/users\/2"}],"replies":[{"embeddable":true,"href":"https:\/\/www.freiburg-schwarzwald.de\/blog\/wp-json\/wp\/v2\/comments?post=55628"}],"version-history":[{"count":0,"href":"https:\/\/www.freiburg-schwarzwald.de\/blog\/wp-json\/wp\/v2\/posts\/55628\/revisions"}],"wp:attachment":[{"href":"https:\/\/www.freiburg-schwarzwald.de\/blog\/wp-json\/wp\/v2\/media?parent=55628"}],"wp:term":[{"taxonomy":"category","embeddable":true,"href":"https:\/\/www.freiburg-schwarzwald.de\/blog\/wp-json\/wp\/v2\/categories?post=55628"},{"taxonomy":"post_tag","embeddable":true,"href":"https:\/\/www.freiburg-schwarzwald.de\/blog\/wp-json\/wp\/v2\/tags?post=55628"}],"curies":[{"name":"wp","href":"https:\/\/api.w.org\/{rel}","templated":true}]}}