{"id":55587,"date":"2015-07-27T20:55:43","date_gmt":"2015-07-27T18:55:43","guid":{"rendered":"https:\/\/www.freiburg-schwarzwald.de\/blog\/?p=55587"},"modified":"2015-07-27T21:17:59","modified_gmt":"2015-07-27T19:17:59","slug":"kompromiss-grenze-im-osten","status":"publish","type":"post","link":"https:\/\/www.freiburg-schwarzwald.de\/blog\/kompromiss-grenze-im-osten\/","title":{"rendered":"Kompromiss-Grenze im Osten"},"content":{"rendered":"<p>Eine unsichtbare Grenze verl\u00e4uft im Osten <a title=\"EU-Transferunion\" href=\"https:\/\/www.freiburg-schwarzwald.de\/blog\/global\/eu\/eu-transferunion\/\">Europas <\/a>durch die <a title=\"Ukraine\" href=\"https:\/\/www.freiburg-schwarzwald.de\/blog\/global\/ukraine\/\">Ukraine<\/a> nach <a title=\"Griechenland\" href=\"https:\/\/www.freiburg-schwarzwald.de\/blog\/global\/griechenland\/\">Griechenland<\/a> und weiter im S\u00fcden vom <a title=\"Irak\" href=\"https:\/\/www.freiburg-schwarzwald.de\/blog\/global\/irak\/\">Irak <\/a>bis Gibraltar und trennt <a title=\"Kirche-Staat\" href=\"https:\/\/www.freiburg-schwarzwald.de\/blog\/religion\/kirche-staat\/\">laizistische<\/a> <a title=\"Demokratie\" href=\"https:\/\/www.freiburg-schwarzwald.de\/blog\/engagement\/zukunft\/demokratie\/\">Demokratien<\/a> von eher vormodern-<a title=\"Religion\" href=\"https:\/\/www.freiburg-schwarzwald.de\/blog\/religion\/\">religi\u00f6sen<\/a> Gesellschaften. Diese Grenze hat auch eine religi\u00f6se Basis: Katholiken und Protestanten auf der einen sowie russisch und griechisch Orthodoxe, <a title=\"Israel\" href=\"https:\/\/www.freiburg-schwarzwald.de\/blog\/global\/israel\/\">Juden<\/a> und <a title=\"Koran\" href=\"https:\/\/www.freiburg-schwarzwald.de\/blog\/religion\/islam\/koran\/\">Muslime<\/a> auf der anderen Seite.<br \/>\n<!--more-->Im Osten sind Werte wie Ehre, Stolz und W\u00fcrde religi\u00f6s gepr\u00e4gt und von zentraler Bedeutung, zudem hat man Zeit, viel Zeit: &#8222;Wenn nicht heute, dann morgen&#8220; versus Zeitmangel als Stressfaktor. Im Westen haben sich beiden christl. Konfessionen mit der Demokratie arrangiert (<a title=\"Aufklaerung\" href=\"https:\/\/www.freiburg-schwarzwald.de\/blog\/kultur\/aufklaerung\/\">Aufkl\u00e4rung<\/a>, Laizismus).<\/p>\n<p>Diese Grenzlinie zeigt sich am deutlichsten in der Frage der L\u00f6sung von Problemen. Ein Konflikt kann a) bis zum Sieg (Schiiten-Sunniten; aber unrealistisch, da Kriege nur Verlierer kennen), b) bis zum Kompromi\u00df (Demokratie) oder c) bis zur Erm\u00fcdung bzw. Ersch\u00f6pfung (Drei\u00dfigj\u00e4hriger Krieg, Syrien, Schiiten-Sunniten) gef\u00fchrt werden. Warum haben die vielen westlichen Vorschl\u00e4ge zur L\u00f6sung der Konflikte in Ukraine, Griechenland, Irak, Syrien, Pal\u00e4stina, Libanon, Lybien, Nahost &#8230; nicht gefruchtet? Weil der Kompromi\u00df als Regel zur Problembew\u00e4ltigung jenseits der &#8222;Grenze der Mentalit\u00e4ten&#8220; nicht anerkannt wird.<br \/>\nWenn Tsipras an die Souver\u00e4nit\u00e4t und den Stolz der Griechen apelliert, dann ist ihm dies keine blo\u00dfe Demagogie, sondern bitter ernst. Die Sparprogramme bietet die EU als Kompromi\u00df an, f\u00fcr die Griechen sind sie ein taktisches Mittel zum Zeitgewinn. In den vielen Krisenjahren seit 1945 haben die Griechen gelernt , Chaos und Korruption in Geduld zu erleiden und zu ertragen. Man hat Zeit und erkauft sich seit f\u00fcnf Jahren noch mehr Zeit durch immer neue Reformversprechungen, die nicht umgesetzt werden.<br \/>\nIn Aghanistan ist die von der Nato betriebene Demokratisierung der Stammes- bzz. Clangesellschaft gescheitert.<br \/>\nIm Irak brach der uralte Konflikt zwischen Schia und Sunna nach dem Sturz Saddam Husseins sofort und umso heftiger aus.<br \/>\nJerusalem und Ramallah scheinen keinen Frieden zu wollen aus Furcht, ein Kompromi\u00df k\u00f6nne die eigenen Interessen verletzen.<br \/>\nDer Krieg in Syrien wird wahrscheinlich erst enden, wenn das Land total zerst\u00f6rt und alle Seiten ersch\u00f6pft und m\u00fcde sind.<br \/>\nAlle diese Konflikte im Osten dauern lange an, mal ebben sie ab, um dann wieder neu zu entflammen. Den Menschen geht es ums allt\u00e4gliche \u00dcberleben &#8211; an die gro\u00dfe L\u00f6sung ist aus ideologischen und religi\u00f6sen Gr\u00fcnden nicht zu denken. EU und USA sollten endlich einsehen, dass eine Befriedung und Probleml\u00f6sung mittels <em>Kompromi\u00df als Regel zur Konfliktbew\u00e4ltigung<\/em>\u00a0im Osten und S\u00fcdosten nicht funktioniert. Denn ein Geben und Nehmen sowie der Verzicht auf Maximalforderungen gelten\u00a0als Niederlage und wird abgelehnt.<br \/>\n.<br \/>\nAufkl\u00e4rung im Westen: Hegel&#8217;s Dreierschritt &#8222;These, Antithese und Synthese&#8220; und Kant&#8217;s Appel an Verstand und Vernunft machen an der imagin\u00e4ren Grenzlinie von Russland bis Marokko halt. Nur wenige Muslime glauben an einen &#8218;aufgekl\u00e4rten&#8216; Reform-Islam.<br \/>\n.<br \/>\nZyklisches Weltbild im Osten: Die gro\u00dfen griechischen Philosophen wie Aristoteles und Platon zeichneten zwei Weltbilder &#8211; das zyklische Weltbild (Geschichte wiederholt sich, ohne viel \u00c4nderung) und das teleologische Weltbild (Fortschritt pr\u00e4gt die Geschichte, da allem Tun ein eigenes Ziel innewohnt). Es scheint, dass das Lebensempfinden der V\u00f6lker im Osten und S\u00fcden dahin geht, dass sich alles im Kreise bewegt.<br \/>\n27.7.2015<\/p>\n","protected":false},"excerpt":{"rendered":"<p>Eine unsichtbare Grenze verl\u00e4uft im Osten Europas durch die Ukraine nach Griechenland und weiter im S\u00fcden vom Irak bis Gibraltar und trennt laizistische Demokratien von eher vormodern-religi\u00f6sen Gesellschaften. Diese Grenze hat auch eine religi\u00f6se Basis: Katholiken und Protestanten auf der &hellip; <a href=\"https:\/\/www.freiburg-schwarzwald.de\/blog\/kompromiss-grenze-im-osten\/\">Weiterlesen <span class=\"meta-nav\">&rarr;<\/span><\/a><\/p>\n","protected":false},"author":2,"featured_media":0,"comment_status":"open","ping_status":"closed","sticky":false,"template":"","format":"standard","meta":{"footnotes":""},"categories":[14,19],"tags":[489,421,525],"class_list":["post-55587","post","type-post","status-publish","format-standard","hentry","category-global","category-religion","tag-european-union","tag-islam","tag-politik"],"_links":{"self":[{"href":"https:\/\/www.freiburg-schwarzwald.de\/blog\/wp-json\/wp\/v2\/posts\/55587","targetHints":{"allow":["GET"]}}],"collection":[{"href":"https:\/\/www.freiburg-schwarzwald.de\/blog\/wp-json\/wp\/v2\/posts"}],"about":[{"href":"https:\/\/www.freiburg-schwarzwald.de\/blog\/wp-json\/wp\/v2\/types\/post"}],"author":[{"embeddable":true,"href":"https:\/\/www.freiburg-schwarzwald.de\/blog\/wp-json\/wp\/v2\/users\/2"}],"replies":[{"embeddable":true,"href":"https:\/\/www.freiburg-schwarzwald.de\/blog\/wp-json\/wp\/v2\/comments?post=55587"}],"version-history":[{"count":0,"href":"https:\/\/www.freiburg-schwarzwald.de\/blog\/wp-json\/wp\/v2\/posts\/55587\/revisions"}],"wp:attachment":[{"href":"https:\/\/www.freiburg-schwarzwald.de\/blog\/wp-json\/wp\/v2\/media?parent=55587"}],"wp:term":[{"taxonomy":"category","embeddable":true,"href":"https:\/\/www.freiburg-schwarzwald.de\/blog\/wp-json\/wp\/v2\/categories?post=55587"},{"taxonomy":"post_tag","embeddable":true,"href":"https:\/\/www.freiburg-schwarzwald.de\/blog\/wp-json\/wp\/v2\/tags?post=55587"}],"curies":[{"name":"wp","href":"https:\/\/api.w.org\/{rel}","templated":true}]}}