{"id":55569,"date":"2015-07-27T10:47:33","date_gmt":"2015-07-27T08:47:33","guid":{"rendered":"https:\/\/www.freiburg-schwarzwald.de\/blog\/?p=55569"},"modified":"2015-07-27T11:06:57","modified_gmt":"2015-07-27T09:06:57","slug":"oekoliner-40-t-laster-greenwash","status":"publish","type":"post","link":"https:\/\/www.freiburg-schwarzwald.de\/blog\/oekoliner-40-t-laster-greenwash\/","title":{"rendered":"Oekoliner 40 t-Laster Greenwash"},"content":{"rendered":"<p>Wenn\u00a0&#8222;Gift&#8220; zu &#8222;Wirkstoff&#8220; und\u00a0&#8222;<a title=\"AKW\" href=\"https:\/\/www.freiburg-schwarzwald.de\/blog\/energie\/akw\/\">Atomm\u00fclllager<\/a>&#8220; zu\u00a0&#8222;Entsorgungspark&#8220;, dann ist <a title=\"Greenwash\" href=\"https:\/\/www.freiburg-schwarzwald.de\/blog\/kultur\/medien\/greenwash\/\">Greenwash<\/a> am Werke.\u00a0Nun auch bei dem so\u00a0sch\u00f6n gr\u00fcn klingenden Begriffen &#8222;\u00d6ko-Laster&#8220; bzw. &#8222;\u00d6koliner&#8220;. Jeder dieser 25,25 m langen <a title=\"Strassen\" href=\"https:\/\/www.freiburg-schwarzwald.de\/blog\/tourismus\/strassen\/\">Superlastwagen<\/a> l\u00e4dt bis 40 t\u00a0Gewicht und belastet unsere maroden Strassen\u00a0so stark wie 60.000 Pkw. Unsere <a title=\"Lkw\" href=\"https:\/\/www.freiburg-schwarzwald.de\/blog\/regio\/verkehr\/lkw\/\">Verkehrsinfrastruktur<\/a>\u00a0ist nicht f\u00fcr diese\u00a0Gigaliner ausgelegt.<!--more--><\/p>\n<p>&nbsp;<\/p>\n<div><strong>\u00d6koliner &#8211; f\u00fcrs umweltfreundliche Image<\/strong><br \/>\nUm den Widerstand gegen die schweren Lang-LKW zu brechen und ein umweltfreundliches Image zu erzeugen, versuchen Spediteure, Logistiker, LKW-Lobbyisten und manche Politiker den wunderbar gr\u00fcn klingenden Begriff &#8222;\u00d6ko-Laster \/ \u00d6koliner&#8220; einzuf\u00fchren.\u00a0Es gibt zwischenzeitlich kein umweltsch\u00e4dliches Produkt oder Projekt, das nicht mit <a href=\"https:\/\/www.mitwelt.org\/greenwash-kriegspropaganda-pr.html\">Greenwash<\/a> auf den Markt gebracht wird. Im Vergleich mit Bahn und Binnenschiff produziert der LKW-Verkehr deutlich mehr sch\u00e4dliches Kohlendioxid (CO2), Feinstaub, L\u00e4rm und Naturzerst\u00f6rung. Die Einf\u00fchrung sogenannter &#8222;\u00d6ko-Laster \/ \u00d6koliner&#8220; wird diese Probleme noch versch\u00e4rfen. Das Argument, mit diesen Fahrzeugen lasse sich die gleiche Tonnage mit weniger Fahrten bef\u00f6rdern, so dass die Stra\u00dfen entlastet w\u00fcrden, ist schlicht Unsinn: Vielmehr werden noch mehr G\u00fcter von der Schiene auf die Stra\u00dfe verlagert und Stra\u00dfen und Br\u00fccken werden auf Kosten der Steuerzahler noch schneller zerst\u00f6rt.<br \/>\n27.7.2015,\u00a0von Axel Mayer, BUND- Gesch\u00e4ftsf\u00fchrer (Freiburg), Kreisrat (Emmendingen), Vizepr\u00e4sident TRAS (Basel)<br \/>\n<a href=\"https:\/\/www.bund-rvso.de\/megaliner-gigaliner.html\u00a0\">https:\/\/www.bund-rvso.de\/megaliner-gigaliner.html\u00a0<\/a><\/div>\n<p><a href=\"https:\/\/www.zeit.de\/2011\/31\/Stimmts-Strasse\">https:\/\/www.zeit.de\/2011\/31\/Stimmts-Strasse<\/a><\/p>\n<div class=\"moz-forward-container\">\n<div class=\"moz-forward-container\">\n<div class=\"moz-forward-container\">\n<div class=\"moz-forward-container\"><a class=\"moz-txt-link-freetext\" href=\"https:\/\/www.mitwelt.org\/neusprech.html\">https:\/\/www.mitwelt.org\/neusprech.html<\/a><\/div>\n<\/div>\n<\/div>\n<\/div>\n","protected":false},"excerpt":{"rendered":"<p>Wenn\u00a0&#8222;Gift&#8220; zu &#8222;Wirkstoff&#8220; und\u00a0&#8222;Atomm\u00fclllager&#8220; zu\u00a0&#8222;Entsorgungspark&#8220;, dann ist Greenwash am Werke.\u00a0Nun auch bei dem so\u00a0sch\u00f6n gr\u00fcn klingenden Begriffen &#8222;\u00d6ko-Laster&#8220; bzw. &#8222;\u00d6koliner&#8220;. Jeder dieser 25,25 m langen Superlastwagen l\u00e4dt bis 40 t\u00a0Gewicht und belastet unsere maroden Strassen\u00a0so stark wie 60.000 Pkw. Unsere &hellip; <a href=\"https:\/\/www.freiburg-schwarzwald.de\/blog\/oekoliner-40-t-laster-greenwash\/\">Weiterlesen <span class=\"meta-nav\">&rarr;<\/span><\/a><\/p>\n","protected":false},"author":2,"featured_media":0,"comment_status":"open","ping_status":"closed","sticky":false,"template":"","format":"standard","meta":{"footnotes":""},"categories":[98,80,68,118],"tags":[26,255,28,571],"class_list":["post-55569","post","type-post","status-publish","format-standard","hentry","category-literatur","category-medien","category-umwelt","category-verkehr","tag-deutsch","tag-greenwash","tag-sprache","tag-werbung"],"_links":{"self":[{"href":"https:\/\/www.freiburg-schwarzwald.de\/blog\/wp-json\/wp\/v2\/posts\/55569","targetHints":{"allow":["GET"]}}],"collection":[{"href":"https:\/\/www.freiburg-schwarzwald.de\/blog\/wp-json\/wp\/v2\/posts"}],"about":[{"href":"https:\/\/www.freiburg-schwarzwald.de\/blog\/wp-json\/wp\/v2\/types\/post"}],"author":[{"embeddable":true,"href":"https:\/\/www.freiburg-schwarzwald.de\/blog\/wp-json\/wp\/v2\/users\/2"}],"replies":[{"embeddable":true,"href":"https:\/\/www.freiburg-schwarzwald.de\/blog\/wp-json\/wp\/v2\/comments?post=55569"}],"version-history":[{"count":0,"href":"https:\/\/www.freiburg-schwarzwald.de\/blog\/wp-json\/wp\/v2\/posts\/55569\/revisions"}],"wp:attachment":[{"href":"https:\/\/www.freiburg-schwarzwald.de\/blog\/wp-json\/wp\/v2\/media?parent=55569"}],"wp:term":[{"taxonomy":"category","embeddable":true,"href":"https:\/\/www.freiburg-schwarzwald.de\/blog\/wp-json\/wp\/v2\/categories?post=55569"},{"taxonomy":"post_tag","embeddable":true,"href":"https:\/\/www.freiburg-schwarzwald.de\/blog\/wp-json\/wp\/v2\/tags?post=55569"}],"curies":[{"name":"wp","href":"https:\/\/api.w.org\/{rel}","templated":true}]}}