{"id":55391,"date":"2015-06-01T10:53:06","date_gmt":"2015-06-01T08:53:06","guid":{"rendered":"https:\/\/www.freiburg-schwarzwald.de\/blog\/?p=55391"},"modified":"2026-04-01T22:40:24","modified_gmt":"2026-04-01T20:40:24","slug":"friedensdienst-sizilien-abi-wenz","status":"publish","type":"post","link":"https:\/\/www.freiburg-schwarzwald.de\/blog\/friedensdienst-sizilien-abi-wenz\/","title":{"rendered":"Friedensdienst Sizilien Abi Wenz"},"content":{"rendered":"<p><a title=\"Spende\" href=\"https:\/\/www.freiburg-schwarzwald.de\/blog\/engagement\/spende\/\">Unterst\u00fctzer<\/a> gesucht. Domenic Wenz von der <a title=\"Auferstehung\" href=\"https:\/\/www.freiburg-schwarzwald.de\/blog\/religion\/kirchen\/auferstehung\/\">Auferstehungsgemeinde<\/a> geht als <a title=\"Freiwillig\" href=\"https:\/\/www.freiburg-schwarzwald.de\/blog\/engagement\/freiwillig\/\">freiwilliger Helfer<\/a> nach <a title=\"Italien\" href=\"https:\/\/www.freiburg-schwarzwald.de\/blog\/global\/italien\/\">Sizilien<\/a>. Durch die <a title=\"Gymnasium\" href=\"https:\/\/www.freiburg-schwarzwald.de\/blog\/bildung\/schulen\/gymnasium\/\">verk\u00fcrzte Schulzeit (G8)<\/a> haben die Abiturienten ihr Abschlusszeugnis immer fr\u00fcher in der Tasche. Aber wenige wissen danach gleich ganz genau, wohin die Reise gehen soll. Viele wollen sich erst einmal orientieren und schauen, was sie wirklich interessiert, sie m\u00f6chten zun\u00e4chst neue Erfahrungen machen und selbstst\u00e4ndiger werden. <!--more-->Domenic Wenz aus Littenweiler ist einer der vielen Jugendlichen, die im Sommer ihr Abitur haben. Wie so manch anderer, wei\u00df auch er noch nicht so genau, was er sp\u00e4ter beruflich machen m\u00f6chte. Er will sich deswegen gerne erst einmal ehrenamtlich engagieren und mit Kindern und Jugendlichen arbeiten. \u201eEinfach nur arbeiten, reisen, dann wieder arbeiten, das war mir nicht genug\u201c, sagt er. Jetzt will er f\u00fcr ein Jahr nach Italien gehen. Ab August wird er einen einj\u00e4hrigen <a title=\"Bundesfreiwilligendienst\" href=\"https:\/\/www.freiburg-schwarzwald.de\/blog\/engagement\/freiwillig\/bundesfreiwilligendienst\/\">Freiwilligen \u00d6kumenischen Friedensdienst<\/a> in einer Kleinstadt im S\u00fcdosten Siziliens leisten. Beitrag zur V\u00f6lkerverst\u00e4ndigung Mit der Entsendung von Freiwilligen will die Evangelische Landeskirche in Baden einen Beitrag zur V\u00f6lkerverst\u00e4ndigung leisten und das soziale und interkulturelle Lernen der jungen Menschen f\u00f6rdern. W\u00e4hrend dieser 12 Monate wird Domenic im Projekt Centro ecumenico in Scicli\/ltalien leben und arbeiten. Er wird dort beim Aufbau der Gemeinde mitarbeiten. Vormittags hilft er im Kindergarten, ansonsten wird er die Gemeindearbeit unterst\u00fctzen und beim Aufbau neuer Aktivit\u00e4ten helfen.<br \/>\nZu seinen Aufgaben geh\u00f6rt auch die Arbeit mit Migranten und f\u00fcr das Fl\u00fcchtlingsprojekt. \u201eMediterreanean Hope\u201c der Federazione delle chiese evangeliche in Italia. Das Gemeindezentrum befindet sich noch im Aufbau, daher sind Domenics Aufgaben noch nicht 100%ig festgelegt, das gibt ihm aber die Gelegenheit seine F\u00e4higkeiten einzubringen. Vor Ort wohnt er in einer Wohngemeinschaft mit einer weiteren Freiwilligen Helferin vom Gustav-Adolf-Werk (GAW). Zu Anfang des Jahres wird Domenic erst einmal einen zweiw\u00f6chigen Sprachkurs in Torre Pellice, gemeinsam mit anderen Freiwilligen absolvieren, dann geht es weiter auf die lange Zugfahrt nach Sizilien. Noch wohnt der 19-J\u00e4hrige mit einem j\u00fcngeren Bruder zuhause bei den Eltern. Mit Kinder gearbeitet hat er schon fr\u00fch. \u201eIn der Grundschule war ich erst als Kind jedes Jahr bei den Zeltlagern der Auferstehungsgemeinde dabei, sp\u00e4ter dann als Leiter und bis heute bin ich im A-Team aktiv. Es ist immer wieder spannend, dort die Jungschar-Gruppen zu leiten. Die Kinder sind zwischen acht und 14 Jahre alt, es macht mir viel Freude\u201c, sagt er. Sein Abi hat er auf einem sozialwissenschaftlichen Gymnasium absolviert. \u201eAber ich m\u00f6chte nicht gleich studieren, sondern mich erst einmal orientieren und sozial engagieren, auch um selbstst\u00e4ndiger zu werden\u201c, meint er. Ein Jahr weg von zuhause ist eine gro\u00dfe Herausforderung, aber er freut sich auf die Zeit. Unterst\u00fctzer gesucht Das Projekt ist auf die Solidarit\u00e4t vieler angewiesen. Wer Domenic und seine Arbeit in Sizilien unterst\u00fctzen und dazu beitragen m\u00f6chte, dass auch im n\u00e4chsten Jahr Freiwillige vor Ort arbeiten k\u00f6nnen, wo es n\u00f6tig ist, aber die Finanzierung solcher Dienste fehlt, kann gerne Spenden. Die Unterst\u00fctzer und F\u00f6rderer erhalten dann regelm\u00e4\u00dfig einen Bericht \u00fcber die Arbeit. Mehr Informationen gibt Domenic bei einem Vortrag im Juli im Gemeindesaal der Auferstehungskirche in der Kapplerstra\u00dfe. Der genaue Termin steht noch nicht fest, aber wer Interesse oder jetzt schon weitere Fragen hat, kann sich gerne direkt an ihn wenden,<br \/>\n&#8230;<br \/>\nSpendenkonto: 0 500 011 der Evangelischen Landeskirchenkasse Karlsruhe bei der Evangelischen Bank Kassel, IBAN: DE 0752 0604 1000 0050 0011, BIC: GENODEFIEK1.<br \/>\nBitte geben Sie als Verwendungszweck \u201eDomenic Wenz\u201c an. Wer die regelm\u00e4\u00dfigen Berichte von Dominic erhalten m\u00f6chte, der sollte ihm zus\u00e4tzlich zur Spende noch seine Adresse, am besten per Mail mitteilen.<br \/>\n1.6.2015, Anja Lusch, <a title=\"Littenweiler-Dorfblatt\" href=\"https:\/\/www.freiburg-schwarzwald.de\/blog\/regio\/freiburg\/littenweiler\/littenweiler-dorfblatt\/\">Littenweiler Dorfblatt<\/a><\/p>\n","protected":false},"excerpt":{"rendered":"<p>Unterst\u00fctzer gesucht. Domenic Wenz von der Auferstehungsgemeinde geht als freiwilliger Helfer nach Sizilien. Durch die verk\u00fcrzte Schulzeit (G8) haben die Abiturienten ihr Abschlusszeugnis immer fr\u00fcher in der Tasche. Aber wenige wissen danach gleich ganz genau, wohin die Reise gehen soll. &hellip; <a href=\"https:\/\/www.freiburg-schwarzwald.de\/blog\/friedensdienst-sizilien-abi-wenz\/\">Weiterlesen <span class=\"meta-nav\">&rarr;<\/span><\/a><\/p>\n","protected":false},"author":2,"featured_media":0,"comment_status":"open","ping_status":"closed","sticky":false,"template":"","format":"standard","meta":{"footnotes":""},"categories":[54,400,60,161],"tags":[280,717,577,568,270],"class_list":["post-55391","post","type-post","status-publish","format-standard","hentry","category-ehrenamt","category-freiwillig","category-jugend","category-spende","tag-bufdi","tag-ehrenamt","tag-hilfe-2","tag-jugend-2","tag-gift"],"_links":{"self":[{"href":"https:\/\/www.freiburg-schwarzwald.de\/blog\/wp-json\/wp\/v2\/posts\/55391","targetHints":{"allow":["GET"]}}],"collection":[{"href":"https:\/\/www.freiburg-schwarzwald.de\/blog\/wp-json\/wp\/v2\/posts"}],"about":[{"href":"https:\/\/www.freiburg-schwarzwald.de\/blog\/wp-json\/wp\/v2\/types\/post"}],"author":[{"embeddable":true,"href":"https:\/\/www.freiburg-schwarzwald.de\/blog\/wp-json\/wp\/v2\/users\/2"}],"replies":[{"embeddable":true,"href":"https:\/\/www.freiburg-schwarzwald.de\/blog\/wp-json\/wp\/v2\/comments?post=55391"}],"version-history":[{"count":2,"href":"https:\/\/www.freiburg-schwarzwald.de\/blog\/wp-json\/wp\/v2\/posts\/55391\/revisions"}],"predecessor-version":[{"id":147364,"href":"https:\/\/www.freiburg-schwarzwald.de\/blog\/wp-json\/wp\/v2\/posts\/55391\/revisions\/147364"}],"wp:attachment":[{"href":"https:\/\/www.freiburg-schwarzwald.de\/blog\/wp-json\/wp\/v2\/media?parent=55391"}],"wp:term":[{"taxonomy":"category","embeddable":true,"href":"https:\/\/www.freiburg-schwarzwald.de\/blog\/wp-json\/wp\/v2\/categories?post=55391"},{"taxonomy":"post_tag","embeddable":true,"href":"https:\/\/www.freiburg-schwarzwald.de\/blog\/wp-json\/wp\/v2\/tags?post=55391"}],"curies":[{"name":"wp","href":"https:\/\/api.w.org\/{rel}","templated":true}]}}