{"id":55333,"date":"2015-07-09T22:40:11","date_gmt":"2015-07-09T20:40:11","guid":{"rendered":"https:\/\/www.freiburg-schwarzwald.de\/blog\/?p=55333"},"modified":"2015-07-10T16:29:03","modified_gmt":"2015-07-10T14:29:03","slug":"ph-freiburg-fachschaftsfest-juli","status":"publish","type":"post","link":"https:\/\/www.freiburg-schwarzwald.de\/blog\/ph-freiburg-fachschaftsfest-juli\/","title":{"rendered":"PH Freiburg Fachschaftsfest Juli"},"content":{"rendered":"<p>Das allj\u00e4hrliche Fest der Fachschaften fand am 9.7.2015 auf dem Campus der <a title=\"PH\" href=\"https:\/\/www.freiburg-schwarzwald.de\/blog\/bildung\/hochschulen\/ph\/\">P\u00e4dagogischen Hochschule (PH)<\/a> in <a title=\"Freiburg\" href=\"https:\/\/www.freiburg-schwarzwald.de\/blog\/regio\/freiburg\/\">Freiburg<\/a>&#8211;<a title=\"Littenweiler\" href=\"https:\/\/www.freiburg-schwarzwald.de\/blog\/regio\/freiburg\/littenweiler\/\">Littenweiler<\/a> statt. Sonne, angenehme 22 Grad, viele Besucher beim diesj\u00e4hrigen Sommerfest 14-22 Uhr auf dem Campus zwischen KG5 und Mensa.<\/p>\n<p><!--more--><\/p>\n<p>&nbsp;<\/p>\n<p><a href=\"https:\/\/www.freiburg-schwarzwald.de\/blog\/ph-freiburg-fachschaftsfest-juli\/ph1fachschaftsfest150709\/\" rel=\"attachment wp-att-55334\"><img loading=\"lazy\" decoding=\"async\" class=\"alignnone size-thumbnail wp-image-55334\" src=\"https:\/\/www.freiburg-schwarzwald.de\/blog\/wp-content\/uploads\/2015\/07\/ph1fachschaftsfest150709-180x135.jpg\" alt=\"ph1fachschaftsfest150709\" width=\"180\" height=\"135\" srcset=\"https:\/\/www.freiburg-schwarzwald.de\/blog\/wp-content\/uploads\/2015\/07\/ph1fachschaftsfest150709-180x135.jpg 180w, https:\/\/www.freiburg-schwarzwald.de\/blog\/wp-content\/uploads\/2015\/07\/ph1fachschaftsfest150709.jpg 640w\" sizes=\"auto, (max-width: 180px) 100vw, 180px\" \/><\/a>\u00a0 \u00a0 \u00a0 \u00a0 \u00a0\u00a0<a href=\"https:\/\/www.freiburg-schwarzwald.de\/blog\/ph-freiburg-fachschaftsfest-juli\/ph2fachschaftsfest150709\/\" rel=\"attachment wp-att-55335\"><img loading=\"lazy\" decoding=\"async\" class=\"alignnone size-thumbnail wp-image-55335\" src=\"https:\/\/www.freiburg-schwarzwald.de\/blog\/wp-content\/uploads\/2015\/07\/ph2fachschaftsfest150709-180x135.jpg\" alt=\"ph2fachschaftsfest150709\" width=\"180\" height=\"135\" srcset=\"https:\/\/www.freiburg-schwarzwald.de\/blog\/wp-content\/uploads\/2015\/07\/ph2fachschaftsfest150709-180x135.jpg 180w, https:\/\/www.freiburg-schwarzwald.de\/blog\/wp-content\/uploads\/2015\/07\/ph2fachschaftsfest150709.jpg 640w\" sizes=\"auto, (max-width: 180px) 100vw, 180px\" \/><\/a>\u00a0 \u00a0 \u00a0 \u00a0 \u00a0\u00a0<a href=\"https:\/\/www.freiburg-schwarzwald.de\/blog\/ph-freiburg-fachschaftsfest-juli\/ph4fachschaftsfest150709\/\" rel=\"attachment wp-att-55336\"><img loading=\"lazy\" decoding=\"async\" class=\"alignnone size-thumbnail wp-image-55336\" src=\"https:\/\/www.freiburg-schwarzwald.de\/blog\/wp-content\/uploads\/2015\/07\/ph4fachschaftsfest150709-135x180.jpg\" alt=\"ph4fachschaftsfest150709\" width=\"135\" height=\"180\" srcset=\"https:\/\/www.freiburg-schwarzwald.de\/blog\/wp-content\/uploads\/2015\/07\/ph4fachschaftsfest150709-135x180.jpg 135w, https:\/\/www.freiburg-schwarzwald.de\/blog\/wp-content\/uploads\/2015\/07\/ph4fachschaftsfest150709.jpg 480w\" sizes=\"auto, (max-width: 135px) 100vw, 135px\" \/><\/a><br \/>\n(1) Blick zur Mensa am\u00a0\u00a09.7.2013 \u00a0 \u00a0 \u00a0 \u00a0 \u00a0(2) Wasserrutsche am Bach \u00a0 \u00a0 \u00a0 \u00a0 \u00a0 \u00a0 \u00a0 \u00a0 \u00a0 \u00a0 (3) Chinesisch &#8211; Koreanisch<\/p>\n<p><a href=\"https:\/\/www.freiburg-schwarzwald.de\/blog\/ph-freiburg-fachschaftsfest-juli\/ph5fachschaftsfest150709\/\" rel=\"attachment wp-att-55337\"><img loading=\"lazy\" decoding=\"async\" class=\"alignnone size-thumbnail wp-image-55337\" src=\"https:\/\/www.freiburg-schwarzwald.de\/blog\/wp-content\/uploads\/2015\/07\/ph5fachschaftsfest150709-135x180.jpg\" alt=\"ph5fachschaftsfest150709\" width=\"135\" height=\"180\" srcset=\"https:\/\/www.freiburg-schwarzwald.de\/blog\/wp-content\/uploads\/2015\/07\/ph5fachschaftsfest150709-135x180.jpg 135w, https:\/\/www.freiburg-schwarzwald.de\/blog\/wp-content\/uploads\/2015\/07\/ph5fachschaftsfest150709.jpg 480w\" sizes=\"auto, (max-width: 135px) 100vw, 135px\" \/><\/a>\u00a0 \u00a0 \u00a0 \u00a0 \u00a0 \u00a0 \u00a0 \u00a0 \u00a0 \u00a0 \u00a0 \u00a0 \u00a0<a href=\"https:\/\/www.freiburg-schwarzwald.de\/blog\/ph-freiburg-fachschaftsfest-juli\/ph6fachschaftsfest150709\/\" rel=\"attachment wp-att-55338\"><img loading=\"lazy\" decoding=\"async\" class=\"alignnone size-thumbnail wp-image-55338\" src=\"https:\/\/www.freiburg-schwarzwald.de\/blog\/wp-content\/uploads\/2015\/07\/ph6fachschaftsfest150709-180x135.jpg\" alt=\"ph6fachschaftsfest150709\" width=\"180\" height=\"135\" srcset=\"https:\/\/www.freiburg-schwarzwald.de\/blog\/wp-content\/uploads\/2015\/07\/ph6fachschaftsfest150709-180x135.jpg 180w, https:\/\/www.freiburg-schwarzwald.de\/blog\/wp-content\/uploads\/2015\/07\/ph6fachschaftsfest150709.jpg 640w\" sizes=\"auto, (max-width: 180px) 100vw, 180px\" \/><\/a>\u00a0 \u00a0 \u00a0 \u00a0 \u00a0\u00a0<a href=\"https:\/\/www.freiburg-schwarzwald.de\/blog\/ph-freiburg-fachschaftsfest-juli\/ph7fachschaftsfest150709\/\" rel=\"attachment wp-att-55339\"><img loading=\"lazy\" decoding=\"async\" class=\"alignnone size-thumbnail wp-image-55339\" src=\"https:\/\/www.freiburg-schwarzwald.de\/blog\/wp-content\/uploads\/2015\/07\/ph7fachschaftsfest150709-180x135.jpg\" alt=\"ph7fachschaftsfest150709\" width=\"180\" height=\"135\" srcset=\"https:\/\/www.freiburg-schwarzwald.de\/blog\/wp-content\/uploads\/2015\/07\/ph7fachschaftsfest150709-180x135.jpg 180w, https:\/\/www.freiburg-schwarzwald.de\/blog\/wp-content\/uploads\/2015\/07\/ph7fachschaftsfest150709.jpg 640w\" sizes=\"auto, (max-width: 180px) 100vw, 180px\" \/><\/a><br \/>\n(4) China und S\u00fcdkorea zu Gast \u00a0 \u00a0 \u00a0 \u00a0 \u00a0 (5) Blick westw\u00e4rts PH-Campus \u00a0 \u00a0 \u00a0 \u00a0 \u00a0 \u00a0 (6) Musikband aus Freiburg<\/p>\n<p>(4) Prof Ulrich Druwe,\u00a0seit 2008 Rektor der PH Freiburg, mit der Professorin Myung Soon CHO aus S\u00fcdkorea und zwei Studentinnen aus Korea (links) und China (rechts Wen Yan), auf dem Fachschaftsfest<\/p>\n","protected":false},"excerpt":{"rendered":"<p>Das allj\u00e4hrliche Fest der Fachschaften fand am 9.7.2015 auf dem Campus der P\u00e4dagogischen Hochschule (PH) in Freiburg&#8211;Littenweiler statt. Sonne, angenehme 22 Grad, viele Besucher beim diesj\u00e4hrigen Sommerfest 14-22 Uhr auf dem Campus zwischen KG5 und Mensa.<\/p>\n","protected":false},"author":2,"featured_media":0,"comment_status":"open","ping_status":"closed","sticky":false,"template":"","format":"standard","meta":{"footnotes":""},"categories":[14,267,249,283],"tags":[27,585,29,338,504],"class_list":["post-55333","post","type-post","status-publish","format-standard","hentry","category-global","category-hochschulen","category-hock","category-littenweiler","tag-ausland","tag-schule","tag-student","tag-uni","tag-weiterbildung"],"_links":{"self":[{"href":"https:\/\/www.freiburg-schwarzwald.de\/blog\/wp-json\/wp\/v2\/posts\/55333","targetHints":{"allow":["GET"]}}],"collection":[{"href":"https:\/\/www.freiburg-schwarzwald.de\/blog\/wp-json\/wp\/v2\/posts"}],"about":[{"href":"https:\/\/www.freiburg-schwarzwald.de\/blog\/wp-json\/wp\/v2\/types\/post"}],"author":[{"embeddable":true,"href":"https:\/\/www.freiburg-schwarzwald.de\/blog\/wp-json\/wp\/v2\/users\/2"}],"replies":[{"embeddable":true,"href":"https:\/\/www.freiburg-schwarzwald.de\/blog\/wp-json\/wp\/v2\/comments?post=55333"}],"version-history":[{"count":0,"href":"https:\/\/www.freiburg-schwarzwald.de\/blog\/wp-json\/wp\/v2\/posts\/55333\/revisions"}],"wp:attachment":[{"href":"https:\/\/www.freiburg-schwarzwald.de\/blog\/wp-json\/wp\/v2\/media?parent=55333"}],"wp:term":[{"taxonomy":"category","embeddable":true,"href":"https:\/\/www.freiburg-schwarzwald.de\/blog\/wp-json\/wp\/v2\/categories?post=55333"},{"taxonomy":"post_tag","embeddable":true,"href":"https:\/\/www.freiburg-schwarzwald.de\/blog\/wp-json\/wp\/v2\/tags?post=55333"}],"curies":[{"name":"wp","href":"https:\/\/api.w.org\/{rel}","templated":true}]}}