{"id":55328,"date":"2015-07-09T17:28:05","date_gmt":"2015-07-09T15:28:05","guid":{"rendered":"https:\/\/www.freiburg-schwarzwald.de\/blog\/?p=55328"},"modified":"2018-11-11T19:07:47","modified_gmt":"2018-11-11T18:07:47","slug":"vergreisung-landflucht-bis-2030","status":"publish","type":"post","link":"https:\/\/www.freiburg-schwarzwald.de\/blog\/vergreisung-landflucht-bis-2030\/","title":{"rendered":"Vergreisung Landflucht bis 2030"},"content":{"rendered":"<p>In 2030 werde ich als dann 85-J\u00e4hriger einer von 818.000 <a title=\"Senioren\" href=\"https:\/\/www.freiburg-schwarzwald.de\/blog\/selbsthilfe\/senioren\/\">Hochbetagten<\/a> (Greise \u00fcber 80) sein, gegen\u00fcber nur 541.000 heute &#8211; die <a title=\"Demografie\" href=\"https:\/\/www.freiburg-schwarzwald.de\/blog\/engagement\/zukunft\/demografie\/\">Vergreisung<\/a>\u00a0in Baden-W\u00fcrttemberg wird also um 51,2% zunehmen. \u00dcber 25% der Einwohner im L\u00e4ndle sind dann im <a title=\"Betreuung\" href=\"https:\/\/www.freiburg-schwarzwald.de\/blog\/selbsthilfe\/soziales\/betreuung\/\">Rentenalter<\/a>. 6,3 Mio der 80 Mio Deutschen in 2030 werden \u00fcber 80 Jahre sein. In Freiburg wird der Anteil der Greise &#8217;nur&#8216; bei 5,8% liegen, da die <a title=\"Laendlicher-Raum\" href=\"https:\/\/www.freiburg-schwarzwald.de\/blog\/regio\/laendlicher-raum\/\">Landflucht<\/a> gem\u00e4\u00df &#8222;Die <a title=\"Zuwanderung nach Babyboom\" href=\"https:\/\/www.freiburg-schwarzwald.de\/blog\/zuwanderung-nach-babyboom\/\">Jungen<\/a> gehen und die Alten bleiben&#8220; <!--more-->weiter stark zunehmen wird. <a title=\"Landflucht\" href=\"https:\/\/www.freiburg-schwarzwald.de\/blog\/global\/integration\/landflucht\/\">L\u00e4ndliche Regionen<\/a> bluten aus und ver\u00f6den, w\u00e4hrend Freiburg zu den <a title=\"Stadt\" href=\"https:\/\/www.freiburg-schwarzwald.de\/blog\/business\/dienste\/immobilien\/stadt\/\">jungen Gro\u00dfst\u00e4dten<\/a> z\u00e4hlen wird mit einem Medianalter von 42.2 Jahren &#8211; gegen\u00fcber 47,4 Jahren im L\u00e4ndle. Die Bev\u00f6lkerungsstruktur wird sich bis 2030 gewaltig verschieben. Vom Norden in den S\u00fcden (Mecklenburg schrumpft um 7,9 %, BW w\u00e4chst um 2,1 %) und vom l\u00e4ndlichen Raum in die st\u00e4dtischen Ballungsgebiete (Raum Furtwangen -14 % gegen\u00fcber Freiburg +11,9 %).<br \/>\nDie Daten der von der Bertelsmann-Stiftung durchgef\u00fchrten Studie zur Entwicklung der Bev\u00f6lkerung in Deutschland von 2015 bis 2030 kann man nachlesen auf <a href=\"https:\/\/www.bertelsmann-stiftung.de\/de\/themen\/aktuelle-meldungen\/2015\/juli\/demographischer-wandel-verstaerkt-unterschiede-zwischen-stadt-und-land\/\">https:\/\/www.bertelsmann-stiftung.de\/de\/themen\/aktuelle-meldungen\/2015\/juli\/demographischer-wandel-verstaerkt-unterschiede-zwischen-stadt-und-land\/<\/a>\u00a0oder aufbereitet auf <a href=\"https:\/\/www.wegweiser-kommune.de\">www.wegweiser-kommune.de<\/a>.<br \/>\n9.7.2015<\/p>\n","protected":false},"excerpt":{"rendered":"<p>In 2030 werde ich als dann 85-J\u00e4hriger einer von 818.000 Hochbetagten (Greise \u00fcber 80) sein, gegen\u00fcber nur 541.000 heute &#8211; die Vergreisung\u00a0in Baden-W\u00fcrttemberg wird also um 51,2% zunehmen. \u00dcber 25% der Einwohner im L\u00e4ndle sind dann im Rentenalter. 6,3 Mio &hellip; <a href=\"https:\/\/www.freiburg-schwarzwald.de\/blog\/vergreisung-landflucht-bis-2030\/\">Weiterlesen <span class=\"meta-nav\">&rarr;<\/span><\/a><\/p>\n","protected":false},"author":2,"featured_media":0,"comment_status":"open","ping_status":"closed","sticky":false,"template":"","format":"standard","meta":{"footnotes":""},"categories":[102,172],"tags":[190,327,621,532],"class_list":["post-55328","post","type-post","status-publish","format-standard","hentry","category-senioren","category-zukunft","tag-alter","tag-demografie","tag-land","tag-city"],"_links":{"self":[{"href":"https:\/\/www.freiburg-schwarzwald.de\/blog\/wp-json\/wp\/v2\/posts\/55328","targetHints":{"allow":["GET"]}}],"collection":[{"href":"https:\/\/www.freiburg-schwarzwald.de\/blog\/wp-json\/wp\/v2\/posts"}],"about":[{"href":"https:\/\/www.freiburg-schwarzwald.de\/blog\/wp-json\/wp\/v2\/types\/post"}],"author":[{"embeddable":true,"href":"https:\/\/www.freiburg-schwarzwald.de\/blog\/wp-json\/wp\/v2\/users\/2"}],"replies":[{"embeddable":true,"href":"https:\/\/www.freiburg-schwarzwald.de\/blog\/wp-json\/wp\/v2\/comments?post=55328"}],"version-history":[{"count":0,"href":"https:\/\/www.freiburg-schwarzwald.de\/blog\/wp-json\/wp\/v2\/posts\/55328\/revisions"}],"wp:attachment":[{"href":"https:\/\/www.freiburg-schwarzwald.de\/blog\/wp-json\/wp\/v2\/media?parent=55328"}],"wp:term":[{"taxonomy":"category","embeddable":true,"href":"https:\/\/www.freiburg-schwarzwald.de\/blog\/wp-json\/wp\/v2\/categories?post=55328"},{"taxonomy":"post_tag","embeddable":true,"href":"https:\/\/www.freiburg-schwarzwald.de\/blog\/wp-json\/wp\/v2\/tags?post=55328"}],"curies":[{"name":"wp","href":"https:\/\/api.w.org\/{rel}","templated":true}]}}