{"id":55259,"date":"2015-07-01T16:31:40","date_gmt":"2015-07-01T14:31:40","guid":{"rendered":"https:\/\/www.freiburg-schwarzwald.de\/blog\/?p=55259"},"modified":"2015-07-01T16:31:40","modified_gmt":"2015-07-01T14:31:40","slug":"naturpark-kaesemesse-oberried","status":"publish","type":"post","link":"https:\/\/www.freiburg-schwarzwald.de\/blog\/naturpark-kaesemesse-oberried\/","title":{"rendered":"Naturpark K\u00e4semesse Oberried"},"content":{"rendered":"<p class=\"western\">Am Sonntag, dem 5. Juli 2015, findet in der <a title=\"Kleinkunst in der Klosterschiire Oberried\" href=\"https:\/\/www.freiburg-schwarzwald.de\/blog\/kleinkunst-in-der-klosterschiire-oberried\/\">Klosterschiiere von Oberried<\/a> von 11 bis 17 Uhr die <a title=\"Naturpark Suedschwarzwald\" href=\"https:\/\/www.freiburg-schwarzwald.de\/blog\/naturpark-suedschwarzwald\/\">Naturpark<\/a>-K\u00e4semesse statt. Rund 50 <a title=\"Kaese\" href=\"https:\/\/www.freiburg-schwarzwald.de\/blog\/natur\/ernaehrung\/kaese\/\">K\u00e4sesorten<\/a> aus der Region machen Appetit auf mehr. Die ganze K\u00e4sevielfalt aus dem Schwarzwald k\u00f6nnen die Besucher rund um die idyllische Klosterscheune in Oberried probieren. Die <a title=\"Naturpark Kaesemesse Rainhof\" href=\"https:\/\/www.freiburg-schwarzwald.de\/blog\/naturpark-kaesemesse-rainhof\/\">Hofk\u00e4sereien<\/a> der K\u00e4seroute laden von 11 bis 17 Uhr zu einem ganz besonderen Fest f\u00fcr den <a title=\"Ernaehrung\" href=\"https:\/\/www.freiburg-schwarzwald.de\/blog\/natur\/ernaehrung\/\">Gaumen<\/a> ein. <!--more-->Und da K\u00e4se und Wein gut zusammenpassen, stehen ihnen ausgesuchte Winzer aus der Region zur Seite. Schirmherrin der Naturpark-K\u00e4semesse ist Regierungspr\u00e4sidentin B\u00e4rbel Sch\u00e4fer.<\/p>\n<p class=\"western\">Ziel der K\u00e4semesse ist es, die Bandbreite der heimischen K\u00e4seproduktion erlebbar zu machen. Zudem bietet sie Gelegenheit, mit den K\u00e4sern der Bergbauernh\u00f6fe ins Gespr\u00e4ch kommen. So erf\u00e4hrt man einiges \u00fcber das K\u00e4semachen, \u00fcber das Leben und Wirtschaften in den H\u00f6henlagen des Schwarzwaldes und \u00fcber die Besonderheiten der Landschaft und ihrer Produkte. Die Besucher der kleinen aber feinen Genuss-Messe k\u00f6nnen sich auf ein Verw\u00f6hn-Programm freuen. Es gibt Schwarzwaldraclette, der Verein Kr\u00e4uterdorf Oberried serviert Variationen aus Kr\u00e4uterfrischk\u00e4se und original Hofsgrunder K\u00e4sesuppe. Vom Altenvogtshof gibt es knuspriges Bauernbrot und vieles mehr. Eine Attraktion f\u00fcr sich wird das K\u00e4sekuchenbuffet der Oberrieder Landfrauen sein. Informationen und ausf\u00fchrliches Programm unter <a href=\"https:\/\/www.kaesemesse-naturpark.de\">www.kaesemesse-naturpark.de<br \/>\n<\/a>1.7.2015, Gerhard L\u00fcck.<\/p>\n","protected":false},"excerpt":{"rendered":"<p>Am Sonntag, dem 5. Juli 2015, findet in der Klosterschiiere von Oberried von 11 bis 17 Uhr die Naturpark-K\u00e4semesse statt. Rund 50 K\u00e4sesorten aus der Region machen Appetit auf mehr. Die ganze K\u00e4sevielfalt aus dem Schwarzwald k\u00f6nnen die Besucher rund &hellip; <a href=\"https:\/\/www.freiburg-schwarzwald.de\/blog\/naturpark-kaesemesse-oberried\/\">Weiterlesen <span class=\"meta-nav\">&rarr;<\/span><\/a><\/p>\n","protected":false},"author":2,"featured_media":0,"comment_status":"open","ping_status":"closed","sticky":false,"template":"","format":"standard","meta":{"footnotes":""},"categories":[154,354],"tags":[716,739,505,470],"class_list":["post-55259","post","type-post","status-publish","format-standard","hentry","category-ernaehrung","category-genossenschaften","tag-bauernhof","tag-markt","tag-messen","tag-schauinsland"],"_links":{"self":[{"href":"https:\/\/www.freiburg-schwarzwald.de\/blog\/wp-json\/wp\/v2\/posts\/55259","targetHints":{"allow":["GET"]}}],"collection":[{"href":"https:\/\/www.freiburg-schwarzwald.de\/blog\/wp-json\/wp\/v2\/posts"}],"about":[{"href":"https:\/\/www.freiburg-schwarzwald.de\/blog\/wp-json\/wp\/v2\/types\/post"}],"author":[{"embeddable":true,"href":"https:\/\/www.freiburg-schwarzwald.de\/blog\/wp-json\/wp\/v2\/users\/2"}],"replies":[{"embeddable":true,"href":"https:\/\/www.freiburg-schwarzwald.de\/blog\/wp-json\/wp\/v2\/comments?post=55259"}],"version-history":[{"count":0,"href":"https:\/\/www.freiburg-schwarzwald.de\/blog\/wp-json\/wp\/v2\/posts\/55259\/revisions"}],"wp:attachment":[{"href":"https:\/\/www.freiburg-schwarzwald.de\/blog\/wp-json\/wp\/v2\/media?parent=55259"}],"wp:term":[{"taxonomy":"category","embeddable":true,"href":"https:\/\/www.freiburg-schwarzwald.de\/blog\/wp-json\/wp\/v2\/categories?post=55259"},{"taxonomy":"post_tag","embeddable":true,"href":"https:\/\/www.freiburg-schwarzwald.de\/blog\/wp-json\/wp\/v2\/tags?post=55259"}],"curies":[{"name":"wp","href":"https:\/\/api.w.org\/{rel}","templated":true}]}}