{"id":55247,"date":"2015-06-30T12:45:24","date_gmt":"2015-06-30T10:45:24","guid":{"rendered":"https:\/\/www.freiburg-schwarzwald.de\/blog\/?p=55247"},"modified":"2015-06-30T13:28:21","modified_gmt":"2015-06-30T11:28:21","slug":"radfahren-mit-musik-und-handy","status":"publish","type":"post","link":"https:\/\/www.freiburg-schwarzwald.de\/blog\/radfahren-mit-musik-und-handy\/","title":{"rendered":"Radfahren mit Musik und Handy"},"content":{"rendered":"<p>Die H\u00e4lfte aller <a title=\"Radfahren\" href=\"https:\/\/www.freiburg-schwarzwald.de\/blog\/regio\/verkehr\/radfahren\/\">Radfahrer<\/a> unter 25 ist laut Yougov mit Musik (<a title=\"Smartphone\" href=\"https:\/\/www.freiburg-schwarzwald.de\/blog\/kultur\/medien\/smartphone\/\">Ohrst\u00f6psel<\/a>, Lenkerradio) unterwegs &#8211; zwar legal, aber: &#8222;Wer ein Fahrzeug f\u00fchrt, ist daf\u00fcr verantwortlich, dass seine Sicht und das <a title=\"Laerm\" href=\"https:\/\/www.freiburg-schwarzwald.de\/blog\/natur\/umwelt\/laerm\/\">Geh\u00f6r<\/a> nicht durch &#8230; Ger\u00e4te beeintr\u00e4chtigt werden&#8220; (\u00a723 StvO). Bei einem <a title=\"Verkehr\" href=\"https:\/\/www.freiburg-schwarzwald.de\/blog\/regio\/verkehr\/\">Verkehrsunfall<\/a> wird es f\u00fcr die <a title=\"Radwanderwege\" href=\"https:\/\/www.freiburg-schwarzwald.de\/blog\/sport\/sportlern\/biken\/radwanderwege\/\">Radler<\/a> so richtig teuer, da <a title=\"Justiz\" href=\"https:\/\/www.freiburg-schwarzwald.de\/blog\/selbsthilfe\/soziales\/justiz\/\">Gerichte<\/a> die Aufmerksamkeit leiden und die Reaktionszeit verl\u00e4ngert \u00a0sehen.<br \/>\n<!--more-->W\u00e4hrend die Berieselung mit Musik in den Gesch\u00e4ften zur\u00fcckgeht (erste Shopping-Malls werben mit &#8222;Ruhe und Stille&#8220; beim Einkauf), scheint sie auf dem Velo \u00a0zuzunehmen. Es w\u00e4re ja auch st\u00f6rend, beim Radeln den Wind s\u00e4useln, den Regen prasseln, die V\u00f6gel pfeifen, den \u00dcberholenden klingeln, die unge\u00f6lten Pedale qietschen bzw. das reale Leben drumrum wahrnehmen zu k\u00f6nnen. Nach dem Motto: &#8222;Ich lebe nicht jetzt und hier in Augenblick und Wirklichkeit, sondern ich tauche virtuell ab, um \u00fcber den St\u00f6psel &#8222;I can&#8217;t get no &#8230;&#8220; zu h\u00f6ren, mit XY weitweg zu telefonieren und am \u00a0Ampelstau rasch bei Facebook zu posten und zu liken.<br \/>\n30.5.2015<\/p>\n","protected":false},"excerpt":{"rendered":"<p>Die H\u00e4lfte aller Radfahrer unter 25 ist laut Yougov mit Musik (Ohrst\u00f6psel, Lenkerradio) unterwegs &#8211; zwar legal, aber: &#8222;Wer ein Fahrzeug f\u00fchrt, ist daf\u00fcr verantwortlich, dass seine Sicht und das Geh\u00f6r nicht durch &#8230; Ger\u00e4te beeintr\u00e4chtigt werden&#8220; (\u00a723 StvO). Bei &hellip; <a href=\"https:\/\/www.freiburg-schwarzwald.de\/blog\/radfahren-mit-musik-und-handy\/\">Weiterlesen <span class=\"meta-nav\">&rarr;<\/span><\/a><\/p>\n","protected":false},"author":2,"featured_media":0,"comment_status":"open","ping_status":"closed","sticky":false,"template":"","format":"standard","meta":{"footnotes":""},"categories":[1],"tags":[113,386,252],"class_list":["post-55247","post","type-post","status-publish","format-standard","hentry","category-allgemein","tag-fahrrad","tag-smartphone","tag-ultra-bike"],"_links":{"self":[{"href":"https:\/\/www.freiburg-schwarzwald.de\/blog\/wp-json\/wp\/v2\/posts\/55247","targetHints":{"allow":["GET"]}}],"collection":[{"href":"https:\/\/www.freiburg-schwarzwald.de\/blog\/wp-json\/wp\/v2\/posts"}],"about":[{"href":"https:\/\/www.freiburg-schwarzwald.de\/blog\/wp-json\/wp\/v2\/types\/post"}],"author":[{"embeddable":true,"href":"https:\/\/www.freiburg-schwarzwald.de\/blog\/wp-json\/wp\/v2\/users\/2"}],"replies":[{"embeddable":true,"href":"https:\/\/www.freiburg-schwarzwald.de\/blog\/wp-json\/wp\/v2\/comments?post=55247"}],"version-history":[{"count":0,"href":"https:\/\/www.freiburg-schwarzwald.de\/blog\/wp-json\/wp\/v2\/posts\/55247\/revisions"}],"wp:attachment":[{"href":"https:\/\/www.freiburg-schwarzwald.de\/blog\/wp-json\/wp\/v2\/media?parent=55247"}],"wp:term":[{"taxonomy":"category","embeddable":true,"href":"https:\/\/www.freiburg-schwarzwald.de\/blog\/wp-json\/wp\/v2\/categories?post=55247"},{"taxonomy":"post_tag","embeddable":true,"href":"https:\/\/www.freiburg-schwarzwald.de\/blog\/wp-json\/wp\/v2\/tags?post=55247"}],"curies":[{"name":"wp","href":"https:\/\/api.w.org\/{rel}","templated":true}]}}