{"id":55222,"date":"2015-06-29T15:32:06","date_gmt":"2015-06-29T13:32:06","guid":{"rendered":"https:\/\/www.freiburg-schwarzwald.de\/blog\/?p=55222"},"modified":"2015-06-29T16:03:51","modified_gmt":"2015-06-29T14:03:51","slug":"keramiktage-in-freiburg-wiehre","status":"publish","type":"post","link":"https:\/\/www.freiburg-schwarzwald.de\/blog\/keramiktage-in-freiburg-wiehre\/","title":{"rendered":"Keramiktage in Freiburg-Wiehre"},"content":{"rendered":"<p>Bei den\u00a0<a title=\"Keramiktage\" href=\"https:\/\/www.freiburg-schwarzwald.de\/blog\/kultur\/kunst\/keramik\/keramiktage\/\">Freiburger Keramiktagen<\/a>\u00a0am 27.\/28. Juni 2015 in der <a title=\"Wiehre\" href=\"https:\/\/www.freiburg-schwarzwald.de\/blog\/regio\/freiburg\/wiehre\/\">Wiehre<\/a> passte alles zusammen: Warmes Sonnenwetter &#8222;comme en Procence&#8220; (so die T\u00f6pferin Stephanie aus Beaumes de Venise), famili\u00e4re Atmosph\u00e4re (&#8222;waren Sie nicht letztes Jahr auch schon da?&#8220;), neue Ideen (diesmal aus\u00a0\u00d6sterreich, Tschechien, Slowenien und Frankreich) und neben sch\u00f6ner Gebrauchskeramik\u00a0mehr und mehr <a title=\"Kunst\" href=\"https:\/\/www.freiburg-schwarzwald.de\/blog\/kultur\/kunst\/\">Kunst<\/a> bzw. K\u00fcnstlerisches.<!--more--><\/p>\n<p>Markus Klausmann hat die Keramiktage am alten Wiehrebahnhof schon vor 25 Jahren gegr\u00fcndet &#8211; trotzdem ist dieser T\u00f6pfermarkt nie langweilig, nie dasselbe und nie alter Hut. Im Gegenteil &#8211; es erstaunt, was es allj\u00e4hrlich an Neuem zu entdecken gilt.<\/p>\n<p>&nbsp;<\/p>\n<p><a href=\"https:\/\/www.freiburg-schwarzwald.de\/blog\/keramiktage-in-freiburg-wiehre\/keramik6wiehre150627\/\" rel=\"attachment wp-att-55226\"><img loading=\"lazy\" decoding=\"async\" class=\"alignnone size-thumbnail wp-image-55226\" src=\"https:\/\/www.freiburg-schwarzwald.de\/blog\/wp-content\/uploads\/2015\/06\/keramik6wiehre150627-180x135.jpg\" alt=\"keramik6wiehre150627\" width=\"180\" height=\"135\" srcset=\"https:\/\/www.freiburg-schwarzwald.de\/blog\/wp-content\/uploads\/2015\/06\/keramik6wiehre150627-180x135.jpg 180w, https:\/\/www.freiburg-schwarzwald.de\/blog\/wp-content\/uploads\/2015\/06\/keramik6wiehre150627.jpg 640w\" sizes=\"auto, (max-width: 180px) 100vw, 180px\" \/><\/a>\u00a0 \u00a0 \u00a0 \u00a0 \u00a0\u00a0<a href=\"https:\/\/www.freiburg-schwarzwald.de\/blog\/keramiktage-in-freiburg-wiehre\/keramik2wiehre150627\/\" rel=\"attachment wp-att-55227\"><img loading=\"lazy\" decoding=\"async\" class=\"alignnone size-thumbnail wp-image-55227\" src=\"https:\/\/www.freiburg-schwarzwald.de\/blog\/wp-content\/uploads\/2015\/06\/keramik2wiehre150627-180x135.jpg\" alt=\"keramik2wiehre150627\" width=\"180\" height=\"135\" srcset=\"https:\/\/www.freiburg-schwarzwald.de\/blog\/wp-content\/uploads\/2015\/06\/keramik2wiehre150627-180x135.jpg 180w, https:\/\/www.freiburg-schwarzwald.de\/blog\/wp-content\/uploads\/2015\/06\/keramik2wiehre150627.jpg 640w\" sizes=\"auto, (max-width: 180px) 100vw, 180px\" \/><\/a>\u00a0 \u00a0 \u00a0 \u00a0 \u00a0 \u00a0<a href=\"https:\/\/www.freiburg-schwarzwald.de\/blog\/keramiktage-in-freiburg-wiehre\/keramik1wiehre150627\/\" rel=\"attachment wp-att-55225\"><img loading=\"lazy\" decoding=\"async\" class=\"alignnone size-thumbnail wp-image-55225\" src=\"https:\/\/www.freiburg-schwarzwald.de\/blog\/wp-content\/uploads\/2015\/06\/keramik1wiehre150627-135x180.jpg\" alt=\"keramik1wiehre150627\" width=\"135\" height=\"180\" srcset=\"https:\/\/www.freiburg-schwarzwald.de\/blog\/wp-content\/uploads\/2015\/06\/keramik1wiehre150627-135x180.jpg 135w, https:\/\/www.freiburg-schwarzwald.de\/blog\/wp-content\/uploads\/2015\/06\/keramik1wiehre150627.jpg 480w\" sizes=\"auto, (max-width: 135px) 100vw, 135px\" \/><br \/>\n(<\/a>1) Alter Wiehrebahnhof am 27.6.2015 \u00a0(2) Ute Beck aus Stuttgart \u00a0 \u00a0 \u00a0 \u00a0 \u00a0 \u00a0 \u00a0 \u00a0 \u00a0 \u00a0 \u00a0 \u00a0 83) Liebmann aus Chemnitz<\/p>\n<p><a href=\"https:\/\/www.freiburg-schwarzwald.de\/blog\/keramiktage-in-freiburg-wiehre\/keramik3wiehre150627\/\" rel=\"attachment wp-att-55228\"><img loading=\"lazy\" decoding=\"async\" class=\"alignnone size-thumbnail wp-image-55228\" src=\"https:\/\/www.freiburg-schwarzwald.de\/blog\/wp-content\/uploads\/2015\/06\/keramik3wiehre150627-180x135.jpg\" alt=\"keramik3wiehre150627\" width=\"180\" height=\"135\" srcset=\"https:\/\/www.freiburg-schwarzwald.de\/blog\/wp-content\/uploads\/2015\/06\/keramik3wiehre150627-180x135.jpg 180w, https:\/\/www.freiburg-schwarzwald.de\/blog\/wp-content\/uploads\/2015\/06\/keramik3wiehre150627.jpg 640w\" sizes=\"auto, (max-width: 180px) 100vw, 180px\" \/><\/a>\u00a0 \u00a0 \u00a0 \u00a0 \u00a0\u00a0<a href=\"https:\/\/www.freiburg-schwarzwald.de\/blog\/keramiktage-in-freiburg-wiehre\/keramik5wiehre150627\/\" rel=\"attachment wp-att-55229\"><img loading=\"lazy\" decoding=\"async\" class=\"alignnone size-thumbnail wp-image-55229\" src=\"https:\/\/www.freiburg-schwarzwald.de\/blog\/wp-content\/uploads\/2015\/06\/keramik5wiehre150627-180x135.jpg\" alt=\"keramik5wiehre150627\" width=\"180\" height=\"135\" srcset=\"https:\/\/www.freiburg-schwarzwald.de\/blog\/wp-content\/uploads\/2015\/06\/keramik5wiehre150627-180x135.jpg 180w, https:\/\/www.freiburg-schwarzwald.de\/blog\/wp-content\/uploads\/2015\/06\/keramik5wiehre150627.jpg 640w\" sizes=\"auto, (max-width: 180px) 100vw, 180px\" \/><\/a><br \/>\n(4) Neumann+Lippold Worpswede \u00a0 \u00a0 \u00a0 (5) Stephanie aus Beaumes des Venise<\/p>\n<p>(2) Schamottiertes Steinzeug mit Porzellan von Ute Beck aus Stuttgart, <a href=\"https:\/\/www.utebeck.eu%20\">www.utebeck.eu<\/a><br \/>\n(3) Keramik zum an die Wand h\u00e4ngen von <a href=\"https:\/\/www.liebmann-keramik.de\">www.liebmann-keramik.de<\/a> \u00a0aus Chemnitz<br \/>\n(4) Vasen und Schalen aus Raku von <a href=\"https:\/\/www.neumann-lippold.de\">www.neumann-lippold.de<\/a> aus Worpswede.<br \/>\n(5) Bemalte Keramik von Stephanie Raymond aus Beames-de-Venise in der Provence bzw. Vaucluse, nahe de Mont Ventoux, Tel 06.29.42.31.02,<a href=\"mailto:stephani.raymond@gmail.com%20\"> stephani.raymond@gmail.com\u00a0<\/a><\/p>\n<p>&nbsp;<\/p>\n<p>&nbsp;<\/p>\n<p><strong>Vor 25 Jahren hat alles begonnen<\/strong><br \/>\nDamals war es nur eine Seite auf dem Platz rund um den Alten Wiehrebahnhof, die mit St\u00e4nden voller Keramikkunst gef\u00fcllt war. Am Wochenende, ein Vierteljahrhundert sp\u00e4ter, reihten sich mehr als 50 St\u00e4nde von Keramikk\u00fcnstlern bei den Freiburger Keramiktagen rund um den ehemaligen Bahnhof aneinander&#8230;.. Alles vom 29.6.2015 bitte lesen auf<br \/>\n<a href=\"https:\/\/www.badische-zeitung.de\/freiburg\/die-freiburger-keramiktage-gibt-es-nun-seit-einem-vierteljahrhundert--106861449.html\u00a0\">https:\/\/www.badische-zeitung.de\/freiburg\/die-freiburger-keramiktage-gibt-es-nun-seit-einem-vierteljahrhundert&#8211;106861449.html\u00a0<\/a><\/p>\n","protected":false},"excerpt":{"rendered":"<p>Bei den\u00a0Freiburger Keramiktagen\u00a0am 27.\/28. Juni 2015 in der Wiehre passte alles zusammen: Warmes Sonnenwetter &#8222;comme en Procence&#8220; (so die T\u00f6pferin Stephanie aus Beaumes de Venise), famili\u00e4re Atmosph\u00e4re (&#8222;waren Sie nicht letztes Jahr auch schon da?&#8220;), neue Ideen (diesmal aus\u00a0\u00d6sterreich, Tschechien, &hellip; <a href=\"https:\/\/www.freiburg-schwarzwald.de\/blog\/keramiktage-in-freiburg-wiehre\/\">Weiterlesen <span class=\"meta-nav\">&rarr;<\/span><\/a><\/p>\n","protected":false},"author":2,"featured_media":0,"comment_status":"open","ping_status":"closed","sticky":false,"template":"","format":"standard","meta":{"footnotes":""},"categories":[36,22,13,427],"tags":[391,275,318,739],"class_list":["post-55222","post","type-post","status-publish","format-standard","hentry","category-engagement","category-handwerk","category-kultur","category-markt","tag-freizeit","tag-keramik","tag-kunsthandwerk","tag-markt"],"_links":{"self":[{"href":"https:\/\/www.freiburg-schwarzwald.de\/blog\/wp-json\/wp\/v2\/posts\/55222","targetHints":{"allow":["GET"]}}],"collection":[{"href":"https:\/\/www.freiburg-schwarzwald.de\/blog\/wp-json\/wp\/v2\/posts"}],"about":[{"href":"https:\/\/www.freiburg-schwarzwald.de\/blog\/wp-json\/wp\/v2\/types\/post"}],"author":[{"embeddable":true,"href":"https:\/\/www.freiburg-schwarzwald.de\/blog\/wp-json\/wp\/v2\/users\/2"}],"replies":[{"embeddable":true,"href":"https:\/\/www.freiburg-schwarzwald.de\/blog\/wp-json\/wp\/v2\/comments?post=55222"}],"version-history":[{"count":0,"href":"https:\/\/www.freiburg-schwarzwald.de\/blog\/wp-json\/wp\/v2\/posts\/55222\/revisions"}],"wp:attachment":[{"href":"https:\/\/www.freiburg-schwarzwald.de\/blog\/wp-json\/wp\/v2\/media?parent=55222"}],"wp:term":[{"taxonomy":"category","embeddable":true,"href":"https:\/\/www.freiburg-schwarzwald.de\/blog\/wp-json\/wp\/v2\/categories?post=55222"},{"taxonomy":"post_tag","embeddable":true,"href":"https:\/\/www.freiburg-schwarzwald.de\/blog\/wp-json\/wp\/v2\/tags?post=55222"}],"curies":[{"name":"wp","href":"https:\/\/api.w.org\/{rel}","templated":true}]}}