{"id":55204,"date":"2015-04-15T10:24:10","date_gmt":"2015-04-15T08:24:10","guid":{"rendered":"https:\/\/www.freiburg-schwarzwald.de\/blog\/?p=55204"},"modified":"2015-06-29T10:30:00","modified_gmt":"2015-06-29T08:30:00","slug":"kleiderladen-jahresbericht-2014","status":"publish","type":"post","link":"https:\/\/www.freiburg-schwarzwald.de\/blog\/kleiderladen-jahresbericht-2014\/","title":{"rendered":"Kleiderladen Jahresbericht 2014"},"content":{"rendered":"<p>Einige Mitglieder des<a title=\"Kleiderladen\" href=\"https:\/\/www.freiburg-schwarzwald.de\/blog\/business\/handel\/kleiderladen\/\"> Kleiderladens<\/a> haben bei anfallenden Feiern auf pers\u00f6nliche Geschenke verzichtet und f\u00fcr den F\u00f6rderverein um Geldspenden gebeten. Das hat uns ganz besonders gefreut !\u00a0Zwei erfolgreiche Aktionen wurden von uns im Juni unternommen:\u00a0Unser \u201eFlohmarkt Spezial\u201c vor dem <a title=\"SecondHand\" href=\"https:\/\/www.freiburg-schwarzwald.de\/blog\/business\/handel\/secondhand\/\">OUTFIT Dreik\u00f6nigstra\u00dfe 1<\/a> am 14. Juni, wo es wieder Schuhe, H\u00fcte\u00a0und Taschen in gr\u00f6\u00dferen Mengen gab.<!--more--><\/p>\n<p>Auch beim gro\u00dfen Flohmarkt \u201eHabsburger Stra\u00dfe \u201e am 29. Juni 2014 konnten wir extra daf\u00fcr angesammelte Waren an interessierte Kunden verkaufen.\u00a0Vom Erl\u00f6s mussten dieses Jahr zum ersten Mal normale Herrenschuhe gekauft werden, da die Gespendeten nicht ausreichten.\u00a0Im Oktober haben wir alle Mitglieder bez\u00fcglich des SEPA \u2013 Lastschriftverfahrens informiert, was bis auf wenige Ausnahmen auch reibungslos abgewickelt werden konnte.\u00a0Ebenfalls im Oktober haben wir nochmal eine Anfrage bei der Wilhelm Oberle Stiftung in Staufen gestartet und uns sehr gefreut, dass wir sofort die Zusage zur Finanzierung von 20 Sets (Schlafsack, Rucksack, Isomatte) im Wert von 2500,&#8211; \u20ac bekommen haben.\u00a0Zus\u00e4tzlich zu den bereits gespendeten 600.&#8211; \u20ac erhielten wir im November noch einmal 400.&#8211; \u20ac von Frau Ursula Konfitin, Amt f\u00fcr Soziales \u00fcberwiesen.<\/p>\n<p>Am 22. Dezember wurde im TV S\u00fcdbaden ein Bericht \u00fcber den Kleiderladen gesendet und in Anwesenheit von Ulrich von Kirchbach, Sozial-B\u00fcrgermeister sowie Gernot Erler, MdB die aktuelle Situation im Kleiderladen mit den N\u00f6ten der Menschen ohne festen Wohnsitz dargestellt. \u00dcber die Geldspende von 200.&#8211; \u20ac sowie die dringend ben\u00f6tigten Herrenschuhen haben wir uns alle sehr gefreut.\u00a0<a href=\"https:\/\/www.tv-suedbaden.de\/mediathek\/video\/freiburg-obdachlose-hoffen-auf-kleiderspenden\/#.VJhexhWDiWU.facebook\">https:\/\/www.tv-suedbaden.de\/mediathek\/video\/freiburg-obdachlose-hoffen-auf-kleiderspenden\/#.VJhexhWDiWU.facebook<\/a>\u00a0Durch die TV Sendung bekam der Kleiderladen vor Weihnachten noch viele Spenden, die auch sofort weiter verteilt werden konnten.<\/p>\n<p>Die Highlights des Jahres 2014 gingen noch weiter:\u00a0dem F\u00f6rderverein wurde der Antrag bei der PSD Bank um 3500.- \u20ac  bewilligt.\u00a0Bei der Badischen Zeitung bekamen wir aus der \u201eAktion Weihnachtswunsch\u201c 4800,&#8211; \u20ac zugesagt und \u00fcberwiesen.\u00a0Die allergr\u00f6\u00dfte Freude machte uns wieder die Firma AHP Merkle in Gottenheim .<br \/>\nAuch dieses Jahr erhielt der F\u00f6rderverein wieder eine  gro\u00dfz\u00fcgige Spende von 5000,&#8211; \u20ac.\u00a0Nach soviel positiven Ereignissen m\u00fcssen wir Sie auch noch dar\u00fcber informieren, dass unsere neu gew\u00e4hlte\u00a01.Vorsitzende Annette Fecker wegen privater Ver\u00e4nderungen, sowie unsere Schatzmeisterin Simone Schmidt zur\u00fcckgetreten sind.\u00a0Wir w\u00fcnschen beiden Damen f\u00fcr die Zukunft alles Gute.\u00a0Gleichzeitig freuen wir uns aber auch sehr, dass wir Ihnen bei der n\u00e4chsten Mitgliederversammlung neue Interessentinnen vorstellen k\u00f6nnen. Der gesamte Vorstand wird sich bei der Neuwahl in 2015 wieder neu arrangieren.\u00a0Wir hoffen sehr, dass wir auch in 2015 unsere kleinen Erfolge weiter ausweiten k\u00f6nnen und werden Sie auf dem Laufenden halten.<br \/>\n15.4.2015<\/p>\n","protected":false},"excerpt":{"rendered":"<p>Einige Mitglieder des Kleiderladens haben bei anfallenden Feiern auf pers\u00f6nliche Geschenke verzichtet und f\u00fcr den F\u00f6rderverein um Geldspenden gebeten. Das hat uns ganz besonders gefreut !\u00a0Zwei erfolgreiche Aktionen wurden von uns im Juni unternommen:\u00a0Unser \u201eFlohmarkt Spezial\u201c vor dem OUTFIT Dreik\u00f6nigstra\u00dfe &hellip; <a href=\"https:\/\/www.freiburg-schwarzwald.de\/blog\/kleiderladen-jahresbericht-2014\/\">Weiterlesen <span class=\"meta-nav\">&rarr;<\/span><\/a><\/p>\n","protected":false},"author":2,"featured_media":0,"comment_status":"open","ping_status":"closed","sticky":false,"template":"","format":"standard","meta":{"footnotes":""},"categories":[36,23,171],"tags":[589,87,604],"class_list":["post-55204","post","type-post","status-publish","format-standard","hentry","category-engagement","category-handel","category-verbraucher","tag-fair","tag-lokal-handeln","tag-secondhand"],"_links":{"self":[{"href":"https:\/\/www.freiburg-schwarzwald.de\/blog\/wp-json\/wp\/v2\/posts\/55204","targetHints":{"allow":["GET"]}}],"collection":[{"href":"https:\/\/www.freiburg-schwarzwald.de\/blog\/wp-json\/wp\/v2\/posts"}],"about":[{"href":"https:\/\/www.freiburg-schwarzwald.de\/blog\/wp-json\/wp\/v2\/types\/post"}],"author":[{"embeddable":true,"href":"https:\/\/www.freiburg-schwarzwald.de\/blog\/wp-json\/wp\/v2\/users\/2"}],"replies":[{"embeddable":true,"href":"https:\/\/www.freiburg-schwarzwald.de\/blog\/wp-json\/wp\/v2\/comments?post=55204"}],"version-history":[{"count":0,"href":"https:\/\/www.freiburg-schwarzwald.de\/blog\/wp-json\/wp\/v2\/posts\/55204\/revisions"}],"wp:attachment":[{"href":"https:\/\/www.freiburg-schwarzwald.de\/blog\/wp-json\/wp\/v2\/media?parent=55204"}],"wp:term":[{"taxonomy":"category","embeddable":true,"href":"https:\/\/www.freiburg-schwarzwald.de\/blog\/wp-json\/wp\/v2\/categories?post=55204"},{"taxonomy":"post_tag","embeddable":true,"href":"https:\/\/www.freiburg-schwarzwald.de\/blog\/wp-json\/wp\/v2\/tags?post=55204"}],"curies":[{"name":"wp","href":"https:\/\/api.w.org\/{rel}","templated":true}]}}