{"id":55096,"date":"2015-06-22T19:49:02","date_gmt":"2015-06-22T17:49:02","guid":{"rendered":"https:\/\/www.freiburg-schwarzwald.de\/blog\/?p=55096"},"modified":"2015-06-23T07:09:53","modified_gmt":"2015-06-23T05:09:53","slug":"des-gutmenschen-sein-kreuz","status":"publish","type":"post","link":"https:\/\/www.freiburg-schwarzwald.de\/blog\/des-gutmenschen-sein-kreuz\/","title":{"rendered":"Des Gutmenschen sein Kreuz"},"content":{"rendered":"<p>Morgens aus Latten ein <a title=\"Kreuze\" href=\"https:\/\/www.freiburg-schwarzwald.de\/blog\/religion\/kreuze\/\">Kreuz<\/a> basteln und als Aufschrift &#8222;Den Ertrunkenen&#8220; einbrennen. Dann etwas <a title=\"Boden\" href=\"https:\/\/www.freiburg-schwarzwald.de\/blog\/natur\/boden\/\">Erde<\/a> und ein <a title=\"Wildblumen\" href=\"https:\/\/www.freiburg-schwarzwald.de\/blog\/natur\/flora\/wildblumen\/\">Bl\u00fcmchen<\/a> besorgen und auf dem <a title=\"Rathaus\" href=\"https:\/\/www.freiburg-schwarzwald.de\/blog\/regio\/freiburg\/rathaus\/\">Rathausplatz<\/a> als symbolisches <a title=\"AlterFriedhof\" href=\"https:\/\/www.freiburg-schwarzwald.de\/blog\/kultur\/friedhoefe\/alterfriedhof\/\">Grab<\/a> <a title=\"Gutmenschen\" href=\"https:\/\/www.freiburg-schwarzwald.de\/blog\/engagement\/gutmenschen\/\">aufbauen<\/a> mitsamt Zettel: &#8222;Hier liegen die 23 000 Opfer der <a title=\"EU\" href=\"https:\/\/www.freiburg-schwarzwald.de\/blog\/global\/eu\/\">europ\u00e4ischen<\/a> Au\u00dfengrenzen. Niemand von uns <a title=\"Fluechtlinge\" href=\"https:\/\/www.freiburg-schwarzwald.de\/blog\/global\/integration\/fluechtlinge\/\">floh<\/a> ohne Grund. Wir flohen vor <a title=\"Asyl\" href=\"https:\/\/www.freiburg-schwarzwald.de\/blog\/global\/integration\/asyl\/\">Verfolgung<\/a>, Hunger, Krieg&#8220;. Passanten bleiben interessiert stehen, &#8222;wie mutig&#8220;, halten inne und <a title=\"Demo\" href=\"https:\/\/www.freiburg-schwarzwald.de\/blog\/engagement\/buergerinitiativen\/demo\/\">diskutieren<\/a> &#8211; das BEWEGT.<!--more--><br \/>\n.<br \/>\nAuf dem Heimweg rasch noch einkaufen f\u00fcr den <a title=\"Gutmenschen\" href=\"https:\/\/www.freiburg-schwarzwald.de\/blog\/engagement\/gutmenschen\/\">Besuch<\/a> heute abend, dreimal H\u00e4hnchenbrust und einmal H\u00e4hnchenkeule, nat\u00fcrlich von Wiesenhof und\u00a0<a title=\"Oeko\" href=\"https:\/\/www.freiburg-schwarzwald.de\/blog\/natur\/landwirt\/oeko\/\">Bio<\/a>. Wiesenhof boomt, zumal die Innereien und Fl\u00fcgel der H\u00e4hnchen seit Jahren nach Afrika entsorgt (sprich gewinnbringend exportiert) werden k\u00f6nnen. Dass dadurch die vielen kleinen Gefl\u00fcgel-Landwirte in Ghana ihre Existenz verlieren, ihre S\u00f6hne nach Europa fliehen und vielleicht im Mittelmeer ertrinken &#8211; das interessiert nicht und BEWEGT NICHT.<br \/>\n22.6.2015<br \/>\n.<\/p>\n<p><a href=\"https:\/\/www.badische-zeitung.de\/freiburg\/symbolische-fluechtlingsgraeber-mitten-in-der-freiburger-innenstadt\">https:\/\/www.badische-zeitung.de\/freiburg\/symbolische-fluechtlingsgraeber-mitten-in-der-freiburger-innenstadt<\/a><\/p>\n","protected":false},"excerpt":{"rendered":"<p>Morgens aus Latten ein Kreuz basteln und als Aufschrift &#8222;Den Ertrunkenen&#8220; einbrennen. Dann etwas Erde und ein Bl\u00fcmchen besorgen und auf dem Rathausplatz als symbolisches Grab aufbauen mitsamt Zettel: &#8222;Hier liegen die 23 000 Opfer der europ\u00e4ischen Au\u00dfengrenzen. Niemand von &hellip; <a href=\"https:\/\/www.freiburg-schwarzwald.de\/blog\/des-gutmenschen-sein-kreuz\/\">Weiterlesen <span class=\"meta-nav\">&rarr;<\/span><\/a><\/p>\n","protected":false},"author":2,"featured_media":0,"comment_status":"open","ping_status":"closed","sticky":false,"template":"","format":"standard","meta":{"footnotes":""},"categories":[52,36,155],"tags":[325,485,498,301,622],"class_list":["post-55096","post","type-post","status-publish","format-standard","hentry","category-einewelt","category-engagement","category-integration","tag-demo","tag-refugee","tag-friedhof","tag-culture","tag-migration"],"_links":{"self":[{"href":"https:\/\/www.freiburg-schwarzwald.de\/blog\/wp-json\/wp\/v2\/posts\/55096","targetHints":{"allow":["GET"]}}],"collection":[{"href":"https:\/\/www.freiburg-schwarzwald.de\/blog\/wp-json\/wp\/v2\/posts"}],"about":[{"href":"https:\/\/www.freiburg-schwarzwald.de\/blog\/wp-json\/wp\/v2\/types\/post"}],"author":[{"embeddable":true,"href":"https:\/\/www.freiburg-schwarzwald.de\/blog\/wp-json\/wp\/v2\/users\/2"}],"replies":[{"embeddable":true,"href":"https:\/\/www.freiburg-schwarzwald.de\/blog\/wp-json\/wp\/v2\/comments?post=55096"}],"version-history":[{"count":0,"href":"https:\/\/www.freiburg-schwarzwald.de\/blog\/wp-json\/wp\/v2\/posts\/55096\/revisions"}],"wp:attachment":[{"href":"https:\/\/www.freiburg-schwarzwald.de\/blog\/wp-json\/wp\/v2\/media?parent=55096"}],"wp:term":[{"taxonomy":"category","embeddable":true,"href":"https:\/\/www.freiburg-schwarzwald.de\/blog\/wp-json\/wp\/v2\/categories?post=55096"},{"taxonomy":"post_tag","embeddable":true,"href":"https:\/\/www.freiburg-schwarzwald.de\/blog\/wp-json\/wp\/v2\/tags?post=55096"}],"curies":[{"name":"wp","href":"https:\/\/api.w.org\/{rel}","templated":true}]}}