{"id":55053,"date":"2015-06-20T14:47:40","date_gmt":"2015-06-20T12:47:40","guid":{"rendered":"https:\/\/www.freiburg-schwarzwald.de\/blog\/?p=55053"},"modified":"2015-06-20T14:47:40","modified_gmt":"2015-06-20T12:47:40","slug":"transfer-euro-durch-frankreich","status":"publish","type":"post","link":"https:\/\/www.freiburg-schwarzwald.de\/blog\/transfer-euro-durch-frankreich\/","title":{"rendered":"Transfer-Euro durch Frankreich"},"content":{"rendered":"<p>Seit 2010 steigen die Lohnst\u00fcckkosten in der <a title=\"EU-Banken\" href=\"https:\/\/www.freiburg-schwarzwald.de\/blog\/global\/eu\/eu-banken\/\">EU<\/a>\u00a0mehr als in D. <a title=\"France\" href=\"https:\/\/www.freiburg-schwarzwald.de\/blog\/global\/france\/\">Frankreich<\/a> als zweitgr\u00f6\u00dftes Land der EU ist nicht mehr <a title=\"Business\" href=\"https:\/\/www.freiburg-schwarzwald.de\/blog\/business\/\">konkurrenzf\u00e4hig<\/a>: Exporte nehmen ab und Importe zu. Der Import\u00fcberschu\u00df kann nicht mehr <a title=\"Finanzsystem\" href=\"https:\/\/www.freiburg-schwarzwald.de\/blog\/global\/finanzsystem\/\">bezahlt<\/a> werden, Auslandskredite sollen die L\u00fccke schlie\u00dfen. Nun zweifeln die Kreditgeber an der F\u00e4higkeit der Franzosen zur <a title=\"Euro\" href=\"https:\/\/www.freiburg-schwarzwald.de\/blog\/global\/eu\/euro\/\">Euro<\/a>-R\u00fcckzahlung. Im Juni 2015 haben Hollande und Merkel deshalb ein Positionspapier vorgelegt, <!--more-->das Deutschland zum dreifachen R\u00fcckzug verpflichtet:<br \/>\n1) EU macht Schluss mit l\u00e4stigen Reformvorschl\u00e4gen: Seit 2010 werden Reformdefizite in F angemahnt, aber ignoriert. Auf diese st\u00e4ndigen und l\u00e4stigen Aufforderungen zu Reformen wird verzichtet.<br \/>\n2) EU wird Sozialunion: Mit der Einf\u00fchrung einheitlicher Sozialstandards werden deutsche Wettbewerbsvorteile abgeschafft. &#8222;Wenn die Franzosen nicht zu den Deutschen aufschlie\u00dfen k\u00f6nnen, m\u00fcssen die Deutschen eben ihre Wettbewerbsf\u00e4higkeit wieder senken.&#8220;, so L\u00fcder Gerken deutlich.<br \/>\n3) EU erh\u00e4lt Fiskalkapazit\u00e4t: Eine eigene EU-Steuer sowie spezielle EU-Kredite lassen Milliarden von Transfer-Euros von den wettbewerbsstarken (sprich D) zu den wettbewerbsschwachen Staaten flie\u00dfen. D gibt Wohlstand ab, um den Euro in der EU zu erhalten. Nur ein franz\u00f6sisch gepr\u00e4gter Euro kann \u00fcberleben in der EU- der Transfer-Euro.<br \/>\n.<br \/>\n&#8222;Diese Entwicklung macht die Tragik der europ\u00e4ischen Integration unmittelbar deutlich: Die Integration ist auf Gedeih und Verderb darauf angewiesen, dass Deutschland und Frankreich an einem Strang ziehen. Gerade in Deutschland und Frankreich sind jedoch die Konzepte, Traditionen und Selbstverst\u00e4ndnis vonWirtschaftspolitik wie Feuer und Wasser &#8211; unvereinbar. Einer musste den K\u00fcrzeren ziehen. Das ist Deutschland.&#8220;<br \/>\nMehr von L\u00fcder Gerken vom 20.6.2015 bitte lesen auf<br \/>\n<a href=\"https:\/\/www.badische-zeitung.de\/kommentare-1\/nur-ein-franzoesisch-gepraegter-euro-kann-ueberleben--106472237.html\">https:\/\/www.badische-zeitung.de\/kommentare-1\/nur-ein-franzoesisch-gepraegter-euro-kann-ueberleben&#8211;106472237.html<\/a><br \/>\n<strong>Franz\u00f6sisches Rentensystem bleibt au\u00dfen vor<\/strong><br \/>\nEines hat Gerken aber vergessen. Das Rentensystem wird in dem von Merkel und Hollande geplanten Transfer-Euro nicht einbezogen. So bl\u00f6de sind die Franzosen n\u00e4mlich nicht, dass sie einem Transfersystem zustimmen w\u00fcrden, in dem sie bezahlen m\u00fcssen statt kassieren zu k\u00f6nnen. Daf\u00fcr muss man schon Merkel hei\u00dfen oder in deutschen Weltverbesserermilieus sozialisiert worden sein, um solch einen Unfug gut zu finden. Bei den Renten steht Frankreich durch seine hohen Geburtenzahlen schlie\u00dflich weitaus besser da, als das kinderlose Deutschland, und m\u00fcsste unsere Rentner demn\u00e4chst alimentieren, wenn es dort einen Ausgleich geben sollte. Wer w\u00fcrde diesen Vorteil freiwillig mit anderen L\u00e4ndern teilen? Europa bedeutet in den Augen von Hollande und Merkel, dass Deutschland bezahlt. Daran wird sich auch mit dem neuen Euro nichts \u00e4ndern.<br \/>\n20.7.2015, Rainer Brombach<br \/>\n.<br \/>\n<strong>Lohnst\u00fcckkosten<\/strong><br \/>\nIch habe das Gef\u00fchl das Herr L\u00fcder Gerken das Buch von Herrn Heiner Flassbeck gelesen hat &#8211; \u201eNur Deutschland kann den Euro retten\u201c. Im Zentrum ihrer Analyse steht die Entwicklung der Lohnst\u00fcckkosten in der Eurozone. Diese sind n\u00e4mlich nicht nur ein Gradmesser f\u00fcr die Wettbewerbsf\u00e4higkeit eines Landes, sondern auch der \u201eentscheidende Faktor f\u00fcr die Preisbewegungen in einer Volkswirtschaft\u201c. Wichtig in einer W\u00e4hrungsunion ist nun, dass sich die Staaten auf ein Inflationsziel einigen und ihre Lohnpolitik daran ausrichten, indem sie die L\u00f6hne an die nationale Produktivit\u00e4t anpassen. Verk\u00fcrzt hei\u00dft dies: In einer W\u00e4hrungsunion sollten L\u00e4nder mit hoher Produktivit\u00e4t hohe L\u00f6hne zahlen, L\u00e4nder mit niedriger Produktivit\u00e4t niedrige L\u00f6hne. Die Einf\u00fchrung des Euro fiel damals mit einer Neuausrichtung der deutschen Arbeitsmarktpolitik zusammen. Die Bundesregierung begann gemeinsam mit den Arbeitgebern Druck auf die Gewerkschaften auszu\u00fcben, um die hohe Arbeitslosigkeit mit niedrigeren Lohnzuw\u00e4chsen zu bek\u00e4mpfen. Die Gewerkschaften knickten schlie\u00dflich ein. Sich einen Vorteil innerhalb der W\u00e4hrungsunion zu verschaffen, stand damals noch nicht im Vordergrund.<br \/>\n<a href=\"https:\/\/www.eu-info.de\/deutsche-europapolitik\/umfragen-statistiken-deutschland\/reallohn\/\">https:\/\/www.eu-info.de\/deutsche-europapolitik\/umfragen-statistiken-deutschland\/reallohn\/<\/a><br \/>\n20.6.2015, Bodo Weis<\/p>\n","protected":false},"excerpt":{"rendered":"<p>Seit 2010 steigen die Lohnst\u00fcckkosten in der EU\u00a0mehr als in D. Frankreich als zweitgr\u00f6\u00dftes Land der EU ist nicht mehr konkurrenzf\u00e4hig: Exporte nehmen ab und Importe zu. Der Import\u00fcberschu\u00df kann nicht mehr bezahlt werden, Auslandskredite sollen die L\u00fccke schlie\u00dfen. Nun &hellip; <a href=\"https:\/\/www.freiburg-schwarzwald.de\/blog\/transfer-euro-durch-frankreich\/\">Weiterlesen <span class=\"meta-nav\">&rarr;<\/span><\/a><\/p>\n","protected":false},"author":2,"featured_media":0,"comment_status":"open","ping_status":"closed","sticky":false,"template":"","format":"standard","meta":{"footnotes":""},"categories":[4,195,172],"tags":[26,489,372,520],"class_list":["post-55053","post","type-post","status-publish","format-standard","hentry","category-branchen","category-eu","category-zukunft","tag-deutsch","tag-european-union","tag-euro","tag-frieden"],"_links":{"self":[{"href":"https:\/\/www.freiburg-schwarzwald.de\/blog\/wp-json\/wp\/v2\/posts\/55053","targetHints":{"allow":["GET"]}}],"collection":[{"href":"https:\/\/www.freiburg-schwarzwald.de\/blog\/wp-json\/wp\/v2\/posts"}],"about":[{"href":"https:\/\/www.freiburg-schwarzwald.de\/blog\/wp-json\/wp\/v2\/types\/post"}],"author":[{"embeddable":true,"href":"https:\/\/www.freiburg-schwarzwald.de\/blog\/wp-json\/wp\/v2\/users\/2"}],"replies":[{"embeddable":true,"href":"https:\/\/www.freiburg-schwarzwald.de\/blog\/wp-json\/wp\/v2\/comments?post=55053"}],"version-history":[{"count":0,"href":"https:\/\/www.freiburg-schwarzwald.de\/blog\/wp-json\/wp\/v2\/posts\/55053\/revisions"}],"wp:attachment":[{"href":"https:\/\/www.freiburg-schwarzwald.de\/blog\/wp-json\/wp\/v2\/media?parent=55053"}],"wp:term":[{"taxonomy":"category","embeddable":true,"href":"https:\/\/www.freiburg-schwarzwald.de\/blog\/wp-json\/wp\/v2\/categories?post=55053"},{"taxonomy":"post_tag","embeddable":true,"href":"https:\/\/www.freiburg-schwarzwald.de\/blog\/wp-json\/wp\/v2\/tags?post=55053"}],"curies":[{"name":"wp","href":"https:\/\/api.w.org\/{rel}","templated":true}]}}