{"id":55030,"date":"2015-06-18T16:45:25","date_gmt":"2015-06-18T14:45:25","guid":{"rendered":"https:\/\/www.freiburg-schwarzwald.de\/blog\/?p=55030"},"modified":"2015-06-18T16:45:25","modified_gmt":"2015-06-18T14:45:25","slug":"benefiz-fuer-benny-bei-fsm-ag","status":"publish","type":"post","link":"https:\/\/www.freiburg-schwarzwald.de\/blog\/benefiz-fuer-benny-bei-fsm-ag\/","title":{"rendered":"Benefiz fuer Benny bei FSM AG"},"content":{"rendered":"<p>Benefizkonzert f\u00fcr Benny bei der <a title=\"FSM\" href=\"https:\/\/www.freiburg-schwarzwald.de\/blog\/business\/industrie\/fsm\/\">FSM AG<\/a>:\u00a0Liederlich, Tobias Knaus und Uli F\u00fchre musizieren f\u00fcr den verungl\u00fcckten Biker ohne Gage.\u00a0Mit einem <a title=\"Spende\" href=\"https:\/\/www.freiburg-schwarzwald.de\/blog\/engagement\/spende\/\">Benefizkonzert<\/a> will sich auch die FSM AG in Kirchzarten f\u00fcr die Therapie von <a title=\"Ride2Live\" href=\"https:\/\/www.freiburg-schwarzwald.de\/blog\/vereine\/hilfe\/ride2live\/\">Benny Rudige<\/a>r in der Schweiz einsetzen. Wie mehrfach berichtet, hatte der erfolgreiche Mountainbiker Anfang Januar einen <a title=\"Rudiger Unfall Ride2Live\" href=\"https:\/\/www.freiburg-schwarzwald.de\/blog\/rudiger-unfall-ride2live\/\">Unfall mit seinem Bike<\/a> und ist seitdem <a title=\"Rollstuhl\" href=\"https:\/\/www.freiburg-schwarzwald.de\/blog\/selbsthilfe\/behinderung\/rollstuhl\/\">querschnittsgel\u00e4hmt<\/a>. <!--more-->Derzeit befindet er sich in einer Spezialklinik in Nottwil (CH). Um die Finanzierung dieser 120.000 Euro teuren Therapie bem\u00fcht sich ein Freundeskreis unter dem Leitwort \u201eKameRADschaft ist sinnvoll\u201c. Die FSM AG mit einer besonderen Verbindung zum Mountainbikesport konnte drei namhafte K\u00fcnstler der Region f\u00fcr ein Benefizkonzert am Donnerstag, dem 2. Juli um 19:30 in ihrer Kantine an der Kirchzartener Scheffelstra\u00dfe 49 gewinnen. Alle K\u00fcnstler treten ohne Gage auf.<br \/>\nMit dabei ist die Gruppe \u201eLiederlich\u201c mit Petra Fu\u00df, Thomas Fu\u00df und Wolfgang Schmidt. Die drei singen und spielen vor allem Folksongs aus manchen Zeiten und vielen L\u00e4ndern mit Schwerpunkt in den 70er und 80er Jahren. Der Counter-Tenor Tobias Knaus aus Freiburg kam mit acht Jahren f\u00fcr 15 Jahre zu den Freiburger Domsingknaben. Er machte eine klassische Gesangsausbildung und wirkte bei zahlreichen Konzerten, CD-Aufnahmen und Konzertreisen mit. Nach dem Abitur studierte er Politikwissenschaft und Anglistik, ist jetzt aber nach der Ausbildung zum Counter-Tenor Berufss\u00e4nger. Zwischen Gesangs-Engagements arbeitet Knaus immer mal wieder bei der FSM AG. Und als dritter K\u00fcnstler ist der alemannische Liedermacher Uli F\u00fchre dabei, der \u00fcber die Region hinaus mit seinen Liedern und als musikalischer Geschichtenerz\u00e4hler bekannt ist.<br \/>\nDer Eintritt f\u00fcrs Benefizkonzert kostet 15 Euro. Karten sind im Vorverkauf bei der FSM AG und bei Intersport-Eckmann Kirchzarten zu bekommen.<br \/>\n7.6.2015, Gerhard L\u00fcck, Dreisamt\u00e4ler<\/p>\n","protected":false},"excerpt":{"rendered":"<p>Benefizkonzert f\u00fcr Benny bei der FSM AG:\u00a0Liederlich, Tobias Knaus und Uli F\u00fchre musizieren f\u00fcr den verungl\u00fcckten Biker ohne Gage.\u00a0Mit einem Benefizkonzert will sich auch die FSM AG in Kirchzarten f\u00fcr die Therapie von Benny Rudiger in der Schweiz einsetzen. Wie &hellip; <a href=\"https:\/\/www.freiburg-schwarzwald.de\/blog\/benefiz-fuer-benny-bei-fsm-ag\/\">Weiterlesen <span class=\"meta-nav\">&rarr;<\/span><\/a><\/p>\n","protected":false},"author":2,"featured_media":0,"comment_status":"open","ping_status":"closed","sticky":false,"template":"","format":"standard","meta":{"footnotes":""},"categories":[56,75,54],"tags":[555,398,276,270,252],"class_list":["post-55030","post","type-post","status-publish","format-standard","hentry","category-behinderung","category-biken","category-ehrenamt","tag-benefiz","tag-konzert","tag-rollstuhl","tag-gift","tag-ultra-bike"],"_links":{"self":[{"href":"https:\/\/www.freiburg-schwarzwald.de\/blog\/wp-json\/wp\/v2\/posts\/55030","targetHints":{"allow":["GET"]}}],"collection":[{"href":"https:\/\/www.freiburg-schwarzwald.de\/blog\/wp-json\/wp\/v2\/posts"}],"about":[{"href":"https:\/\/www.freiburg-schwarzwald.de\/blog\/wp-json\/wp\/v2\/types\/post"}],"author":[{"embeddable":true,"href":"https:\/\/www.freiburg-schwarzwald.de\/blog\/wp-json\/wp\/v2\/users\/2"}],"replies":[{"embeddable":true,"href":"https:\/\/www.freiburg-schwarzwald.de\/blog\/wp-json\/wp\/v2\/comments?post=55030"}],"version-history":[{"count":0,"href":"https:\/\/www.freiburg-schwarzwald.de\/blog\/wp-json\/wp\/v2\/posts\/55030\/revisions"}],"wp:attachment":[{"href":"https:\/\/www.freiburg-schwarzwald.de\/blog\/wp-json\/wp\/v2\/media?parent=55030"}],"wp:term":[{"taxonomy":"category","embeddable":true,"href":"https:\/\/www.freiburg-schwarzwald.de\/blog\/wp-json\/wp\/v2\/categories?post=55030"},{"taxonomy":"post_tag","embeddable":true,"href":"https:\/\/www.freiburg-schwarzwald.de\/blog\/wp-json\/wp\/v2\/tags?post=55030"}],"curies":[{"name":"wp","href":"https:\/\/api.w.org\/{rel}","templated":true}]}}