{"id":54963,"date":"2015-06-15T10:38:42","date_gmt":"2015-06-15T08:38:42","guid":{"rendered":"https:\/\/www.freiburg-schwarzwald.de\/blog\/?p=54963"},"modified":"2016-02-20T17:02:24","modified_gmt":"2016-02-20T16:02:24","slug":"politik-in-eu-unglaubwuerdig","status":"publish","type":"post","link":"https:\/\/www.freiburg-schwarzwald.de\/blog\/politik-in-eu-unglaubwuerdig\/","title":{"rendered":"Politik in EU unglaubwuerdig"},"content":{"rendered":"<p><a title=\"Griechenland\" href=\"https:\/\/www.freiburg-schwarzwald.de\/blog\/global\/griechenland\/\">Griechenland<\/a> \u00a0erh\u00e4lt weiter <a title=\"Finanzsystem\" href=\"https:\/\/www.freiburg-schwarzwald.de\/blog\/global\/finanzsystem\/\">frisches Geld<\/a> zur Verhinderung des Grexit &#8211; um der EU-B\u00fcrokratie in Br\u00fcssel die vielen <a title=\"Job\" href=\"https:\/\/www.freiburg-schwarzwald.de\/blog\/selbsthilfe\/soziales\/arbeit\/job\/\">Arbeitspl\u00e4tze<\/a> zu erhalten. <a title=\"Fluechtlinge\" href=\"https:\/\/www.freiburg-schwarzwald.de\/blog\/global\/integration\/fluechtlinge\/\">Armutsfl\u00fcchtlinge<\/a> aus <a title=\"Afrika\" href=\"https:\/\/www.freiburg-schwarzwald.de\/blog\/global\/afrika\/\">Afrika<\/a> werden weiter mit finanziell h\u00f6chstdotiertem Willkommen angelockt, um der deutschen Migrations- bzw. <a title=\"Migrationsindustrie Helfer UMF\" href=\"https:\/\/www.freiburg-schwarzwald.de\/blog\/migrationsindustrie-helfer-umf\/\">Helferindustrie<\/a> ihre Jobs zu sichern. Immer mehr B\u00fcrger erkennen diese Unglaubw\u00fcrdigkeit und <a title=\"Die Ehrlichkeit geht verloren\" href=\"https:\/\/www.freiburg-schwarzwald.de\/blog\/die-ehrlichkeit-geht-verloren\/\">Unehrlichkeit<\/a> der Politik: <!--more--><br \/>\nStatt die zugrundeliegenden Probleme anzugehen (<a title=\"Korruption\" href=\"https:\/\/www.freiburg-schwarzwald.de\/blog\/engagement\/zukunft\/korruption\/\">Korruption<\/a>, Verwaltungs-Mi\u00dfmanagement in GR, Kolonialismus 2.0 in Afrika), wird an den Symptomen herumkuriert\u00a0&#8211; arbeitsintensiv. Schlie\u00dflich ist es ja viel medienwirksamer und r\u00fchrender, die individuelle Not und Elend\u00a0Einzelner zu bejammern, als das Gesamtproblen urs\u00e4chlich zu l\u00f6sen.<br \/>\nMit den Griechenland-Diskussionen sind seit \u00fcber 5 Jahren immer mehr &#8222;Spezialisten&#8220; besch\u00e4ftigt, neue\u00a0Abteilungen wurden geschaffen in Br\u00fcssel wie Berlin, die nicht arbeitslos werden d\u00fcrfen.Deshalb werden im Juni 2015 frische 11 Mrd Euro nach Athen flie\u00dfen, um die \u00a0Sommer- bzw. Urlaubszeit zu \u00fcberbr\u00fccken, und im Herbst folgt ein weiteres Euro-Paket, um gut \u00fcber die Weihnachtstage zu kommen, und so fort. &#8230;..<br \/>\nDie Ausbeutung der Bodensch\u00e4tze durch Knebelvertr\u00e4ge (Kohle gegen Strassenbau im Kongo) \u00a0und die Zerst\u00f6rung der kleinteiligen Landwirtschaft (deutsche Agrarexporte nach Ghana) zwingen immer mehr junge Afrikaner, ihre Heimat zu verlassen. Und in Deutschland erwartet die UMFs eine Migrations- und Helferindustrie mit Arbeitspl\u00e4tzen, die vom Staat direkt oder indirekt (Wohlfahrtsverb\u00e4nde, Caritas, Diakonie zu 90% vom Staat) finanziert sind. Schon gehts in die Meta-Ebene, d.h. es gr\u00fcnden sich Vereine, um den Helfern zu helfen, wie z.B. &#8222;Hilfsverein zur professionellen Supervision f\u00fcr Fl\u00fcchtlingshelfer&#8220;.<\/p>\n<p>Fazit: Die Probleme um Griechenland und Afrika-Fl\u00fcchtlinge werden von der Politik\u00a0am K\u00f6cheln gehalten, um die zur Behandlung der Problemsymptome in D wie EU geschaffenen Arbeitspl\u00e4tze dauerhaft zu erhalten. Dabei ist eine L\u00f6sung der Problemursachen durchaus denkbar:<br \/>\nGriechenland tritt aus dem Euro aus. Dann sind\u00a0Hilfskredite m\u00f6glich, die weder Banken noch Regierung noch Reichen-Kapitalflucht zugute kommen, sondern der normalen Bev\u00f6lkerung.<br \/>\nDeutschland stoppt seine aktive Teilnahme am Kolonialismus 2.0: Deutsche Trawler fischen nicht mehr Afrikas K\u00fcsten leer, um die heimischen Fischerfamilien arbeitslos zu machen. Die Deutsche Agrarindustrie entledigt sich nicht mehr ihrer \u00dcbersch\u00fcsse (Milch, Butter, H\u00e4hnchenfl\u00fcgel und -innereien, Fleisch- und Wurstwaren, &#8230; ) zu Dumpingpreisen gen Afrika, wo sie den dortigen Kleinbauern\u00a0die Existenz rauben. Hochtief lehnt Koppelgesch\u00e4fte wie &#8222;Wir bauen euch die Infrastruktur (Strassen, Bahn) aus und d\u00fcrfen daf\u00fcr Seltene Erden f\u00fcr unsere Handys abbauen. Die vormals selbst\u00e4ndigen Kleinbauern werden zwar zu Tagel\u00f6hnern, aber gut bezahlt.&#8220;.<br \/>\n.<br \/>\nDoch es wird weiterlaufen wie bisher: In Freiburg kommt ein UMF an, erst 16, alleine und verzweifelt. Sein Vater lie\u00df ihn fliehen, er musste seine kleine Gefl\u00fcgelzucht aufgeben, da der Markt in Accra mit superbilligen H\u00fchnerinnereien und -fl\u00fcgeln \u00fcberschwemmt wird von Wiesenhof &amp; Co aus Deutschland. In Freiburg wird er von einer <a title=\"Gutmenschen\" href=\"https:\/\/www.freiburg-schwarzwald.de\/blog\/engagement\/gutmenschen\/\">gutmeinenden<\/a> Helfer-Armada von Sozialarbeitern, Sozialp\u00e4dagogen, Heimleitern, Psychologen, Erziehern, Inobhutlern, &#8230; betreut, allesamt festangestellt oder projektgebunden. Und zum Mittagessen gibts f\u00fcr alle H\u00e4hnchenbrust oder -schenkel &#8211; aber keine H\u00e4hnchenfl\u00fcgel, denn diese verzehrt man in Deutschland nicht, diese werden ja nach Afrika exportiert.<br \/>\n15.6.2015<\/p>\n","protected":false},"excerpt":{"rendered":"<p>Griechenland \u00a0erh\u00e4lt weiter frisches Geld zur Verhinderung des Grexit &#8211; um der EU-B\u00fcrokratie in Br\u00fcssel die vielen Arbeitspl\u00e4tze zu erhalten. Armutsfl\u00fcchtlinge aus Afrika werden weiter mit finanziell h\u00f6chstdotiertem Willkommen angelockt, um der deutschen Migrations- bzw. Helferindustrie ihre Jobs zu sichern. &hellip; <a href=\"https:\/\/www.freiburg-schwarzwald.de\/blog\/politik-in-eu-unglaubwuerdig\/\">Weiterlesen <span class=\"meta-nav\">&rarr;<\/span><\/a><\/p>\n","protected":false},"author":2,"featured_media":0,"comment_status":"open","ping_status":"closed","sticky":false,"template":"","format":"standard","meta":{"footnotes":""},"categories":[195,9],"tags":[489,372,622],"class_list":["post-54963","post","type-post","status-publish","format-standard","hentry","category-eu","category-soziales","tag-european-union","tag-euro","tag-migration"],"_links":{"self":[{"href":"https:\/\/www.freiburg-schwarzwald.de\/blog\/wp-json\/wp\/v2\/posts\/54963","targetHints":{"allow":["GET"]}}],"collection":[{"href":"https:\/\/www.freiburg-schwarzwald.de\/blog\/wp-json\/wp\/v2\/posts"}],"about":[{"href":"https:\/\/www.freiburg-schwarzwald.de\/blog\/wp-json\/wp\/v2\/types\/post"}],"author":[{"embeddable":true,"href":"https:\/\/www.freiburg-schwarzwald.de\/blog\/wp-json\/wp\/v2\/users\/2"}],"replies":[{"embeddable":true,"href":"https:\/\/www.freiburg-schwarzwald.de\/blog\/wp-json\/wp\/v2\/comments?post=54963"}],"version-history":[{"count":0,"href":"https:\/\/www.freiburg-schwarzwald.de\/blog\/wp-json\/wp\/v2\/posts\/54963\/revisions"}],"wp:attachment":[{"href":"https:\/\/www.freiburg-schwarzwald.de\/blog\/wp-json\/wp\/v2\/media?parent=54963"}],"wp:term":[{"taxonomy":"category","embeddable":true,"href":"https:\/\/www.freiburg-schwarzwald.de\/blog\/wp-json\/wp\/v2\/categories?post=54963"},{"taxonomy":"post_tag","embeddable":true,"href":"https:\/\/www.freiburg-schwarzwald.de\/blog\/wp-json\/wp\/v2\/tags?post=54963"}],"curies":[{"name":"wp","href":"https:\/\/api.w.org\/{rel}","templated":true}]}}