{"id":54917,"date":"2015-06-11T16:00:37","date_gmt":"2015-06-11T14:00:37","guid":{"rendered":"https:\/\/www.freiburg-schwarzwald.de\/blog\/?p=54917"},"modified":"2015-06-11T16:06:00","modified_gmt":"2015-06-11T14:06:00","slug":"eu-stoppt-mango-import-in-fr","status":"publish","type":"post","link":"https:\/\/www.freiburg-schwarzwald.de\/blog\/eu-stoppt-mango-import-in-fr\/","title":{"rendered":"EU stoppt Mango-Import in FR"},"content":{"rendered":"<p><a title=\"EU\" href=\"https:\/\/www.freiburg-schwarzwald.de\/blog\/global\/eu\/\">EU<\/a> stoppt Freiburger <a title=\"Moviment-Verein Mango Afrika\" href=\"https:\/\/www.freiburg-schwarzwald.de\/blog\/moviment-verein-mango-afrika\/\">Hilfsprojekt<\/a>. Luxemburger Zoll h\u00e4lt 30000 Mangofr\u00fcchte von &#8222;<a title=\"Benin Ananas Mango fuer Solar\" href=\"https:\/\/www.freiburg-schwarzwald.de\/blog\/benin-ananas-mango-fuer-solar\/\">SolarEnergie f\u00fcr Afrika<\/a>&#8220; zur\u00fcck, die vernichtet werden sollen. Seit 2011 importiert der <a title=\"FairerHandel\" href=\"https:\/\/www.freiburg-schwarzwald.de\/blog\/global\/fairerhandel\/\">Freiburger Verein<\/a> zwei Mal im Jahr <a title=\"Suedfruechte\" href=\"https:\/\/www.freiburg-schwarzwald.de\/blog\/natur\/landwirt\/obstbau\/suedfruechte\/\">frische Mangos<\/a> aus Burkina Faso. Das besondere an diesen <a title=\"Solar-Energie fuer Afrika Verein\" href=\"https:\/\/www.freiburg-schwarzwald.de\/blog\/solar-energie-fuer-afrika-verein\/\">exotischen Fr\u00fcchten<\/a>: Zum einen werden sie in <a title=\"Afrika\" href=\"https:\/\/www.freiburg-schwarzwald.de\/blog\/global\/afrika\/\">Afrika<\/a> sp\u00e4ter gepfl\u00fcckt und fast direkt nach Freiburg-Kappel geschickt und hier direkt verkauft. <!--more-->Dadurch sind die Fr\u00fcchte deutlich reifer als sonst \u00fcblich. Zweitens: Mit dem Gewinn, der durch den Verkauf entsteht, finanziert der Verein Solaranlagen in Afrika. \u201eSelbst in den St\u00e4dten gibt es kaum eine funktionierende Stromversorgung\u201c, sagt Mounirou Salami. \u201eDa sind Photovoltaikanlagen die perfekte Erg\u00e4nzung &#8211; vor allem auf dem Land, wo es meist gar keinen Strom gibt.\u201c<\/p>\n<p>Wer schon mal eine s\u00fc\u00dfe, reife Mango gegessen hat, wei\u00df, was das f\u00fcr ein Genuss ist. Seit Jahren findet die tropische Frucht daher auch in Deutschland immer mehr Liebhaber. Mehr als 150 verschiedene Sorten gibt es. Nur wenige schaffen es aber in deutsche Superm\u00e4rkte, wo sie meist eher gr\u00fcn, also noch nicht reif, angeboten werden.<\/p>\n<p>Mounirou Salami ist Ingenieur und hat sich 2009 selbstst\u00e4ndig gemacht. Durch seine Arbeit mit Solaranlagen bekam er vermehrt Kontakt mit Afrika. \u201eIch lebe seit 35 Jahren in Deutschland, hatte bis dahin aber nichts mit Afrika zu tun\u201c, sagt der geb\u00fcrtige Beniner. Eine Reise durch Afrika brachte die Erkenntnis: Man kann mehr tun. Es kam 2010 zur Gr\u00fcndung des Vereins. Bald entstand der Kontak mit dem Verein \u201eHilfsfond f\u00fcr Burkina Faso\u201c aus Seitingen. Dieser baut seit vielen Jahre Schulen in Afrika und finanziert diese durch den Verkauf von afrikanischen Fr\u00fcchten, wie zum Beispiel Mangos. Schnell kam es zur Zusammenarbeit, die Freiburger installieren nun Solaranlagen auf Schulen, finanziert durch den Obstverkauf. Durch die dadurch m\u00f6gliche Beleuchtung k\u00f6nnen Kinder trotz des fr\u00fchen Sonnenuntergangs noch Hausaufgaben machen. Bis zu zw\u00f6lf Kilometer Fu\u00dfweg nehmen manche daf\u00fcr auf sich. Am vergangenen Freitag sollte die bisher gr\u00f6\u00dfte Mangolieferung eintreffen: 30.000 Fr\u00fcchte, rund 30 Tonnen, verpackt in 27 Paletten. Mit einem Tag Versp\u00e4tung landete das Flugzeug dann in Luxemburg. Kurz darauf erreichte Mounirou Salami dann der Anruf seines Partners vor Ort: Der Zoll hatte die Fr\u00fcchte beschlagnahmt und eine Freigabe verweigert. Seitdem lagern die Mangos in einem K\u00fchlhaus. Der geplante Verkauf in Freiburg f\u00fcr Samstag und Montag musste abgesagt werden. \u201e300 Leute hatten bereits im Vorfeld Geld \u00fcberwiesen, das wir nun wieder zur\u00fcck geben\u201c, sagt Salami. Der Grund f\u00fcr die Beschlagnahmung ist offiziell die EU-Richtlinie \u201e2000\/29 EG des Rates vom 8. Mai 2000 \u00fcber Ma\u00dfnahmen zum Schutz der Gemeinschaft gegen die Einschleppung und Ausbreitung von Schadorganismen der Pflanzen und Pflanzenerzeugnisse\u201c. In einer Kiste haben die Kontrolleure eine faule Mango gefunden. \u201eDie Paletten waren alle unge\u00f6ffnet, nur zwei Kisten einer Palette wurden kontrolliert\u201c, sagt Salami. \u201eIn den anderen Kisten sind die Fr\u00fcchte gelb bis gr\u00fcn und einwandfrei.\u201c 99 Prozent der Mangok\u00e4ufer w\u00fcrden genau solche Fr\u00fcchte wollen, so Salami. \u201eWenn ich im Supermarkt Kirschen kaufe, sind auch mal schlechte mit dabei\u201c, hat auch seine Frau Cornelia Marquardt-Salami kein Verst\u00e4ndnis f\u00fcr das Veto. Mangos sind anf\u00e4llig, ungespritzte wie diese erst recht. Ein Spagat f\u00fcr die Planung. Die eint\u00e4gige Verz\u00f6gerung des Fluges war am Ende vielleicht der eine Tag zu viel. Was die 35 Vereinsmitglieder noch weniger verstehen: Die Beh\u00f6rden wollen die 30.000 Fr\u00fcchte nun vernichten \u2013 die Kosten daf\u00fcr soll der Verein bezahlen. Die Fr\u00fcchte, die Verpackung, aber vor allem der Transport h\u00e4tten rund 60.000 Euro gekostet, die der Partnerverein bereits bezahlt hat. Hinzu kommt der entgangene Spendenerl\u00f6s von 15.000 Euro. Salami vermutet, dass die Aktion nur ein Vorwand war. \u201eAm Anfang hat man uns nicht ernst genommen, jetzt gibt es Neider im Gro\u00dfhandel.\u201c Aufgeben wollen Salami und seine Mitstreiter nicht. Im Juli ist die n\u00e4chste Aktion geplant, nur mit Ananas. Mangos wird es erst mit der n\u00e4chsten Ernte in einem Jahr wieder geben.<br \/>\n11.6.2015, Nils Kickert, <a href=\"https:\/\/www.stadtkurier.de\">www.stadtkurier.de<\/a><\/p>\n","protected":false},"excerpt":{"rendered":"<p>EU stoppt Freiburger Hilfsprojekt. Luxemburger Zoll h\u00e4lt 30000 Mangofr\u00fcchte von &#8222;SolarEnergie f\u00fcr Afrika&#8220; zur\u00fcck, die vernichtet werden sollen. Seit 2011 importiert der Freiburger Verein zwei Mal im Jahr frische Mangos aus Burkina Faso. Das besondere an diesen exotischen Fr\u00fcchten: Zum &hellip; <a href=\"https:\/\/www.freiburg-schwarzwald.de\/blog\/eu-stoppt-mango-import-in-fr\/\">Weiterlesen <span class=\"meta-nav\">&rarr;<\/span><\/a><\/p>\n","protected":false},"author":2,"featured_media":0,"comment_status":"open","ping_status":"closed","sticky":false,"template":"","format":"standard","meta":{"footnotes":""},"categories":[52,53],"tags":[602,489,341,589,87],"class_list":["post-54917","post","type-post","status-publish","format-standard","hentry","category-einewelt","category-fairerhandel","tag-afrika","tag-european-union","tag-export","tag-fair","tag-lokal-handeln"],"_links":{"self":[{"href":"https:\/\/www.freiburg-schwarzwald.de\/blog\/wp-json\/wp\/v2\/posts\/54917","targetHints":{"allow":["GET"]}}],"collection":[{"href":"https:\/\/www.freiburg-schwarzwald.de\/blog\/wp-json\/wp\/v2\/posts"}],"about":[{"href":"https:\/\/www.freiburg-schwarzwald.de\/blog\/wp-json\/wp\/v2\/types\/post"}],"author":[{"embeddable":true,"href":"https:\/\/www.freiburg-schwarzwald.de\/blog\/wp-json\/wp\/v2\/users\/2"}],"replies":[{"embeddable":true,"href":"https:\/\/www.freiburg-schwarzwald.de\/blog\/wp-json\/wp\/v2\/comments?post=54917"}],"version-history":[{"count":0,"href":"https:\/\/www.freiburg-schwarzwald.de\/blog\/wp-json\/wp\/v2\/posts\/54917\/revisions"}],"wp:attachment":[{"href":"https:\/\/www.freiburg-schwarzwald.de\/blog\/wp-json\/wp\/v2\/media?parent=54917"}],"wp:term":[{"taxonomy":"category","embeddable":true,"href":"https:\/\/www.freiburg-schwarzwald.de\/blog\/wp-json\/wp\/v2\/categories?post=54917"},{"taxonomy":"post_tag","embeddable":true,"href":"https:\/\/www.freiburg-schwarzwald.de\/blog\/wp-json\/wp\/v2\/tags?post=54917"}],"curies":[{"name":"wp","href":"https:\/\/api.w.org\/{rel}","templated":true}]}}