{"id":54905,"date":"2015-06-10T12:39:16","date_gmt":"2015-06-10T10:39:16","guid":{"rendered":"https:\/\/www.freiburg-schwarzwald.de\/blog\/?p=54905"},"modified":"2015-06-10T14:13:24","modified_gmt":"2015-06-10T12:13:24","slug":"christliche-kirchen-und-macht","status":"publish","type":"post","link":"https:\/\/www.freiburg-schwarzwald.de\/blog\/christliche-kirchen-und-macht\/","title":{"rendered":"Christliche Kirchen und Macht"},"content":{"rendered":"<p><a title=\"Religion\" href=\"https:\/\/www.freiburg-schwarzwald.de\/blog\/religion\/\">Kirche<\/a> ist keine g\u00f6ttliche, sondern eine zutiefst menschliche Institution. Und wo es menschelt, geht es auch ungerecht und <a title=\"Gewalt\" href=\"https:\/\/www.freiburg-schwarzwald.de\/blog\/selbsthilfe\/krise\/gewalt\/\">machtorientiert <\/a>zu. So gibt es im 21. Jahrhundert zwei Kategorien von Kirchen: Die eine zeigt ihr Machtstreben offen und ehrlich wie z.B. der <a title=\"Islam-Reformen\" href=\"https:\/\/www.freiburg-schwarzwald.de\/blog\/religion\/islam\/islam-reformen\/\">Islam<\/a>, in dem Kirche und <a title=\"Leitkultur\" href=\"https:\/\/www.freiburg-schwarzwald.de\/blog\/kultur\/leitkultur\/\">Staatsmacht<\/a> zu einer <a title=\"Islam\" href=\"https:\/\/www.freiburg-schwarzwald.de\/blog\/religion\/islam\/\">Einheit<\/a> verschmolzen sind mit der <a title=\"Assimilation\" href=\"https:\/\/www.freiburg-schwarzwald.de\/blog\/global\/integration\/assimilation\/\">Scharia<\/a> als eigenem Rechtssystem. Die andere Kategorie verschleiert ihre weltlichen Machtgel\u00fcste, <!--more-->h\u00e4ngt ihre Fahne jedoch in den Wind des politischen Systems, das gerade die Macht inne hat. So haben die beiden christlichen Kirchen mit Hitler paktiert &#8211; die Katholiken ganz offiziell und die Protestanten etwas versch\u00e4mter. Die russisch-orthodoxe Kirche unterst\u00fctzt Putin. Die griechische Orthodoxie wechselt eifrig &#8211; zuletzt von Papadopulos (Sozialisten) zu Syriza (Linke), und danach zu ..?.. Die Drusen als muslimische Gruppierung ohne Scharia arrangieren sich mit dem jeweiligen Staat &#8211; so kommt es vor, dass ein <a title=\"Israel\" href=\"https:\/\/www.freiburg-schwarzwald.de\/blog\/global\/israel\/\">israelischer<\/a> Druse gegen seinen Onkel in der libanesischen Armee Krieg f\u00fchrt.<br \/>\nDas einzige politische System, welches das zutiefst menschliche Streben nach Macht kontrollieren kann, ist die <a title=\"Menschenrechte\" href=\"https:\/\/www.freiburg-schwarzwald.de\/blog\/kultur\/aufklaerung\/menschenrechte\/\">Demokratie<\/a> auf Basis der <a title=\"Leitkultur\" href=\"https:\/\/www.freiburg-schwarzwald.de\/blog\/kultur\/leitkultur\/\">Menschenrechte<\/a>. Leider verabscheuen alle Kirchen demokratische Strukturen beim Aufbau ihrer eigenen internen Organisation. So haben Katholiken und Protestanten nach 1948 zwar gelernt, sich mit der deutschen Demokratie zu arrangieren, intern sind beide Konfessionen jedoch undemokratisch aufgebaut. W\u00fcrden sie die Demokratie auch f\u00fcrs eigene Kirchenvolk zulassen, dann k\u00f6nnte auch in Deutschland endlich eine strenge <a title=\"Kirche-Staat\" href=\"https:\/\/www.freiburg-schwarzwald.de\/blog\/religion\/kirche-staat\/\">Trennung von Kirche und Staat<\/a> (Laizismus) eingef\u00fchrt werden. Nur so kann das im Grundgesetz festgeschriebene und geforderte Prinzip der &#8222;Freiheit und Gleichbehandlung aller Religionen&#8220; umgesetzt werden. Im Jahr 1948 lebten in Deutschland zu 95% <a title=\"Evangelisch\" href=\"https:\/\/www.freiburg-schwarzwald.de\/blog\/religion\/evangelisch\/\">evangelische<\/a> oder <a title=\"Katholisch\" href=\"https:\/\/www.freiburg-schwarzwald.de\/blog\/religion\/katholisch\/\">katholische<\/a> Christen und damals schien die Privilegierung dieser beiden gro\u00dfen Konfessionen angebracht &#8211; vor allem im Hinblick auf die Weimarer Republik und das 3.Reich. Im Jahr 2015 ist der Anteil der kirchensteuerzahlenden auf 50% und der praktizierenden Christen auf unter 20% gesunken, somit ist deren Privilegierung nicht mehr gerechtfertigt &#8211; <a title=\"Humanismus\" href=\"https:\/\/www.freiburg-schwarzwald.de\/blog\/kultur\/aufklaerung\/humanismus\/\">Konfessionsfreie<\/a> (die mit Abstand gr\u00f6\u00dfte &#8222;<a title=\"Konfessionslosigkeit\" href=\"https:\/\/www.freiburg-schwarzwald.de\/blog\/religion\/konfessionslosigkeit\/\">Konfession<\/a>&#8222;) werden mahnen,\u00a0Muslime (die am schnellsten wachsende Religion) werden klagen und vom Verfassungsgericht Recht erhalten.<br \/>\n10.6.2015<\/p>\n","protected":false},"excerpt":{"rendered":"<p>Kirche ist keine g\u00f6ttliche, sondern eine zutiefst menschliche Institution. Und wo es menschelt, geht es auch ungerecht und machtorientiert zu. So gibt es im 21. Jahrhundert zwei Kategorien von Kirchen: Die eine zeigt ihr Machtstreben offen und ehrlich wie z.B. &hellip; <a href=\"https:\/\/www.freiburg-schwarzwald.de\/blog\/christliche-kirchen-und-macht\/\">Weiterlesen <span class=\"meta-nav\">&rarr;<\/span><\/a><\/p>\n","protected":false},"author":2,"featured_media":0,"comment_status":"open","ping_status":"closed","sticky":false,"template":"","format":"standard","meta":{"footnotes":""},"categories":[89,19],"tags":[633,421,503,301],"class_list":["post-54905","post","type-post","status-publish","format-standard","hentry","category-kirchen","category-religion","tag-demokratie","tag-islam","tag-church","tag-culture"],"_links":{"self":[{"href":"https:\/\/www.freiburg-schwarzwald.de\/blog\/wp-json\/wp\/v2\/posts\/54905","targetHints":{"allow":["GET"]}}],"collection":[{"href":"https:\/\/www.freiburg-schwarzwald.de\/blog\/wp-json\/wp\/v2\/posts"}],"about":[{"href":"https:\/\/www.freiburg-schwarzwald.de\/blog\/wp-json\/wp\/v2\/types\/post"}],"author":[{"embeddable":true,"href":"https:\/\/www.freiburg-schwarzwald.de\/blog\/wp-json\/wp\/v2\/users\/2"}],"replies":[{"embeddable":true,"href":"https:\/\/www.freiburg-schwarzwald.de\/blog\/wp-json\/wp\/v2\/comments?post=54905"}],"version-history":[{"count":0,"href":"https:\/\/www.freiburg-schwarzwald.de\/blog\/wp-json\/wp\/v2\/posts\/54905\/revisions"}],"wp:attachment":[{"href":"https:\/\/www.freiburg-schwarzwald.de\/blog\/wp-json\/wp\/v2\/media?parent=54905"}],"wp:term":[{"taxonomy":"category","embeddable":true,"href":"https:\/\/www.freiburg-schwarzwald.de\/blog\/wp-json\/wp\/v2\/categories?post=54905"},{"taxonomy":"post_tag","embeddable":true,"href":"https:\/\/www.freiburg-schwarzwald.de\/blog\/wp-json\/wp\/v2\/tags?post=54905"}],"curies":[{"name":"wp","href":"https:\/\/api.w.org\/{rel}","templated":true}]}}