{"id":54859,"date":"2015-06-08T08:01:46","date_gmt":"2015-06-08T06:01:46","guid":{"rendered":"https:\/\/www.freiburg-schwarzwald.de\/blog\/?p=54859"},"modified":"2015-06-08T08:02:21","modified_gmt":"2015-06-08T06:02:21","slug":"muenstertaeler-theatersommer","status":"publish","type":"post","link":"https:\/\/www.freiburg-schwarzwald.de\/blog\/muenstertaeler-theatersommer\/","title":{"rendered":"Muenstertaeler Theatersommer"},"content":{"rendered":"<p>Mit dem M\u00fcnstert\u00e4ler <a title=\"Theater\" href=\"https:\/\/www.freiburg-schwarzwald.de\/blog\/kultur\/theater\/\">Theatersommer<\/a> wird es in diesem Jahr erstmalig eine ganze Reihe von Open-Air-Auff\u00fchrungen f\u00fcr Erwachsene und Kinder beim <a title=\"Brauchtum\" href=\"https:\/\/www.freiburg-schwarzwald.de\/blog\/regio\/heimat\/brauchtum\/\">historischen<\/a> <a title=\"Kaltwasserhof Muenstertal 2015\" href=\"https:\/\/www.freiburg-schwarzwald.de\/blog\/kaltwasserhof-muenstertal-2015\/\">Kaltwasserhof<\/a> in der N\u00e4he des <a title=\"Bergwerk\" href=\"https:\/\/www.freiburg-schwarzwald.de\/blog\/natur\/geologie\/bergwerk\/\">Besucherbergwerks &#8222;Teufelsgrund&#8220; <\/a>geben. Zusammen mit der Ferienregion <a title=\"Muenstertal\" href=\"https:\/\/www.freiburg-schwarzwald.de\/blog\/regio\/orte\/muenstertal\/\">M\u00fcnstertal<\/a> Staufen organisiert der in M\u00fcnstertal lebende Regisseur und <a title=\"Kunst\" href=\"https:\/\/www.freiburg-schwarzwald.de\/blog\/kultur\/kunst\/\">Theatermacher<\/a> Dietmar Berron-Brena \u00fcber 50 Veranstaltungen im M\u00fcnstert\u00e4ler Ortsteil Mulden.<!--more--><\/p>\n<p>Den Auftakt macht am 11. Juni um 21.30 Uhr das St\u00fcck &#8222;Der Ackermann und der Tod&#8220; nach Johannes Tepl. Berron-Brena hat das Traktat aus dem Jahr 1401 bearbeitet und f\u00fcr das MTK-Theater M\u00fcnstertal inszeniert. Es besch\u00e4ftigt sich mit den zeitlosen menschlichen Fragen nach Werden und Vergehen und der Natur des Menschen. Der Ackermann ist mit dem fr\u00fchen Tod seiner Frau Margarete konfrontiert. Es entspinnt sich ein mal verzweifelter, mal w\u00fctender, mal nachdenklicher und komischer Dialog mit dem Tod. &#8222;Die Thematik passt au\u00dferordentlich gut zu diesem Ort hier, der durch \u00e4u\u00dferst harte Lebensbedingungen, st\u00e4ndige Todesgefahr im Wald und im Bergbau, Armut und dem Ausgeliefertsein in der Abgeschiedenheit der Natur gekennzeichnet ist&#8220;, sagt Berron-Brena, &#8222;hier starben die Menschen wie die Fliegen&#8220;. Die Vorstellung ist als szenische Wanderung angelegt, sie beginnt beim Bergwerk Teufelsgrund. Nur mit lichtstarken Taschenlampen (bitte mitbringen!) ausger\u00fcstet, werden Zuschauer, Musikanten und Schauspieler das St\u00fcck an verschiedenen Stationen gemeinsam inszenieren. &#8222;Das wird spannend, keine Auff\u00fchrung gleicht der anderen. Das h\u00e4ngt von Wetter und Lichtverh\u00e4ltnissen ab, und die sind bei Vollmond oder bei Neumond ganz unterschiedlich. Ich bin neugierig, wie die Leute im Publikum mit der Situation umgehen werden&#8220;, meint der Regisseur. Bis Ende Oktober sind an den Wochenenden \u00fcber 30 Vorstellungen geplant. &#8230;<br \/>\nAlles von Gabriele Hennicke vom 8.6.2015 bitte lesen auf<br \/>\n<a href=\"https:\/\/www.badische-zeitung.de\/muenstertal\/fragen-nach-werden-und-vergehen--105796552.html\">https:\/\/www.badische-zeitung.de\/muenstertal\/fragen-nach-werden-und-vergehen&#8211;105796552.html<\/a><\/p>\n<p>Der Ackermann und der Tod, erstmals am 11. und 13. Juni 2015 um 21.30 Uhr. 20 Euro, erm\u00e4\u00dfigt 14 Euro. Peter und der Wolf am 20. Juni um 15 Uhr und am 21. Juni um 13 Uhr. Preis 14 Euro, erm\u00e4\u00dfigt 10 Euro. Parkpl\u00e4tze beim Besucherbergwerk Teufelsgrund in M\u00fcnstertal-Mulden.<br \/>\nEtwa zehn bis 15 Minuten Fu\u00dfweg bis zum Kaltwasserhof.<br \/>\nVorverkauf: Tourismus-B\u00fcro M\u00fcnstertal im Rathaus M\u00fcnstertal, Tel. 07636-70740.<br \/>\n<a class=\"ngLink\" title=\"\" href=\"https:\/\/www.xn--mnstertal-q9a.de\/\" target=\"_blank\">https:\/\/www.m\u00fcnstertal.de<\/a> und <a class=\"ngLink\" title=\"\" href=\"https:\/\/www.xn--mtktheater-mnstertal-0ec.de\/\" target=\"_blank\">https:\/\/www.mtktheater-m\u00fcnstertal.de<\/a><\/p>\n","protected":false},"excerpt":{"rendered":"<p>Mit dem M\u00fcnstert\u00e4ler Theatersommer wird es in diesem Jahr erstmalig eine ganze Reihe von Open-Air-Auff\u00fchrungen f\u00fcr Erwachsene und Kinder beim historischen Kaltwasserhof in der N\u00e4he des Besucherbergwerks &#8222;Teufelsgrund&#8220; geben. Zusammen mit der Ferienregion M\u00fcnstertal Staufen organisiert der in M\u00fcnstertal lebende &hellip; <a href=\"https:\/\/www.freiburg-schwarzwald.de\/blog\/muenstertaeler-theatersommer\/\">Weiterlesen <span class=\"meta-nav\">&rarr;<\/span><\/a><\/p>\n","protected":false},"author":2,"featured_media":0,"comment_status":"open","ping_status":"closed","sticky":false,"template":"","format":"standard","meta":{"footnotes":""},"categories":[18,13,12,214],"tags":[716,511,313,733],"class_list":["post-54859","post","type-post","status-publish","format-standard","hentry","category-bildung","category-kultur","category-natur","category-theater","tag-bauernhof","tag-brauchtum","tag-mundart","tag-theater"],"_links":{"self":[{"href":"https:\/\/www.freiburg-schwarzwald.de\/blog\/wp-json\/wp\/v2\/posts\/54859","targetHints":{"allow":["GET"]}}],"collection":[{"href":"https:\/\/www.freiburg-schwarzwald.de\/blog\/wp-json\/wp\/v2\/posts"}],"about":[{"href":"https:\/\/www.freiburg-schwarzwald.de\/blog\/wp-json\/wp\/v2\/types\/post"}],"author":[{"embeddable":true,"href":"https:\/\/www.freiburg-schwarzwald.de\/blog\/wp-json\/wp\/v2\/users\/2"}],"replies":[{"embeddable":true,"href":"https:\/\/www.freiburg-schwarzwald.de\/blog\/wp-json\/wp\/v2\/comments?post=54859"}],"version-history":[{"count":0,"href":"https:\/\/www.freiburg-schwarzwald.de\/blog\/wp-json\/wp\/v2\/posts\/54859\/revisions"}],"wp:attachment":[{"href":"https:\/\/www.freiburg-schwarzwald.de\/blog\/wp-json\/wp\/v2\/media?parent=54859"}],"wp:term":[{"taxonomy":"category","embeddable":true,"href":"https:\/\/www.freiburg-schwarzwald.de\/blog\/wp-json\/wp\/v2\/categories?post=54859"},{"taxonomy":"post_tag","embeddable":true,"href":"https:\/\/www.freiburg-schwarzwald.de\/blog\/wp-json\/wp\/v2\/tags?post=54859"}],"curies":[{"name":"wp","href":"https:\/\/api.w.org\/{rel}","templated":true}]}}