{"id":54834,"date":"2015-06-05T14:25:14","date_gmt":"2015-06-05T12:25:14","guid":{"rendered":"https:\/\/www.freiburg-schwarzwald.de\/blog\/?p=54834"},"modified":"2019-06-22T20:21:57","modified_gmt":"2019-06-22T18:21:57","slug":"kirchentagsubvention-kitastreik","status":"publish","type":"post","link":"https:\/\/www.freiburg-schwarzwald.de\/blog\/kirchentagsubvention-kitastreik\/","title":{"rendered":"Kirchentagsubvention Kitastreik"},"content":{"rendered":"<p>Der 35. Deutsche <a title=\"Evangelisch\" href=\"https:\/\/www.freiburg-schwarzwald.de\/blog\/religion\/evangelisch\/\">Evangelische Kirchentag<\/a> vom 3. bis 7. Juni 2015 in Stuttgart wird vom Staat mit 8.6 Mio Euro bezuschusst. Ein Versto\u00df sowohl gegen die im <a title=\"Demokratie\" href=\"https:\/\/www.freiburg-schwarzwald.de\/blog\/engagement\/zukunft\/demokratie\/\">Grundgesetz<\/a> gebotene <a title=\"Kirche-Staat\" href=\"https:\/\/www.freiburg-schwarzwald.de\/blog\/religion\/kirche-staat\/\">weltanschauliche Neutralit\u00e4t<\/a> wie auch gegen das Motto des Kirchentags &#8222;Damit wir klug werden&#8220;. Klug w\u00e4re, diese 8,6 Mio Euro f\u00fcr die von den streikenden ErzieherInnen seit Wochen geforderte Aufwertung der Kinderbetreuung in <a title=\"Kindergarten\" href=\"https:\/\/www.freiburg-schwarzwald.de\/blog\/bildung\/kindergarten\/\">Kitas<\/a> zu verwenden.<!--more--><br \/>\nDas 11. Gebot: k\u00f6nnte lauten &#8222;Du sollst Deinen <a title=\"Kirchentag\" href=\"https:\/\/www.freiburg-schwarzwald.de\/blog\/religion\/kirchen\/kirchentag\/\">Kirchentag<\/a> selbst bezahlen&#8220;, wenn in Deutschland eine klare <a title=\"Kirche-Staat\" href=\"https:\/\/www.freiburg-schwarzwald.de\/blog\/religion\/kirche-staat\/\">Trennung von Kirche und Staat<\/a> verwirklicht w\u00fcrde. <a href=\"https:\/\/www.11tes-gebot.de\">www.11tes-gebot.de<\/a>\u00a0 Und um diese Trennung kommt man nicht herum angesichts des dramatischen R\u00fcckgangs der christl. Kirchen (Kirchenaustritte, 15% praktizierende Christen) einerseits und des Zuwachses der\u00a0Muslime wie auch Konfessionsfreien andererseits.<\/p>\n<p>Stuttgart sollte sich ein Beispiel nehmen an der Universit\u00e4tsstadt M\u00fcnster\/Westfalen: Hier hat der Gemeinderat am 30.5.2015 direkte finanzielle Zusch\u00fcsse f\u00fcr den geplanten Katholikentag 2018 abgelehnt, die Stadt M\u00fcnster stellt nur Infrastruktur und R\u00e4umlichkeiten zur Verf\u00fcgung.<br \/>\n&#8222;So schafft M\u00fcnster, was Stuttgart, was Hamburg und Berlin nicht geschafft haben oder nicht schaffen wollten: Die Stadt sagt Ja zu gesellschaftlicher Vielfalt und bietet Raum f\u00fcr Veranstaltungen wie den Katholikentag. Aber sie h\u00e4lt sich selbst raus aus einer ideellen und materiellen Sonder-Unterst\u00fctzung. Das kleine M\u00fcnster sollte den Gro\u00dfen ein Vorbild sein.&#8220;<a href=\"https:\/\/%20https:\/\/www.swr.de\/kirchentag\/finanzierung-evangelischer-kirchentag-muenster-bietet-infrastruktur-statt-geld\/-\/id=15268804\/did=15625480\/nid=15268804\/vutzy7\/index.html\"> https:\/\/www.swr.de\/kirchentag\/finanzierung-evangelischer-kirchentag-muenster-bietet-infrastruktur-statt-geld\/-\/id=15268804\/did=15625480\/nid=15268804\/vutzy7\/index.html<\/a><\/p>\n<p>Kirchentage m\u00f6gen sinnvoll und sogar gesamtgesellschaftlich n\u00fctzlich sein. Aber es passt einfach nicht zusammen, wenn Protestanten in Stuttgart sich ihr spirituelles Bem\u00fchen zwischen Fronleichnam und dem Sonntag danach f\u00fcr stolze 8,6 Mio Euro bzw. 1,72 Mio Euro\/Tag vom Staat subventionieren lassen, w\u00e4hrend 500 m weiter berufst\u00e4tige Eltern Urlaub oder unbezahlten Sonderurlaub nehmen m\u00fcssen, um ihre Kids zu betreuen, da die Kitas in Stuttgart-&#8230;.. seit Wochen bestreikt werden &#8211; und alles gem\u00e4\u00df dem Kirchentags-Motto &#8222;Damit wir klug werden.&#8220;<\/p>\n<p>Die <a title=\"Islam-Organisationen\" href=\"https:\/\/www.freiburg-schwarzwald.de\/blog\/religion\/islam\/islam-organisationen\/\">Islam-Verb\u00e4nde<\/a> sollten sich den Mut nehmen und zur Durchf\u00fchrung ihrer Rhamadan-Tage vom Staat 8,6 Mio Euro Zusch\u00fcsse fordern. Die deutschen Gerichte werden dieser Forderung statt geben aufgrund des Prinzips der Gleichbehandlung der Religionen &#8211; zum Gl\u00fcck leben wir in einem <a title=\"Rechtsstaat\" href=\"https:\/\/www.freiburg-schwarzwald.de\/blog\/selbsthilfe\/soziales\/justiz\/rechtsstaat\/\">Rechtsstaat<\/a>.<\/p>\n","protected":false},"excerpt":{"rendered":"<p>Der 35. Deutsche Evangelische Kirchentag vom 3. bis 7. Juni 2015 in Stuttgart wird vom Staat mit 8.6 Mio Euro bezuschusst. Ein Versto\u00df sowohl gegen die im Grundgesetz gebotene weltanschauliche Neutralit\u00e4t wie auch gegen das Motto des Kirchentags &#8222;Damit wir &hellip; <a href=\"https:\/\/www.freiburg-schwarzwald.de\/blog\/kirchentagsubvention-kitastreik\/\">Weiterlesen <span class=\"meta-nav\">&rarr;<\/span><\/a><\/p>\n","protected":false},"author":2,"featured_media":0,"comment_status":"open","ping_status":"closed","sticky":false,"template":"","format":"standard","meta":{"footnotes":""},"categories":[13,19],"tags":[503,484,301,631],"class_list":["post-54834","post","type-post","status-publish","format-standard","hentry","category-kultur","category-religion","tag-church","tag-kommune","tag-culture","tag-staat"],"_links":{"self":[{"href":"https:\/\/www.freiburg-schwarzwald.de\/blog\/wp-json\/wp\/v2\/posts\/54834","targetHints":{"allow":["GET"]}}],"collection":[{"href":"https:\/\/www.freiburg-schwarzwald.de\/blog\/wp-json\/wp\/v2\/posts"}],"about":[{"href":"https:\/\/www.freiburg-schwarzwald.de\/blog\/wp-json\/wp\/v2\/types\/post"}],"author":[{"embeddable":true,"href":"https:\/\/www.freiburg-schwarzwald.de\/blog\/wp-json\/wp\/v2\/users\/2"}],"replies":[{"embeddable":true,"href":"https:\/\/www.freiburg-schwarzwald.de\/blog\/wp-json\/wp\/v2\/comments?post=54834"}],"version-history":[{"count":0,"href":"https:\/\/www.freiburg-schwarzwald.de\/blog\/wp-json\/wp\/v2\/posts\/54834\/revisions"}],"wp:attachment":[{"href":"https:\/\/www.freiburg-schwarzwald.de\/blog\/wp-json\/wp\/v2\/media?parent=54834"}],"wp:term":[{"taxonomy":"category","embeddable":true,"href":"https:\/\/www.freiburg-schwarzwald.de\/blog\/wp-json\/wp\/v2\/categories?post=54834"},{"taxonomy":"post_tag","embeddable":true,"href":"https:\/\/www.freiburg-schwarzwald.de\/blog\/wp-json\/wp\/v2\/tags?post=54834"}],"curies":[{"name":"wp","href":"https:\/\/api.w.org\/{rel}","templated":true}]}}