{"id":5480,"date":"2012-06-22T09:08:03","date_gmt":"2012-06-22T09:08:03","guid":{"rendered":"https:\/\/www.freiburg-schwarzwald.de\/blog\/?p=5480"},"modified":"2012-06-22T09:09:52","modified_gmt":"2012-06-22T09:09:52","slug":"125-jahre-hoellentalbahn-sonderfahrten-und-aktionen-am-24-juni","status":"publish","type":"post","link":"https:\/\/www.freiburg-schwarzwald.de\/blog\/125-jahre-hoellentalbahn-sonderfahrten-und-aktionen-am-24-juni\/","title":{"rendered":"125 Jahre Hoellentalbahn &#8211; Sonderfahrten und Aktionen am 24.Juni"},"content":{"rendered":"<p>Seit 125 Jahren verbindet die <a title=\"Eisenbahn\" href=\"https:\/\/www.freiburg-schwarzwald.de\/blog\/regio\/verkehr\/eisenbahn\/\">H\u00f6llentalbahn<\/a>, eine der steilsten Bahnstrecken bundesweit, die Rheinebene mit dem Hochschwarzwald: Das Jubil\u00e4um feiert die Deutsche Bahn (DB) Regio S\u00fcdbaden am Sonntag, 24. Juni, von 10 bis 17 Uhr mit Sonderfahrten und zahlreichen Aktionen an den verschiedenen Bahnh\u00f6fen entlang der Strecke durch Dreisam- und H\u00f6llental. So \u00f6ffnet in Freiburg die DB Regio-Werkstatt, zu der man vom Hauptbahnhof aus immer 10 oder 50 Minuten nach der vollen Stunde per Pendelzug gelangt, ihre Tore. Von den Bahnh\u00f6fen Freiburg-Wiehre \u2013 dort ist auch eine Fotoausstellung \u2013 , Himmelreich und Titisee aus gibt\u2019s Themenwanderungen, in Kirchzarten einen Diavortrag mit <a title=\"125 Jahre Hoellentalbahn \u2013 Modellbahn beim Bahnhof Kirchzarten\" href=\"https:\/\/www.freiburg-schwarzwald.de\/blog\/2012\/06\/22\/125-jahre-hoellentalbahn-modellbahn-beim-bahnhof-kirchzarten\/\">Modelleisenbahn<\/a> und im Hofgut Himmelreich ein Jubil\u00e4umsmen\u00fc. Zwischen Titisee (Abfahrt 11.42, 14.42 und 17.42 Uhr) und Donaueschingen (Abfahrt 9.15, 13.15 und 16.15 Uhr) fahren Dampfz\u00fcge und in Titisee selbst steigt ein Bahnhofsfest mit Fahrzeugausstellung, Fotoausstellung und Luftballonwettbewerb.<br \/>\nGesamtes Jubil\u00e4umsprogramm auf <a title=\"\" href=\"https:\/\/www.bahn.de\/baden-wuerttemberg\" target=\"_blank\">https:\/\/www.bahn.de\/baden-wuerttemberg<\/a><\/p>\n","protected":false},"excerpt":{"rendered":"<p>Seit 125 Jahren verbindet die H\u00f6llentalbahn, eine der steilsten Bahnstrecken bundesweit, die Rheinebene mit dem Hochschwarzwald: Das Jubil\u00e4um feiert die Deutsche Bahn (DB) Regio S\u00fcdbaden am Sonntag, 24. Juni, von 10 bis 17 Uhr mit Sonderfahrten und zahlreichen Aktionen an &hellip; <a href=\"https:\/\/www.freiburg-schwarzwald.de\/blog\/125-jahre-hoellentalbahn-sonderfahrten-und-aktionen-am-24-juni\/\">Weiterlesen <span class=\"meta-nav\">&rarr;<\/span><\/a><\/p>\n","protected":false},"author":2,"featured_media":0,"comment_status":"open","ping_status":"closed","sticky":false,"template":"","format":"standard","meta":{"footnotes":""},"categories":[273],"tags":[272],"class_list":["post-5480","post","type-post","status-publish","format-standard","hentry","category-einsenbahn","tag-hoellental"],"_links":{"self":[{"href":"https:\/\/www.freiburg-schwarzwald.de\/blog\/wp-json\/wp\/v2\/posts\/5480","targetHints":{"allow":["GET"]}}],"collection":[{"href":"https:\/\/www.freiburg-schwarzwald.de\/blog\/wp-json\/wp\/v2\/posts"}],"about":[{"href":"https:\/\/www.freiburg-schwarzwald.de\/blog\/wp-json\/wp\/v2\/types\/post"}],"author":[{"embeddable":true,"href":"https:\/\/www.freiburg-schwarzwald.de\/blog\/wp-json\/wp\/v2\/users\/2"}],"replies":[{"embeddable":true,"href":"https:\/\/www.freiburg-schwarzwald.de\/blog\/wp-json\/wp\/v2\/comments?post=5480"}],"version-history":[{"count":0,"href":"https:\/\/www.freiburg-schwarzwald.de\/blog\/wp-json\/wp\/v2\/posts\/5480\/revisions"}],"wp:attachment":[{"href":"https:\/\/www.freiburg-schwarzwald.de\/blog\/wp-json\/wp\/v2\/media?parent=5480"}],"wp:term":[{"taxonomy":"category","embeddable":true,"href":"https:\/\/www.freiburg-schwarzwald.de\/blog\/wp-json\/wp\/v2\/categories?post=5480"},{"taxonomy":"post_tag","embeddable":true,"href":"https:\/\/www.freiburg-schwarzwald.de\/blog\/wp-json\/wp\/v2\/tags?post=5480"}],"curies":[{"name":"wp","href":"https:\/\/api.w.org\/{rel}","templated":true}]}}