{"id":54776,"date":"2015-05-31T10:48:10","date_gmt":"2015-05-31T08:48:10","guid":{"rendered":"https:\/\/www.freiburg-schwarzwald.de\/blog\/?p=54776"},"modified":"2015-06-01T13:11:05","modified_gmt":"2015-06-01T11:11:05","slug":"yannick-is-moerder-aus-freiburg","status":"publish","type":"post","link":"https:\/\/www.freiburg-schwarzwald.de\/blog\/yannick-is-moerder-aus-freiburg\/","title":{"rendered":"Yannick IS-Moerder aus Freiburg"},"content":{"rendered":"<p>Der 23-j\u00e4hrige Yannick lebte in Freiburg und wurde in Freiburgs Strassen und Wohnungen von <a title=\"Islam\" href=\"https:\/\/www.freiburg-schwarzwald.de\/blog\/religion\/islam\/\">Islamisten<\/a> zum IS bekehrt. Am 17.5.2015 hat er als <a title=\"Islam-Reformen\" href=\"https:\/\/www.freiburg-schwarzwald.de\/blog\/religion\/islam\/islam-reformen\/\">Selbstmordattent\u00e4ter<\/a> im irakisch-syrischen Grenzgebiet Dutzende Menschen get\u00f6tet. Ungeheuerlich &#8211; auch, dass man in Freiburg dazu schweigt. Sorge, Demos, Mahnwachen, Entsetzen, Betroffenheit, &#8230;, alles Fehlanzeige. Das Schweigen der <a title=\"Gutmenschen\" href=\"https:\/\/www.freiburg-schwarzwald.de\/blog\/engagement\/gutmenschen\/\">Gutmenschen<\/a>.<!--more--><br \/>\n<strong>Yannick &#8211; betreut von Sozialarbeitern<\/strong><br \/>\nYannick N., der mutma\u00dfliche Selbstmordattent\u00e4ter, der am Sonntag vor Pfingsten einen mit Sprengstoff beladenen Lastwagen in eine Milit\u00e4rbasis in Baidschi gesteuert haben soll, stammt aus Freiburg. Der 23-J\u00e4hrige lebte hier: zeitweise obdachlos, gehandicapt, eine Weile wohl betreut von Sozialarbeitern, aber dann umgarnt von Islamisten. &#8230;.<br \/>\nAlles vom 30.5.2015 bitte lesen auf<br \/>\n<a href=\"https:\/\/www.badische-zeitung.de\/lehren-aus-dem-fall-yannick-\">https:\/\/www.badische-zeitung.de\/lehren-aus-dem-fall-yannick-<\/a>n<\/p>\n<p><strong>Demos ja &#8211; aber nur gegen Pegida<\/strong><br \/>\nJa das ersch\u00fcttert die Gutmenschen in Freiburg. Die Stadt ist halt doch nicht so eine Diaspora und ein Hort der Gl\u00fcckseligkeit, wie diese ganzen Baumk\u00fcsser meinen wollen. Die Realit\u00e4t macht halt auch vor so einem Pisskaff wie Freiburg nicht halt. Auch wenn so mancher Vaubanler jetzt seine rosagr\u00fcn gef\u00e4rbte Welt einst\u00fcrzen sieht, es ist nun mal so wie es ist. Auch in Freiburg sind extremistische islamische Kr\u00e4fte am Werk. Da tut sich mir unweigerlich die Frage auf: Gegen <a title=\"Pegida\" href=\"https:\/\/www.freiburg-schwarzwald.de\/blog\/global\/integration\/pegida\/\">Pegida<\/a> gehen jede Menge Leute auf die Strasse &#8211; obwohl es hier gar keine Pegidabewegung gab oder gibt. Wo sind all diese Leute jetzt, da sich ganz andere Wahrheiten auftun? &#8230; weiter Jasmintee trinken???<br \/>\n30.5.2015, Andreas Jenne<br \/>\n.<br \/>\n<strong>Als sei nichts gewesen<\/strong><br \/>\nSo schamlos wie das deutsche Meinungsestablishment die Anschl\u00e4ge von Paris zu einem Angriff auf Muslime und Pegida zur eigentlichen Gefahr f\u00fcr unsere Freiheit umgedeutet hat, so berechtigt ist die Frage von Herrn Jenne. Wo sind denn diese Demonstranten heute, nachdem Pegida sich selbst in Dresden in Wohlgefallen aufgel\u00f6st hat, aber die islamistischen M\u00f6rder weiter und sogar mitten in Freiburg unter uns ihre Mordpl\u00e4ne aushecken. Der Justizminister darf zwar ganz \u00f6ffentlich und unter Applaus des linken Spektrums gegen das Demonstrationsrecht und die Meinungsfreiheit hetzen, wenn dieses Recht vom rechten Rand des demokratischen Spektrums in Anspruch genommen wird. Wenn aber ein extremer Islam aus Deutschland heraus Anschl\u00e4ge mit unz\u00e4hligen Toten ver\u00fcbt, dann ist dieser Justizminister nirgendwo zu sehen, und seine Claqueure tun so, als sei nichts gewesen, oder es ist ihnen gar aus tiefstem Herzen schei\u00dfegal.<\/p>\n<p>Schon die Unterstellung, dass es schwache Charaktere sind, die sich vom IS anwerben lassen, ist falsch. Die Selbstmordzwillinge waren keine schwachen Charaktere, sondern hatten im Gegenteil alles was f\u00fcr ein erfolgreiches Leben in Deutschland n\u00fctzlich ist. Ein ordentliches Elternhaus, Intelligenz, gute Ausbildung und nicht zuletzt ein gutes Aussehen. Trotzdem wurden sie zu M\u00f6rdern. Abgesehen davon teilt sich jede Gesellschaft in schw\u00e4chere und st\u00e4rkere Charaktere. Diese Eigenschaft ist n\u00e4mlich eine relative. Wer die Schuld f\u00fcr das Abgleiten der Schwachen in den Fanatismus bei der Gesellschaft sucht, schiebt die tats\u00e4chliche Schuld von Werbern der Intoleranz auf die nat\u00fcrlichen Unterschiede der Menschen.<br \/>\nEs behauptet hier niemand, dass die kulturelle Vielfalt f\u00fcr den Extremismus verantwortlich w\u00e4re. Das haben Sie erfunden. Was hier behauptet wird ist, dass das Zerrbild von Freiheit, welches vor allem die Gr\u00fcnen fordern, f\u00fcr das Abgleiten ganzer Schichten in eine reaktion\u00e4re bis fanatische Religionsaus\u00fcbung mitverantwortlich ist. F\u00fcr die Gr\u00fcnen ist es das Ziel unserer Gesellschaft, dass Immigranten kulturell tun und lassen k\u00f6nnen was sie wollen. Integration oder gar Einordnung in unsere Wertegesellschaft findet nicht statt, und wird als Unterdr\u00fcckung bek\u00e4mpft. Das ist der N\u00e4hrboden auf dem die v\u00f6llig irrige Vorstellung unter Zuwanderern w\u00e4chst, man habe sich in Deutschland an keine von der Mehrheitsgesellschaft geschaffenen Regeln zu halten. Freiheit sei auch das Recht, zu leben wie in Saudi-Arabien, und diese Vorstellungen wenigstens seinen Familienmitgliedern und Glaubensgenossen aufzwingen zu k\u00f6nnen. Was ja in Massen passiert.<br \/>\nEs ist eine Verdrehung der Fakten wenn Sie behaupten, dass Frauen mit Kopft\u00fcchern froh sein m\u00fcssten, kein Opfer der Verfolgung der Mehrheitsgesellschaft zu werden. Im Gegenteil ist das Kopftuch erst in den letzten Jahren zum Massensymbol eines v\u00f6llig \u00fcbersteigerten Begriffs von Religionsfreiheit geworden, der die Religion \u00fcber alle anderen Freiheitsrechte auch \u00fcber die Gleichberechtigung stellt. Von Verfolgung gibt es nirgendwo eine Spur. Noch vor zwanzig Jahren trugen vor allem Frauen aus der 1. Zuwanderergeneration Kopftuch. Das war hinnehmbar. Kultureller Wandel findet meist mit der n\u00e4chsten Generation statt. Wer einmal in Anatolien sozialisiert wurde, \u00e4ndert seine \u00dcberzeugungen nicht mehr so leicht, und muss das auch nicht. Das Ph\u00e4nomen des Kopftuches ist aber deshalb so gef\u00e4hrlich, weil es n\u00e4mlich die junge hier in Deutschland sozialisierte Generation ist, die pl\u00f6tzlich in Massen zu dieser Flagge der Unterdr\u00fcckung greift, und damit tagt\u00e4glich demonstriert, dass ihre Religion \u00fcber allen anderen Rechten steht. Die gleiche Ursache nur noch viel fanatischer haben die Anwerbeversuche der Salafisten. Die einen bek\u00e4mpfen nur die Gleichberechtigung. Andere schie\u00dfen in Paris die Meinungsfreiheit im Namen der Religion zu Tode, und wieder andere werben M\u00f6rder an, die in Syrien und Irak allen Andersdenkenden und Andersgl\u00e4ubigen den Kopf abschneiden.<br \/>\nWer fordert, man m\u00fcsse vor allem die Ursachen der Labilit\u00e4t dieser T\u00e4ter beseitigen, statt den Fanatismus mit allen staatlichen Mitteln zu bek\u00e4mpfen, toleriert den Fanatismus. Auch f\u00fcr den Fanatismus im Dritten Reich gab es Ursachen. Dennoch w\u00fcrde kein vern\u00fcnftiger Mensch glauben, dass es besser gewesen w\u00e4re, den Vertrag von Versailles zu revidieren, und die wirtschaftliche Situation in Deutschland zu verbessern, anstatt die Konzentrationslager mit Waffengewalt zu befreien.<br \/>\nWer den Terror des IS bek\u00e4mpfen will, muss die exzessive Auslebung der eigenen Religion unterbinden. Wer sich dem widersetzt, k\u00e4mpft nicht f\u00fcr die Freiheit sondern f\u00fcr die R\u00fccksichtslosigkeit.<br \/>\n30.5.2015, Rainer Brombach<\/p>\n","protected":false},"excerpt":{"rendered":"<p>Der 23-j\u00e4hrige Yannick lebte in Freiburg und wurde in Freiburgs Strassen und Wohnungen von Islamisten zum IS bekehrt. Am 17.5.2015 hat er als Selbstmordattent\u00e4ter im irakisch-syrischen Grenzgebiet Dutzende Menschen get\u00f6tet. Ungeheuerlich &#8211; auch, dass man in Freiburg dazu schweigt. Sorge, &hellip; <a href=\"https:\/\/www.freiburg-schwarzwald.de\/blog\/yannick-is-moerder-aus-freiburg\/\">Weiterlesen <span class=\"meta-nav\">&rarr;<\/span><\/a><\/p>\n","protected":false},"author":2,"featured_media":0,"comment_status":"open","ping_status":"closed","sticky":false,"template":"","format":"standard","meta":{"footnotes":""},"categories":[60,19,9],"tags":[732,421],"class_list":["post-54776","post","type-post","status-publish","format-standard","hentry","category-jugend","category-religion","category-soziales","tag-gewalt","tag-islam"],"_links":{"self":[{"href":"https:\/\/www.freiburg-schwarzwald.de\/blog\/wp-json\/wp\/v2\/posts\/54776","targetHints":{"allow":["GET"]}}],"collection":[{"href":"https:\/\/www.freiburg-schwarzwald.de\/blog\/wp-json\/wp\/v2\/posts"}],"about":[{"href":"https:\/\/www.freiburg-schwarzwald.de\/blog\/wp-json\/wp\/v2\/types\/post"}],"author":[{"embeddable":true,"href":"https:\/\/www.freiburg-schwarzwald.de\/blog\/wp-json\/wp\/v2\/users\/2"}],"replies":[{"embeddable":true,"href":"https:\/\/www.freiburg-schwarzwald.de\/blog\/wp-json\/wp\/v2\/comments?post=54776"}],"version-history":[{"count":0,"href":"https:\/\/www.freiburg-schwarzwald.de\/blog\/wp-json\/wp\/v2\/posts\/54776\/revisions"}],"wp:attachment":[{"href":"https:\/\/www.freiburg-schwarzwald.de\/blog\/wp-json\/wp\/v2\/media?parent=54776"}],"wp:term":[{"taxonomy":"category","embeddable":true,"href":"https:\/\/www.freiburg-schwarzwald.de\/blog\/wp-json\/wp\/v2\/categories?post=54776"},{"taxonomy":"post_tag","embeddable":true,"href":"https:\/\/www.freiburg-schwarzwald.de\/blog\/wp-json\/wp\/v2\/tags?post=54776"}],"curies":[{"name":"wp","href":"https:\/\/api.w.org\/{rel}","templated":true}]}}