{"id":54761,"date":"2015-05-31T19:26:37","date_gmt":"2015-05-31T17:26:37","guid":{"rendered":"https:\/\/www.freiburg-schwarzwald.de\/blog\/?p=54761"},"modified":"2015-05-31T19:30:10","modified_gmt":"2015-05-31T17:30:10","slug":"fruehkindliche-foerderung","status":"publish","type":"post","link":"https:\/\/www.freiburg-schwarzwald.de\/blog\/fruehkindliche-foerderung\/","title":{"rendered":"Fruehkindliche Foerderung"},"content":{"rendered":"<p>Im ersten Lebensjahr, also bereits vor Eintritt in die <a title=\"Kinderkrippe\" href=\"https:\/\/www.freiburg-schwarzwald.de\/blog\/bildung\/kinderkrippe\/\">Kita<\/a>, werden die Weichen f\u00fcr das geistige und <a title=\"Soziales\" href=\"https:\/\/www.freiburg-schwarzwald.de\/blog\/selbsthilfe\/soziales\/\">soziale<\/a> Gedeihen der <a title=\"Kinder\" href=\"https:\/\/www.freiburg-schwarzwald.de\/blog\/selbsthilfe\/kinder\/\">Kinder<\/a> gestellt. Fr\u00fchf\u00f6rderung lohnt, je zeitiger und <a title=\"Familie\" href=\"https:\/\/www.freiburg-schwarzwald.de\/blog\/selbsthilfe\/familie\/\">familienn\u00e4her<\/a> desto besser. Denn sp\u00e4tere F\u00f6rderung kann die Defizite der ersten <a title=\"Baby\" href=\"https:\/\/www.freiburg-schwarzwald.de\/blog\/selbsthilfe\/kinder\/baby\/\">zw\u00f6lf Monate<\/a> nie mehr ganz ausgleichen. Deshalb machen sich die 500.000 Euro bezahlt, die die Carina-Stiftung j\u00e4hrlich f\u00fcr ihre vier Familienbesucherinnen in der 60000-Einwohner-Stadt Herford: <!--more-->Begr\u00fc\u00dfungsangebot mit Infos nach der Geburt. Wiederholte Besuche in Problemfamilien. Unterst\u00fctzungspalette mit Elternkursen, Familienhebammen, M\u00fcttercafe, ehrenamtliche Paten und Erziehungskursen (mit dem Kind reden, vorlesen, Babymassage, Musik, beim Sprechen immer anschauen, wenig Spielzeuge, kein Fernsehen). Wer sich am Chancenreich-Program beteiligt, erh\u00e4lt ein Zertifikat und 500 Euro von der Stadt.<br \/>\nMangelhafte F\u00f6rderung des Kleinkindes im ersten Lebensjahr l\u00e4\u00dft sich sp\u00e4ter nie mehr ganz nachholen &#8211; es gibt weltweit keine Studie, die diese These widerlegt.<br \/>\n31.5.2015<br \/>\n<a href=\"https:\/\/www.carina-stiftung.de\/\">www.carina-stiftung.de<\/a><\/p>\n","protected":false},"excerpt":{"rendered":"<p>Im ersten Lebensjahr, also bereits vor Eintritt in die Kita, werden die Weichen f\u00fcr das geistige und soziale Gedeihen der Kinder gestellt. Fr\u00fchf\u00f6rderung lohnt, je zeitiger und familienn\u00e4her desto besser. Denn sp\u00e4tere F\u00f6rderung kann die Defizite der ersten zw\u00f6lf Monate &hellip; <a href=\"https:\/\/www.freiburg-schwarzwald.de\/blog\/fruehkindliche-foerderung\/\">Weiterlesen <span class=\"meta-nav\">&rarr;<\/span><\/a><\/p>\n","protected":false},"author":2,"featured_media":0,"comment_status":"open","ping_status":"closed","sticky":false,"template":"","format":"standard","meta":{"footnotes":""},"categories":[58,61,93],"tags":[368,521,488,721,622],"class_list":["post-54761","post","type-post","status-publish","format-standard","hentry","category-familie","category-kinder","category-kindergarten","tag-baby","tag-family","tag-child","tag-kindergarten","tag-migration"],"_links":{"self":[{"href":"https:\/\/www.freiburg-schwarzwald.de\/blog\/wp-json\/wp\/v2\/posts\/54761","targetHints":{"allow":["GET"]}}],"collection":[{"href":"https:\/\/www.freiburg-schwarzwald.de\/blog\/wp-json\/wp\/v2\/posts"}],"about":[{"href":"https:\/\/www.freiburg-schwarzwald.de\/blog\/wp-json\/wp\/v2\/types\/post"}],"author":[{"embeddable":true,"href":"https:\/\/www.freiburg-schwarzwald.de\/blog\/wp-json\/wp\/v2\/users\/2"}],"replies":[{"embeddable":true,"href":"https:\/\/www.freiburg-schwarzwald.de\/blog\/wp-json\/wp\/v2\/comments?post=54761"}],"version-history":[{"count":0,"href":"https:\/\/www.freiburg-schwarzwald.de\/blog\/wp-json\/wp\/v2\/posts\/54761\/revisions"}],"wp:attachment":[{"href":"https:\/\/www.freiburg-schwarzwald.de\/blog\/wp-json\/wp\/v2\/media?parent=54761"}],"wp:term":[{"taxonomy":"category","embeddable":true,"href":"https:\/\/www.freiburg-schwarzwald.de\/blog\/wp-json\/wp\/v2\/categories?post=54761"},{"taxonomy":"post_tag","embeddable":true,"href":"https:\/\/www.freiburg-schwarzwald.de\/blog\/wp-json\/wp\/v2\/tags?post=54761"}],"curies":[{"name":"wp","href":"https:\/\/api.w.org\/{rel}","templated":true}]}}