{"id":54678,"date":"2015-05-24T20:06:02","date_gmt":"2015-05-24T18:06:02","guid":{"rendered":"https:\/\/www.freiburg-schwarzwald.de\/blog\/?p=54678"},"modified":"2015-05-24T20:12:01","modified_gmt":"2015-05-24T18:12:01","slug":"pfingsten-keine-ahnung","status":"publish","type":"post","link":"https:\/\/www.freiburg-schwarzwald.de\/blog\/pfingsten-keine-ahnung\/","title":{"rendered":"Pfingsten &#8211; keine Ahnung"},"content":{"rendered":"<p><a title=\"Christen\" href=\"https:\/\/www.freiburg-schwarzwald.de\/blog\/religion\/christen\/\">Pfingsten<\/a> &#8211; keine Ahnung. Die meisten Menschen unter 40 wissen \u00fcberhaupt nicht, warum sie <a title=\"Religion\" href=\"https:\/\/www.freiburg-schwarzwald.de\/blog\/religion\/\">Pfingst<\/a>-, Oster- bzw. Weihnachtsferien haben. Das <a title=\"Katholisch\" href=\"https:\/\/www.freiburg-schwarzwald.de\/blog\/religion\/katholisch\/\">Pfingstwunder<\/a> kennt niemand: Die J\u00fcnger von Jesus konnten pl\u00f6tzlich alle Sprachen verstehen und in allen Sprachen sprechen, um die Menschen weltweit vom Frieden zu \u00fcberzeugen. Mu\u00df man als <a title=\"Demokratie\" href=\"https:\/\/www.freiburg-schwarzwald.de\/blog\/engagement\/zukunft\/demokratie\/\">Deutscher<\/a> bzw. <a title=\"EU\" href=\"https:\/\/www.freiburg-schwarzwald.de\/blog\/global\/eu\/\">EU-B\u00fcrger<\/a> \u00fcberhaupt wissen, wer <a title=\"Kirche-Staat\" href=\"https:\/\/www.freiburg-schwarzwald.de\/blog\/religion\/kirche-staat\/\">Jesus<\/a> war? <!--more--><br \/>\nReicht es nicht, wenn man Verfassung und Grundgesetz kennt und achtet? Sollte man nicht besser von Juni-, Fr\u00fchlings- bzw. Winterferien sprechen? Schlie\u00dflich ist Deutschland ein s\u00e4kularer Staat, der Religionsfreiheit garantiert und alle Religionen gleich behandelt &#8211; und mit dem christlichen Pfingsten, Ostern und Weihnachten k\u00f6nnten sich nichtchristliche Glaubensgemeinschaften ja diskriminiert f\u00fchlen.<\/p>\n<p>\u201eDer freiheitliche, s\u00e4kularisierte Staat lebt von Voraussetzungen, die er selbst nicht garantieren kann. Das ist das gro\u00dfe Wagnis, das er, um der Freiheit willen, eingegangen ist. Als freiheitlicher Staat kann er einerseits nur bestehen, wenn sich die Freiheit, die er seinen B\u00fcrgern gew\u00e4hrt, von innen her, aus der moralischen Substanz des einzelnen und der Homogenit\u00e4t der Gesellschaft, reguliert. Anderseits kann er diese inneren Regulierungskr\u00e4fte nicht von sich aus, das hei\u00dft mit den Mitteln des Rechtszwanges und autoritativen Gebots zu garantieren suchen, ohne seine Freiheitlichkeit aufzugeben.&#8220; (Ernst-Wolfgang B\u00f6ckenf\u00f6rde, Staat, Gesellschaft, Freiheit. 1976, S. 60). Dieses sog. B\u00f6ckenf\u00f6rde-Paradoxon sagt, dass der Staat bei dem Versuch, die Demokratie mit \u201eden Mitteln des Rechtszwanges und autoritativen Gebots\u201c zu verteidigen, selbst zur Diktatur wird, weil er sich damit \u00fcber das \u201eVolk als Souver\u00e4n\u201c stellen w\u00fcrde. Deshalb ist der demokratische Staat auf die demokratische Gesinnung seiner B\u00fcrger angewiesen, die er aber nicht erzwingen kann.<br \/>\nOhne ein ausreichendes Grundma\u00df an &#8222;Homogenit\u00e4t der Gesellschaft&#8220; ist keine Nation als Schicksalsgemeinschaft m\u00f6glich.<br \/>\nZur &#8222;moralischen Substanz&#8220; mu\u00df in einem Pflicht-Schulunterrichtsfach Staatsb\u00fcrgerkunde Wissen vermittelt werden mit den beiden Komponenten Ethik\/Werte (Menschenrechte, Frauenrechte, Kinderrechte sowie Verfassung mit Grundgesetz) sowie Religionskunde (Information \u00fcber alle Weltreligionen wie Christentum, Judentum, Islam, Buddhismus, Konfuzionismus, Hinduismus, &#8230;). Zu den kulturellen Quellen Europas z\u00e4hlen die griechische Philosophie, das r\u00f6mische Recht und die Aufkl\u00e4rung ab dem 18. Jahrhundert ebenso wie Jesus von Nazareth. Gebildete Asiaten\u00a0fragen: Warum verschweigt ihr Jesus als kulturell pr\u00e4gendste Pers\u00f6nlichkeit der Geschichte Europas &#8211; pr\u00e4gender als Sokrates, Platon , Cicero, Luther, Voltaire, Marx und Freud? Wie kann man Goethe und Thomas Mann, Bach und Mozart bzw. D\u00fcrer und Michelangelo verstehen ohne Grundwissen zu Christentum und Jesus? Was w\u00fcrde sich in Thailand oder Japan \u00e4ndern, wenn die Mehrheit der B\u00fcrger nicht mehr w\u00fcsste, wer Buddha war? Mit der Trennung von Kirche und Staat darf der Staat nicht Glauben verk\u00fcnden, aber er mu\u00df Wissen um die Quellen der europ\u00e4ischen Kultur lebendig halten &#8211; dazu geh\u00f6rt auch Wissen um Jesus und das christliche Pfingstfest.<\/p>\n","protected":false},"excerpt":{"rendered":"<p>Pfingsten &#8211; keine Ahnung. Die meisten Menschen unter 40 wissen \u00fcberhaupt nicht, warum sie Pfingst-, Oster- bzw. Weihnachtsferien haben. Das Pfingstwunder kennt niemand: Die J\u00fcnger von Jesus konnten pl\u00f6tzlich alle Sprachen verstehen und in allen Sprachen sprechen, um die Menschen &hellip; <a href=\"https:\/\/www.freiburg-schwarzwald.de\/blog\/pfingsten-keine-ahnung\/\">Weiterlesen <span class=\"meta-nav\">&rarr;<\/span><\/a><\/p>\n","protected":false},"author":2,"featured_media":0,"comment_status":"open","ping_status":"closed","sticky":false,"template":"","format":"standard","meta":{"footnotes":""},"categories":[18,13,19],"tags":[633,503,585,631,504],"class_list":["post-54678","post","type-post","status-publish","format-standard","hentry","category-bildung","category-kultur","category-religion","tag-demokratie","tag-church","tag-schule","tag-staat","tag-weiterbildung"],"_links":{"self":[{"href":"https:\/\/www.freiburg-schwarzwald.de\/blog\/wp-json\/wp\/v2\/posts\/54678","targetHints":{"allow":["GET"]}}],"collection":[{"href":"https:\/\/www.freiburg-schwarzwald.de\/blog\/wp-json\/wp\/v2\/posts"}],"about":[{"href":"https:\/\/www.freiburg-schwarzwald.de\/blog\/wp-json\/wp\/v2\/types\/post"}],"author":[{"embeddable":true,"href":"https:\/\/www.freiburg-schwarzwald.de\/blog\/wp-json\/wp\/v2\/users\/2"}],"replies":[{"embeddable":true,"href":"https:\/\/www.freiburg-schwarzwald.de\/blog\/wp-json\/wp\/v2\/comments?post=54678"}],"version-history":[{"count":0,"href":"https:\/\/www.freiburg-schwarzwald.de\/blog\/wp-json\/wp\/v2\/posts\/54678\/revisions"}],"wp:attachment":[{"href":"https:\/\/www.freiburg-schwarzwald.de\/blog\/wp-json\/wp\/v2\/media?parent=54678"}],"wp:term":[{"taxonomy":"category","embeddable":true,"href":"https:\/\/www.freiburg-schwarzwald.de\/blog\/wp-json\/wp\/v2\/categories?post=54678"},{"taxonomy":"post_tag","embeddable":true,"href":"https:\/\/www.freiburg-schwarzwald.de\/blog\/wp-json\/wp\/v2\/tags?post=54678"}],"curies":[{"name":"wp","href":"https:\/\/api.w.org\/{rel}","templated":true}]}}