{"id":54645,"date":"2015-05-23T10:05:40","date_gmt":"2015-05-23T08:05:40","guid":{"rendered":"https:\/\/www.freiburg-schwarzwald.de\/blog\/?p=54645"},"modified":"2015-07-28T10:44:48","modified_gmt":"2015-07-28T08:44:48","slug":"11-kultursommer-ebnet-2015","status":"publish","type":"post","link":"https:\/\/www.freiburg-schwarzwald.de\/blog\/11-kultursommer-ebnet-2015\/","title":{"rendered":"11. Kultursommer Ebnet 2015"},"content":{"rendered":"<p><a title=\"Ebneter-Kultursommer\" href=\"https:\/\/www.freiburg-schwarzwald.de\/blog\/kultur\/ebneter-kultursommer\/\">Ebneter KulturSommer<\/a>\u00a0zum elften Mal im\u00a0<a title=\"Ebnet\" href=\"https:\/\/www.freiburg-schwarzwald.de\/blog\/regio\/freiburg\/ebnet\/\">Ebneter<\/a> Barockschloss und im Schlosspark (26.6. &#8211; 22.8.2015). Schwerpunkte 2015 der beliebten <a title=\"Kultur\" href=\"https:\/\/www.freiburg-schwarzwald.de\/blog\/kultur\/\">Kulturveranstaltung<\/a> liegen in der Auff\u00fchrung von Carl Orffs \u201aCarmina Burana\u2018 (04. Juli), den aus der Verbindung mit dem j\u00fcdischen Gemeindezentrum resultierenden Veranstaltungen und einem speziellen Kinderprogramm (02. \u2013 09. August 2015).<!--more--><\/p>\n<p>Einer der H\u00f6hepunkte des diesj\u00e4hrigen Programms wird die Auff\u00fchrung von Orffs \u201aCarmina Burana\u2018, die am 04. Juli ab 20.00 Uhr im Schlosspark mit 200 Mitwirkenden eindrucksvoll zu erleben sein wird. Unter Leitung von Rainer Pachner treten mehrere Solisten neben der Kaiserstuhl Percussion, dem Oberstufenchor und der Klasse 5a der Waldorfschule Freiburg St. Georgen, dem Gemischten Chor Ebnet, dem Chor der Freunde des Berthold-Gymnasiums Freiburg sowie den Ch\u00f6ren der Feyel- und der Reinhold-Schneider-Grundschule auf.<\/p>\n<p>Ein weiterer und besonderer Schwerpunkt bilden die Veranstaltungen, die zusammen mit der J\u00fcdischen Gemeinde konzipiert wurden. Besonders freut man sich bei den Organisatoren, dass es gelungen ist, den bekannten russisch-israelischen Pianisten Roman Zaslavsky (30.Juli) f\u00fcr ein Konzert im stimmungsvollen Gartensaal gewinnen zu k\u00f6nnen, ebenso wie Tuvia Navon, den Preistr\u00e4ger des Klavierwettbewerbs Jugend musiziert von 2014. (21.Juli). Der Chor Alef der j\u00fcdischen Kultusgemeinde Karlsruhe unter Leitung von Leonid Alpert konzertiert am 02.August. Thematisch damit verbunden gelangt William Shakespeares \u201aKaufmann von Vendig\u2018 am 26. Juni durch ADG Europe \/ TNT Britain, unter der Regie von Paul Stebbings, zur Auff\u00fchrung. Klemzer und j\u00fcdische Lieder pr\u00e4sentiert das Trio Chotsch am 05.Juli.<\/p>\n<p>Das Kinderprogramm, das mit dem Freiburger Ferienpass besucht werden kann, bietet zum Auftakt einen m\u00e4rchenhaften Storchentag. Dort werden Schlossherr Nikolaus von Gayling und Storchenvater Hagen Sp\u00e4th, Einblick in das Leben der St\u00f6rche bieten. Anschlie\u00dfend bauen die Kinder gemeinsam ein Storchennest und h\u00f6ren einem M\u00e4rchen zu, das Daniela Schmidt-Ober erz\u00e4hlt. Vier unterhaltsame und kindgerechte Theaterauff\u00fchrungen runden das Kinderprogramm ab.<br \/>\nDas gesamte Programm umfasst 32 thematisch unterschiedliche Veranstaltungen, die von der klassischen Kammermusik zu aktuellen Liedermachern, vom Musette-Abend zum Klavierkonzert, von britischer und skandinavischer Chormusik hin zur Szenischen Lesung reichen.<br \/>\nZum elften Mal Jahren findet der Ebneter KulturSommer, der von Nikolaus von Gayling und Atai Keller ins Leben gerufen wurde, an f\u00fcnf Spielorten im und um das pr\u00e4chtige Barockschloss Ebnet statt. Neben dieser beeindruckenden Kulisse und einzigartigen Atmosph\u00e4re liegt eine weitere Besonderheit der Veranstaltungsreihe darin, dass sie sich seit Beginn ausschlie\u00dflich \u00fcber besuchergerechte Eintritte, Inserenten im Programmheft und private Sponsoren finanziert. An die 30 Vereinsmitglieder sorgen durch ihr ehrenamtliches Engagement daf\u00fcr, j\u00e4hrlich ein kulturell alle Altersstufen ansprechendes und abwechslungsreiches Programm zu gestalten. Nachdem Nikolaus von Gayling den Verein jahrelang wirkungsvoll leitete, hat in diesem Jahr Konstantin Sell mit einem eingespielten Team die Geschicke des Vereins \u00fcbernommen.<br \/>\nAlle Informationen zu den Veranstaltungen, die Vorverkaufs- und Reservierungsm\u00f6glichkeiten (<a href=\"wlmailhtml:{8AB89D81-6193-414C-9ADB-043A6C338F7A}mid:\/\/00000030\/!x-usc:https:\/\/www.reservix.de\/\">www.reservix.de<\/a> \/ Postservice-Filiale Ebnet Tel 0761 611 67 29 \/ Badische Zeitung, Bertoldstr. 7, Tel 0761 496 88 88) finden sich unter <a href=\"wlmailhtml:{8AB89D81-6193-414C-9ADB-043A6C338F7A}mid:\/\/00000030\/!x-usc:https:\/\/www.ebneter-kultursommer.org\/\">www.ebneter-kultursommer.org<\/a>). Das kultige und dieses Jahr in Gelb gehaltene Programmheft mit dem Schwarzwaldm\u00e4del liegt auch in zahlreichen Gesch\u00e4ften aus.<br \/>\n23.5.2015, Beate Kierey, <a class=\"moz-txt-link-abbreviated\" href=\"wlmailhtml:{8AB89D81-6193-414C-9ADB-043A6C338F7A}mid:\/\/00000030\/!x-usc:https:\/\/www.pressebuero-mwk.de\/\">www.pressebuero-mwk.de<\/a><\/p>\n","protected":false},"excerpt":{"rendered":"<p>Ebneter KulturSommer\u00a0zum elften Mal im\u00a0Ebneter Barockschloss und im Schlosspark (26.6. &#8211; 22.8.2015). Schwerpunkte 2015 der beliebten Kulturveranstaltung liegen in der Auff\u00fchrung von Carl Orffs \u201aCarmina Burana\u2018 (04. Juli), den aus der Verbindung mit dem j\u00fcdischen Gemeindezentrum resultierenden Veranstaltungen und einem &hellip; <a href=\"https:\/\/www.freiburg-schwarzwald.de\/blog\/11-kultursommer-ebnet-2015\/\">Weiterlesen <span class=\"meta-nav\">&rarr;<\/span><\/a><\/p>\n","protected":false},"author":2,"featured_media":0,"comment_status":"open","ping_status":"closed","sticky":false,"template":"","format":"standard","meta":{"footnotes":""},"categories":[13],"tags":[572,301,518],"class_list":["post-54645","post","type-post","status-publish","format-standard","hentry","category-kultur","tag-dichter-2","tag-culture","tag-music"],"_links":{"self":[{"href":"https:\/\/www.freiburg-schwarzwald.de\/blog\/wp-json\/wp\/v2\/posts\/54645","targetHints":{"allow":["GET"]}}],"collection":[{"href":"https:\/\/www.freiburg-schwarzwald.de\/blog\/wp-json\/wp\/v2\/posts"}],"about":[{"href":"https:\/\/www.freiburg-schwarzwald.de\/blog\/wp-json\/wp\/v2\/types\/post"}],"author":[{"embeddable":true,"href":"https:\/\/www.freiburg-schwarzwald.de\/blog\/wp-json\/wp\/v2\/users\/2"}],"replies":[{"embeddable":true,"href":"https:\/\/www.freiburg-schwarzwald.de\/blog\/wp-json\/wp\/v2\/comments?post=54645"}],"version-history":[{"count":0,"href":"https:\/\/www.freiburg-schwarzwald.de\/blog\/wp-json\/wp\/v2\/posts\/54645\/revisions"}],"wp:attachment":[{"href":"https:\/\/www.freiburg-schwarzwald.de\/blog\/wp-json\/wp\/v2\/media?parent=54645"}],"wp:term":[{"taxonomy":"category","embeddable":true,"href":"https:\/\/www.freiburg-schwarzwald.de\/blog\/wp-json\/wp\/v2\/categories?post=54645"},{"taxonomy":"post_tag","embeddable":true,"href":"https:\/\/www.freiburg-schwarzwald.de\/blog\/wp-json\/wp\/v2\/tags?post=54645"}],"curies":[{"name":"wp","href":"https:\/\/api.w.org\/{rel}","templated":true}]}}