{"id":54640,"date":"2015-05-22T21:05:09","date_gmt":"2015-05-22T19:05:09","guid":{"rendered":"https:\/\/www.freiburg-schwarzwald.de\/blog\/?p=54640"},"modified":"2015-05-22T21:20:53","modified_gmt":"2015-05-22T19:20:53","slug":"mindestlohn-contra-erdbeeren","status":"publish","type":"post","link":"https:\/\/www.freiburg-schwarzwald.de\/blog\/mindestlohn-contra-erdbeeren\/","title":{"rendered":"Mindestlohn contra Erdbeeren"},"content":{"rendered":"<p>Im <a title=\"Elsass\" href=\"https:\/\/www.freiburg-schwarzwald.de\/blog\/regio\/elsass\/\">Elsass<\/a> gibt es seit Einf\u00fchrung des <a title=\"Mindestlohn Spargel Erdbeeren\" href=\"https:\/\/www.freiburg-schwarzwald.de\/blog\/mindestlohn-spargel-erdbeeren\/\">Mindestlohns<\/a> von 9,60 Euro kaum noch <a title=\"Obstbau\" href=\"https:\/\/www.freiburg-schwarzwald.de\/blog\/natur\/landwirt\/obstbau\/\">Obst<\/a>&#8211; und <a title=\"Gemuesebau\" href=\"https:\/\/www.freiburg-schwarzwald.de\/blog\/natur\/landwirt\/gemuesebau\/\">Gem\u00fcseerzeuger<\/a>, stattdessen \u00fcberall <a title=\"Mais\" href=\"https:\/\/www.freiburg-schwarzwald.de\/blog\/natur\/ernaehrung\/getreide\/mais\/\">Mais-Monokulturen<\/a> zur Energieerzeugung. So kommt es auch in S\u00fcdbaden: Die B\u00fcrokratie erdrosselt die Bauern, jede Arbeitsstunde und -pause von jedem Mitarbeiter (fest wie <a title=\"Erntehelfer\" href=\"https:\/\/www.freiburg-schwarzwald.de\/blog\/natur\/landwirt\/erntehelfer\/\">saisonal<\/a>) mu\u00df erfasst werden als Nachweis, dass der <a title=\"Lohn\" href=\"https:\/\/www.freiburg-schwarzwald.de\/blog\/selbsthilfe\/soziales\/arbeit\/lohn\/\">Mindestlohn<\/a> von 8,50 Euro auch bezahlt wurde. <!--more-->Zudem l\u00e4\u00dft das Arbeitszeitgesetz nur nur max 8 Std\/Tag an sechs tagen zu, unabh\u00e4ngig davon, dass die Spargel auch am Wochenende und &#8211; wenn&#8217;s schw\u00fcl und warm ist &#8211; nonstop wachsen. Auch Erntehelfer\/Saisonarbeiter klagen: Fr\u00fcher fuhren sie nach zweimonatiger Arbeit rund um die Uhr mit stattlich gef\u00fclltem Lohnbeutel nach Rum\u00e4nien, Polen, &#8230; heim, heute erhalten sie rotz h\u00f6herem Mindestlohn weniger Geld. Kleine Gem\u00fcsebauern mit \u00fcber 50% Lohnkostenanteil z.B. beim Spargel zwingt die Lohnsteigerung zur Betriebsaufgabe. Auch die gro\u00dfen Landwirtschaften wie er Bohrerhof in Hartheim (90 ha Ackerfl\u00e4che, ca 200 Erntehelfer, 450 t Spargel pro Saison) tun sich schwer.<\/p>\n<p>Demn\u00e4chst kommt der Spargel nur noch aus Ungarn \u00a0und Erdbeeren nur noch von einigen Selbstpfl\u00fcckerfeldern , denn im Breisgau dominiert der Mais &#8211; maschinell leicht zu bearbeiten und von der EU subventioniert. Eine Utopie? Nein, eine Folge von Lohn- und Arbeitspolitik.<br \/>\n22.5.2015<br \/>\n.<\/p>\n<p><strong>Ernteroboter?<\/strong><br \/>\nSo gut wie alle arbeitsintensiven Industrien sind in den letzten Jahrzehnten abgewandert oder automatisiert worden. Die Landwirtschaft konnte sich mit guenstigen Helfern aus Billiglohnlaendern gegen diesen Trend stemmen. Eigentlich keine so schlechte Loesung, denn f\u00fcr Rum\u00e4nen ist der bisherige Lohn viel wert und Deutsche haben auf Feldarbeit eh keine Lust.<br \/>\nJetzt hat die Politik dem einen Riegel vorgeschoben und die deutschen Bauern sollten nicht anfangen, sich selbst auszubeuten und fuer einen Hungerlohn 7 Tage die Woche zu schuften &#8211; das hat keine Zukunft.<br \/>\nStellt um auf Maismonokulturen und wenn in (vielleicht) 10 Jahren Ernteroboter auch mit Spargeln und Erdbeeren umgehen koennen kann man ja wieder damit anfangen.<br \/>\n22.5.2015, Christian Wetzel<\/p>\n","protected":false},"excerpt":{"rendered":"<p>Im Elsass gibt es seit Einf\u00fchrung des Mindestlohns von 9,60 Euro kaum noch Obst&#8211; und Gem\u00fcseerzeuger, stattdessen \u00fcberall Mais-Monokulturen zur Energieerzeugung. So kommt es auch in S\u00fcdbaden: Die B\u00fcrokratie erdrosselt die Bauern, jede Arbeitsstunde und -pause von jedem Mitarbeiter (fest &hellip; <a href=\"https:\/\/www.freiburg-schwarzwald.de\/blog\/mindestlohn-contra-erdbeeren\/\">Weiterlesen <span class=\"meta-nav\">&rarr;<\/span><\/a><\/p>\n","protected":false},"author":2,"featured_media":0,"comment_status":"open","ping_status":"closed","sticky":false,"template":"","format":"standard","meta":{"footnotes":""},"categories":[79,201,179,245],"tags":[277,286,489,362,735,597],"class_list":["post-54640","post","type-post","status-publish","format-standard","hentry","category-arbeit","category-landwirt","category-markgraeflerland","category-obst","tag-bauer","tag-bioland","tag-european-union","tag-gemuese","tag-obst","tag-subvention"],"_links":{"self":[{"href":"https:\/\/www.freiburg-schwarzwald.de\/blog\/wp-json\/wp\/v2\/posts\/54640","targetHints":{"allow":["GET"]}}],"collection":[{"href":"https:\/\/www.freiburg-schwarzwald.de\/blog\/wp-json\/wp\/v2\/posts"}],"about":[{"href":"https:\/\/www.freiburg-schwarzwald.de\/blog\/wp-json\/wp\/v2\/types\/post"}],"author":[{"embeddable":true,"href":"https:\/\/www.freiburg-schwarzwald.de\/blog\/wp-json\/wp\/v2\/users\/2"}],"replies":[{"embeddable":true,"href":"https:\/\/www.freiburg-schwarzwald.de\/blog\/wp-json\/wp\/v2\/comments?post=54640"}],"version-history":[{"count":0,"href":"https:\/\/www.freiburg-schwarzwald.de\/blog\/wp-json\/wp\/v2\/posts\/54640\/revisions"}],"wp:attachment":[{"href":"https:\/\/www.freiburg-schwarzwald.de\/blog\/wp-json\/wp\/v2\/media?parent=54640"}],"wp:term":[{"taxonomy":"category","embeddable":true,"href":"https:\/\/www.freiburg-schwarzwald.de\/blog\/wp-json\/wp\/v2\/categories?post=54640"},{"taxonomy":"post_tag","embeddable":true,"href":"https:\/\/www.freiburg-schwarzwald.de\/blog\/wp-json\/wp\/v2\/tags?post=54640"}],"curies":[{"name":"wp","href":"https:\/\/api.w.org\/{rel}","templated":true}]}}