{"id":54588,"date":"2015-05-20T11:35:04","date_gmt":"2015-05-20T09:35:04","guid":{"rendered":"https:\/\/www.freiburg-schwarzwald.de\/blog\/?p=54588"},"modified":"2015-05-20T12:20:26","modified_gmt":"2015-05-20T10:20:26","slug":"realschule-neue-restschule","status":"publish","type":"post","link":"https:\/\/www.freiburg-schwarzwald.de\/blog\/realschule-neue-restschule\/","title":{"rendered":"Realschule &#8211; neue Restschule"},"content":{"rendered":"<p>Kultusminister Andreas Stoch, der seine vier eigenen <a title=\"Kinder\" href=\"https:\/\/www.freiburg-schwarzwald.de\/blog\/selbsthilfe\/kinder\/\">Kinder<\/a> vor dem <a title=\"Schulen\" href=\"https:\/\/www.freiburg-schwarzwald.de\/blog\/bildung\/schulen\/\">\u00f6ffentlichen Schulwesen<\/a> verschont und in die \u00a0<a title=\"Privatschulen\" href=\"https:\/\/www.freiburg-schwarzwald.de\/blog\/bildung\/schulen\/privatschulen\/\">Waldorfschule<\/a> schickt, wendet sich nun der Demontage der <a title=\"Gymnasium\" href=\"https:\/\/www.freiburg-schwarzwald.de\/blog\/bildung\/schulen\/gymnasium\/\">Realschule<\/a> zu: Diese soll auch die Hauptschulpr\u00fcfung abnehmen, Sch\u00fcler gemeinsam unterrichten, ab Klasse 7 zwar niveau-geteilt, aber nur in einigen Hauptf\u00e4chern getrennt. Dadurch f\u00fcrchtet die Realschule,\u00a0ab 2016\u00a0zur neuen <a title=\"Bildung\" href=\"https:\/\/www.freiburg-schwarzwald.de\/blog\/bildung\/\">Restschule<\/a> zu werden &#8211; <!--more-->zwischen dem boomenden, aber zunehmend \u00fcberforderten Gymnasium oben und den in Abwicklung befindlichen Haupt-, Sonder-, F\u00f6rder- und Werkrealschulen unten.<br \/>\nUnser Schulwesen war \u00fcber 60 Jahre lang vielgliedrig und fast filigran unterteilt, aber durchl\u00e4ssig: Jeder Sch\u00fcler konnte auch \u00fcber die Haupt-, Sonder-, F\u00f6rder- bzw. \u00a0Berufsschule zu Abitur und Studium gelangen, sofern er sich anstrengte. Dann wurde zusammengelegt, gestrichen, zentralisiert, standardisiert und nivelliert. Die Leitidee (man k\u00f6nnte auch sagen Binsenwahrheit) &#8222;Eine Schule mit \u00fcber 400 Sch\u00fclern ist \u00a0nicht zu bew\u00e4ltigen, weder von Sch\u00fclern, noch von Lehrern&#8220; gilt als antiquiert. Die Trends von Landwirtschaft und Bildungswesen scheinen parallel zu laufen &#8211; was den einen die Massentierhaltung und Legebatterien, sind den anderen die Schulfabriken. Hauptsache Gr\u00f6\u00dfe, Kostendegression, Synergieeffekte, Numerierungsf\u00e4higkeit, Gleichmacherei.<br \/>\n.<br \/>\n<strong>Angst um die Zukunft der Realschule<br \/>\n<\/strong>Stehles Zweifel: &#8222;Wenn ich alles in einen Karton packe und zweimal sch\u00fcttel, ob tats\u00e4chlich noch das gleiche Niveau zu halten ist.&#8220; Freiburgs Realschulen sollen auch mehr behinderte Kinder und Sch\u00fcler ohne Deutschkenntnisse aufnehmen, dazu kommen mehr Gymnasium-Abbrecher und Werkrealsch\u00fcler. &#8222;Das soll mit mehr oder weniger gleichbleibendem Personal gewuppt werden&#8220;, so Stehle. &#8230;..<br \/>\nKomplettes Interview mit Freiburgs gesch\u00e4ftsf\u00fchrender Realschulleiter Peter Stehle bitte lesen auf<br \/>\n<a href=\"https:\/\/www.badische-zeitung.de\/freiburg\/angst-um-die-zukunft-der-realschule--105070227.html\">https:\/\/www.badische-zeitung.de\/freiburg\/angst-um-die-zukunft-der-realschule&#8211;105070227.html<\/a><\/p>\n","protected":false},"excerpt":{"rendered":"<p>Kultusminister Andreas Stoch, der seine vier eigenen Kinder vor dem \u00f6ffentlichen Schulwesen verschont und in die \u00a0Waldorfschule schickt, wendet sich nun der Demontage der Realschule zu: Diese soll auch die Hauptschulpr\u00fcfung abnehmen, Sch\u00fcler gemeinsam unterrichten, ab Klasse 7 zwar niveau-geteilt, &hellip; <a href=\"https:\/\/www.freiburg-schwarzwald.de\/blog\/realschule-neue-restschule\/\">Weiterlesen <span class=\"meta-nav\">&rarr;<\/span><\/a><\/p>\n","protected":false},"author":2,"featured_media":0,"comment_status":"open","ping_status":"closed","sticky":false,"template":"","format":"standard","meta":{"footnotes":""},"categories":[18,60,61,95],"tags":[721,585,504],"class_list":["post-54588","post","type-post","status-publish","format-standard","hentry","category-bildung","category-jugend","category-kinder","category-schulen","tag-kindergarten","tag-schule","tag-weiterbildung"],"_links":{"self":[{"href":"https:\/\/www.freiburg-schwarzwald.de\/blog\/wp-json\/wp\/v2\/posts\/54588","targetHints":{"allow":["GET"]}}],"collection":[{"href":"https:\/\/www.freiburg-schwarzwald.de\/blog\/wp-json\/wp\/v2\/posts"}],"about":[{"href":"https:\/\/www.freiburg-schwarzwald.de\/blog\/wp-json\/wp\/v2\/types\/post"}],"author":[{"embeddable":true,"href":"https:\/\/www.freiburg-schwarzwald.de\/blog\/wp-json\/wp\/v2\/users\/2"}],"replies":[{"embeddable":true,"href":"https:\/\/www.freiburg-schwarzwald.de\/blog\/wp-json\/wp\/v2\/comments?post=54588"}],"version-history":[{"count":0,"href":"https:\/\/www.freiburg-schwarzwald.de\/blog\/wp-json\/wp\/v2\/posts\/54588\/revisions"}],"wp:attachment":[{"href":"https:\/\/www.freiburg-schwarzwald.de\/blog\/wp-json\/wp\/v2\/media?parent=54588"}],"wp:term":[{"taxonomy":"category","embeddable":true,"href":"https:\/\/www.freiburg-schwarzwald.de\/blog\/wp-json\/wp\/v2\/categories?post=54588"},{"taxonomy":"post_tag","embeddable":true,"href":"https:\/\/www.freiburg-schwarzwald.de\/blog\/wp-json\/wp\/v2\/tags?post=54588"}],"curies":[{"name":"wp","href":"https:\/\/api.w.org\/{rel}","templated":true}]}}