{"id":54426,"date":"2015-05-05T16:30:55","date_gmt":"2015-05-05T14:30:55","guid":{"rendered":"https:\/\/www.freiburg-schwarzwald.de\/blog\/?p=54426"},"modified":"2015-05-05T17:04:45","modified_gmt":"2015-05-05T15:04:45","slug":"verkehrskollaps-fr-baustellen","status":"publish","type":"post","link":"https:\/\/www.freiburg-schwarzwald.de\/blog\/verkehrskollaps-fr-baustellen\/","title":{"rendered":"Verkehrskollaps FR Baustellen"},"content":{"rendered":"<p>In der <a title=\"Oeffentlicher-Raum\" href=\"https:\/\/www.freiburg-schwarzwald.de\/blog\/kultur\/oeffentlicher-raum\/\">Innenstadt<\/a> von Freiburg wird all\u00fcberall <a title=\"Bebauung\" href=\"https:\/\/www.freiburg-schwarzwald.de\/blog\/business\/dienste\/immobilien\/bebauung\/\">gebaut<\/a>: Kronenbr\u00fccke Abri\u00df und Neubau, <a title=\"Dreisamuferweg\" href=\"https:\/\/www.freiburg-schwarzwald.de\/blog\/regio\/verkehr\/fahrradwege\/dreisamuferweg\/\">Dreisamuferweg<\/a> Sperrung am Schwabentor wegen Mariensteg, Uni-Bibliothek, Rotteckring, &#8230; Gut so. Gleichzeitig jedoch weigert sich die Beh\u00f6rde, Umgehungsm\u00f6glichkeiten zuzulassen. Beispiel: Zur Umfahrung der Baustelle an der Kronenbr\u00fccke k\u00f6nnte man die Basler Strasse zwischen Kronenstrasse und Johanneskirche f\u00fcr Pkw&#8217;s \u00f6ffnen.\u00a0Aber nein: W\u00e4hrend sich in dieser<!--more--><\/p>\n<p>altehrw\u00fcrdigen Anliegerstrasse die Autos mit 20 km\/h und vielfachem Ampel-Rot zwecks Strassenbahn- und Radler-Vorrang durchqu\u00e4len, bricht ringsum der Verkehr total zusammen. \u00dcber Monate hinweg. Mit Absicht. Vorfahrt hat auf Freiburg&#8217;s Strassen nur die Ideologie (Auto schlecht, Lkw noch mieser,\u00a0aber Velo nachhaltig gut, Ritschka besser). Leider sind\u00a0Ideologen\u00a0nun mal nicht lernf\u00e4hig und verbohrt &#8211; auch wenn sie im Freiburger Rathaus sitzen.<br \/>\n.<br \/>\n<strong>Polizei sucht Rezept gegen Verkehrskollaps in Freiburg<\/strong><br \/>\nIn Freiburg wird gebaut und gebaut \u2013 am Megasamstag brach deshalb der Autoverkehr in der s\u00fcdlichen Altstadt praktisch zusammen. Nun will die Polizei Abhilfe schaffen. &#8230;.<br \/>\nAlles vom 5.5.2015 bitte lesen auf<br \/>\n<a href=\"https:\/\/www.badische-zeitung.de\/polizei-sucht-rezept-gegen-verkehrskollaps-in-freiburg\">https:\/\/www.badische-zeitung.de\/polizei-sucht-rezept-gegen-verkehrskollaps-in-Freiburg<\/a><\/p>\n<p><strong>Verkehrsstau als Erziehungsma\u00dfnahme<\/strong><br \/>\nZiel ist halt leider nicht den Verkehrsfluss zu verbessern sondern den &#8222;b\u00f6sen&#8220; Autofahreren klar zu machen da\u00df es mit dem Rad schneller gehen w\u00fcrde. Daher werden auch alle Baumassnahmen so gemacht, da\u00df Stra\u00dfen wo der Verkehr bislang floss zum Stau werden. (bestes Beispiel Breisacher Strasse: fr\u00fcher konnte man da gut fahren, jetzt steht man an jeder der 5(?) Ampeln nacheinander).<br \/>\n5.5.2015, Peter Haas<\/p>\n<p><strong>Fahrradstrassen d\u00fcrfen nicht zur Stauumgehung befahren werden<\/strong><br \/>\nDieser Tipp ist neuerdings leider nicht nur falsch, sondern auch noch rechtswidrig. Die gesamte Wallstra\u00dfe, Holzmarkt und auch die Kart\u00e4userstra\u00dfe sind wegen der Radwegumleitung seit dem 27.4.2015 eine Fahrradstra\u00dfe mit Zusatzschild &#8222;Anlieger frei&#8220; (). Wer die Stra\u00dfe mit dem Kfz nur befahren will, um einen Stau zu umgehen oder um schneller als \u00fcber die freigegebenen Stra\u00dfen zum Parkhaus zu gelangen, riskiert also ein Verwarnungsgeld, weil er kein Anlieger ist. Kaum ein Wunder, dass die Polizei da sp\u00e4testens jetzt nichts mehr regeln kann.<br \/>\n5.5.2015, Michael Keller<\/p>\n","protected":false},"excerpt":{"rendered":"<p>In der Innenstadt von Freiburg wird all\u00fcberall gebaut: Kronenbr\u00fccke Abri\u00df und Neubau, Dreisamuferweg Sperrung am Schwabentor wegen Mariensteg, Uni-Bibliothek, Rotteckring, &#8230; Gut so. Gleichzeitig jedoch weigert sich die Beh\u00f6rde, Umgehungsm\u00f6glichkeiten zuzulassen. Beispiel: Zur Umfahrung der Baustelle an der Kronenbr\u00fccke k\u00f6nnte &hellip; <a href=\"https:\/\/www.freiburg-schwarzwald.de\/blog\/verkehrskollaps-fr-baustellen\/\">Weiterlesen <span class=\"meta-nav\">&rarr;<\/span><\/a><\/p>\n","protected":false},"author":2,"featured_media":0,"comment_status":"open","ping_status":"closed","sticky":false,"template":"","format":"standard","meta":{"footnotes":""},"categories":[75,118],"tags":[451,113,334],"class_list":["post-54426","post","type-post","status-publish","format-standard","hentry","category-biken","category-verkehr","tag-auto","tag-fahrrad","tag-strasse"],"_links":{"self":[{"href":"https:\/\/www.freiburg-schwarzwald.de\/blog\/wp-json\/wp\/v2\/posts\/54426","targetHints":{"allow":["GET"]}}],"collection":[{"href":"https:\/\/www.freiburg-schwarzwald.de\/blog\/wp-json\/wp\/v2\/posts"}],"about":[{"href":"https:\/\/www.freiburg-schwarzwald.de\/blog\/wp-json\/wp\/v2\/types\/post"}],"author":[{"embeddable":true,"href":"https:\/\/www.freiburg-schwarzwald.de\/blog\/wp-json\/wp\/v2\/users\/2"}],"replies":[{"embeddable":true,"href":"https:\/\/www.freiburg-schwarzwald.de\/blog\/wp-json\/wp\/v2\/comments?post=54426"}],"version-history":[{"count":0,"href":"https:\/\/www.freiburg-schwarzwald.de\/blog\/wp-json\/wp\/v2\/posts\/54426\/revisions"}],"wp:attachment":[{"href":"https:\/\/www.freiburg-schwarzwald.de\/blog\/wp-json\/wp\/v2\/media?parent=54426"}],"wp:term":[{"taxonomy":"category","embeddable":true,"href":"https:\/\/www.freiburg-schwarzwald.de\/blog\/wp-json\/wp\/v2\/categories?post=54426"},{"taxonomy":"post_tag","embeddable":true,"href":"https:\/\/www.freiburg-schwarzwald.de\/blog\/wp-json\/wp\/v2\/tags?post=54426"}],"curies":[{"name":"wp","href":"https:\/\/api.w.org\/{rel}","templated":true}]}}