{"id":5437,"date":"2012-06-22T07:22:38","date_gmt":"2012-06-22T07:22:38","guid":{"rendered":"https:\/\/www.freiburg-schwarzwald.de\/blog\/?p=5437"},"modified":"2012-06-22T07:22:38","modified_gmt":"2012-06-22T07:22:38","slug":"foerderverein-himmelreich-jakobusweg-pilgert-von-loeffingen-nach-titisee","status":"publish","type":"post","link":"https:\/\/www.freiburg-schwarzwald.de\/blog\/foerderverein-himmelreich-jakobusweg-pilgert-von-loeffingen-nach-titisee\/","title":{"rendered":"Foerderverein Himmelreich-Jakobusweg pilgert von Loeffingen nach Titisee"},"content":{"rendered":"<p>Am kommenden Samstag, dem 23. Juni 2012 l\u00e4dt der F\u00f6rderverein zu einer gef\u00fchrten <a title=\"Wandern\" href=\"https:\/\/www.freiburg-schwarzwald.de\/blog\/sport\/wandern\/\">Wanderung<\/a> auf dem Himmelreicher Jakobusweg von L\u00f6ffingen bis nach Tititsee-Neustadt ein. Start f\u00fcr die 16 Kilometer lange Strecke ist um 10 Uhr am Bahnhof in L\u00f6ffingen. Vom Bahnhof L\u00f6ffingen geht es zur Stadtkirche St. Michael und dann weiter zur Wallfahrtskapelle Witterschnee. Durch Wald und Flur f\u00fchrt der Weg zur Kohlwaldbr\u00fccke und dem M\u00f6rderkreuz nach Friedenweiler mit der ehemaligen Klosterkirche. Hier gibt\u2019s eine Einkehr im Gasthof Steppacher. Von dort geht es weiter vorbei an der Schillingskapelle, dem Wiedenkreuz und \u00fcber den Dennenberg nach Titisee-Neustadt zum St. Jakobus-M\u00fcnster. <!--more-->Die F\u00fchrung hat Andreas Sch\u00e4fer \u00fcbernommen. Die Teilnahme erfolgt auf eigenes Risiko und es wird bei jedem Wetter gewandert. Zwar wird kein Unkostenbeitrag erhoben, doch \u00fcber eine Spende freut sich der F\u00f6rderverein sehr.<br \/>\nDer vor zwei Jahren gegr\u00fcndete \u201eF\u00f6rderverein f\u00fcr den Himmelreich-Jakobusweg\u201c l\u00e4dt zu seiner auch f\u00fcr alle Freunde und Interessenten offenen Mitgliederversammlung ein. Sie findet am 29. Juni 2012 um 19 Uhr in der Faulerstube des Gasthofs Himmelreich, direkt am gleichnamigen Bahnhof gelegen, statt. Die Tagesordnung sieht die \u00fcblichen Vereinsregularien sowie die Wahl eines neuen Schatzmeisters vor.\u00a0<br \/>\n\u201eF\u00f6rderverein f\u00fcr den Himmelreich-Jakobusweg e.V.\u201c <a href=\"https:\/\/www.himmelreich-jakobusweg.de\/\">www.himmelreich-jakobusweg.de<\/a><br \/>\nGerhard L\u00fcck<\/p>\n","protected":false},"excerpt":{"rendered":"<p>Am kommenden Samstag, dem 23. Juni 2012 l\u00e4dt der F\u00f6rderverein zu einer gef\u00fchrten Wanderung auf dem Himmelreicher Jakobusweg von L\u00f6ffingen bis nach Tititsee-Neustadt ein. Start f\u00fcr die 16 Kilometer lange Strecke ist um 10 Uhr am Bahnhof in L\u00f6ffingen. Vom &hellip; <a href=\"https:\/\/www.freiburg-schwarzwald.de\/blog\/foerderverein-himmelreich-jakobusweg-pilgert-von-loeffingen-nach-titisee\/\">Weiterlesen <span class=\"meta-nav\">&rarr;<\/span><\/a><\/p>\n","protected":false},"author":2,"featured_media":0,"comment_status":"open","ping_status":"closed","sticky":false,"template":"","format":"standard","meta":{"footnotes":""},"categories":[122,126],"tags":[268],"class_list":["post-5437","post","type-post","status-publish","format-standard","hentry","category-wandern","category-wandervereine","tag-jakobsweg"],"_links":{"self":[{"href":"https:\/\/www.freiburg-schwarzwald.de\/blog\/wp-json\/wp\/v2\/posts\/5437","targetHints":{"allow":["GET"]}}],"collection":[{"href":"https:\/\/www.freiburg-schwarzwald.de\/blog\/wp-json\/wp\/v2\/posts"}],"about":[{"href":"https:\/\/www.freiburg-schwarzwald.de\/blog\/wp-json\/wp\/v2\/types\/post"}],"author":[{"embeddable":true,"href":"https:\/\/www.freiburg-schwarzwald.de\/blog\/wp-json\/wp\/v2\/users\/2"}],"replies":[{"embeddable":true,"href":"https:\/\/www.freiburg-schwarzwald.de\/blog\/wp-json\/wp\/v2\/comments?post=5437"}],"version-history":[{"count":0,"href":"https:\/\/www.freiburg-schwarzwald.de\/blog\/wp-json\/wp\/v2\/posts\/5437\/revisions"}],"wp:attachment":[{"href":"https:\/\/www.freiburg-schwarzwald.de\/blog\/wp-json\/wp\/v2\/media?parent=5437"}],"wp:term":[{"taxonomy":"category","embeddable":true,"href":"https:\/\/www.freiburg-schwarzwald.de\/blog\/wp-json\/wp\/v2\/categories?post=5437"},{"taxonomy":"post_tag","embeddable":true,"href":"https:\/\/www.freiburg-schwarzwald.de\/blog\/wp-json\/wp\/v2\/tags?post=5437"}],"curies":[{"name":"wp","href":"https:\/\/api.w.org\/{rel}","templated":true}]}}