{"id":54246,"date":"2015-04-17T10:23:57","date_gmt":"2015-04-17T08:23:57","guid":{"rendered":"https:\/\/www.freiburg-schwarzwald.de\/blog\/?p=54246"},"modified":"2015-04-17T10:24:49","modified_gmt":"2015-04-17T08:24:49","slug":"alt-jung-handicap-demant-nabu","status":"publish","type":"post","link":"https:\/\/www.freiburg-schwarzwald.de\/blog\/alt-jung-handicap-demant-nabu\/","title":{"rendered":"Alt Jung Handicap Demant Nabu"},"content":{"rendered":"<p>Alter und <a title=\"Inklusion\" href=\"https:\/\/www.freiburg-schwarzwald.de\/blog\/bildung\/inklusion\/\">Behinderung<\/a> geh\u00f6ren zum Leben &#8211; Projekt \u201e<a title=\"Jung\" href=\"https:\/\/www.freiburg-schwarzwald.de\/blog\/kultur\/dichter\/jung\/\">Kinderwerkstatt<\/a> inklusive\u201c bringt Generationen <span style=\"font-family: Arial, sans-serif;\"><span style=\"font-size: small;\">im <a title=\"Diakonie\" href=\"https:\/\/www.freiburg-schwarzwald.de\/blog\/religion\/kirchen\/diakonie\/\">\u201eHaus Demant<\/a>\u201c zusammen. <\/span><\/span>\u201eWir m\u00f6chten mit unserem Projekt \u201aKinderwerkstatt inklusive\u2018 den Aufbau von gelingenden Generationenbeziehungen durch gemeinsames Gestalten f\u00f6rdern\u201c, erkl\u00e4rt Christel Kehrer vom \u201eHaus Demant\u201c, der Begegnungsst\u00e4tte f\u00fcr Menschen mit und ohne <a title=\"Behinderung\" href=\"https:\/\/www.freiburg-schwarzwald.de\/blog\/selbsthilfe\/behinderung\/\">Behinderung <\/a>der Diakonie Kirchzarten.<!--more--><\/p>\n<p>\u201eDie Teilnehmenden k\u00f6nnen gemeinsame Lebenswege entdecken und teilen.\u201c Seit 2014 wird dieses Projekt \u00fcber den \u201eFonds f\u00fcr Experimente\u201c von der Landesstelle f\u00fcr Evangelische Erwachsenen- und Familienbildung von der Evangelischen Landeskirche in Baden bezuschusst.<br \/>\nEinmal monatlich treffen sich in der Holzwerkstatt vom Haus Demant sechs Kinder mit und ohne Behinderung und vier Erwachsene mit Behinderung zum gemeinsamen Gestalten. Bei den kleineren Kindern ist meistens zus\u00e4tzlich ein Elternteil dabei. Dann wird viel mit Holz, Farbe und unterschiedlichen Werkzeugen wie Laubs\u00e4ge, Akkuschrauber und Handbohrer gearbeitet. So entstehen Tiere, Fahrzeuge, Spielzeuge und vieles mehr. Die erwachsenen Teilnehmer mit Behinderung sind in der Werkstatt dabei. Nach ihren M\u00f6glichkeiten arbeiten sie gemeinsam mit den Kindern am Thema oder befassen sich mit eigener Handarbeit.<\/p>\n<p>Seit Februar 2015 entwickelt sich eine Kooperation mit dem Nabu-Gruppe Dreisamtal. Als erste Aktion bauten Nabu-Experten gemeinsam mit den Besuchern der Kinderwerkstatt Nistk\u00e4sten. Beim zweiten Zusammensein erkl\u00e4rten Insa Joost und Ortrud Hentrich vom Nabu den Besuchern der \u201eKinderwerkstatt inklusive\u201c die Welt der Bienen. Sie zeigten auf, dass es unterschiedliche Bienenarten gibt, wie sie leben und was sie dazu brauchen. Gerade die Kinder brachten viele eigene Erfahrungen in dieses Gespr\u00e4ch ein. Konkret und handwerklich wurde es dann, als alle zusammen an den Bau von Nisthilfen f\u00fcr Bienen f\u00fcr den eigenen Garten gingen. \u201eDie Kinder lernen durch das Projekt schon fr\u00fch\u201c, ist sich Christel Kehrer sicher, \u201edass Alter wie auch Behinderung zum Leben dazu geh\u00f6ren und Vielfalt etwas Normales ist.\u201c<\/p>\n<p>&nbsp;<\/p>\n<p>Am Bienenhotel beim Haus Demant erkl\u00e4rt Insa Joost vom Nabu Dreisamtal den Kindern und Erwachsenen der \u201eKinderwerkstatt inklusive\u201c den Lebensraum der Bienen.<\/p>\n<p>17.4.2015,\u00a0Gerhard L\u00fcck, Dreisamt\u00e4ler<\/p>\n","protected":false},"excerpt":{"rendered":"<p>Alter und Behinderung geh\u00f6ren zum Leben &#8211; Projekt \u201eKinderwerkstatt inklusive\u201c bringt Generationen im \u201eHaus Demant\u201c zusammen. \u201eWir m\u00f6chten mit unserem Projekt \u201aKinderwerkstatt inklusive\u2018 den Aufbau von gelingenden Generationenbeziehungen durch gemeinsames Gestalten f\u00f6rdern\u201c, erkl\u00e4rt Christel Kehrer vom \u201eHaus Demant\u201c, der Begegnungsst\u00e4tte &hellip; <a href=\"https:\/\/www.freiburg-schwarzwald.de\/blog\/alt-jung-handicap-demant-nabu\/\">Weiterlesen <span class=\"meta-nav\">&rarr;<\/span><\/a><\/p>\n","protected":false},"author":2,"featured_media":0,"comment_status":"open","ping_status":"closed","sticky":false,"template":"","format":"standard","meta":{"footnotes":""},"categories":[56,183,93],"tags":[531,721,276],"class_list":["post-54246","post","type-post","status-publish","format-standard","hentry","category-behinderung","category-demenz","category-kindergarten","tag-handicap","tag-kindergarten","tag-rollstuhl"],"_links":{"self":[{"href":"https:\/\/www.freiburg-schwarzwald.de\/blog\/wp-json\/wp\/v2\/posts\/54246","targetHints":{"allow":["GET"]}}],"collection":[{"href":"https:\/\/www.freiburg-schwarzwald.de\/blog\/wp-json\/wp\/v2\/posts"}],"about":[{"href":"https:\/\/www.freiburg-schwarzwald.de\/blog\/wp-json\/wp\/v2\/types\/post"}],"author":[{"embeddable":true,"href":"https:\/\/www.freiburg-schwarzwald.de\/blog\/wp-json\/wp\/v2\/users\/2"}],"replies":[{"embeddable":true,"href":"https:\/\/www.freiburg-schwarzwald.de\/blog\/wp-json\/wp\/v2\/comments?post=54246"}],"version-history":[{"count":0,"href":"https:\/\/www.freiburg-schwarzwald.de\/blog\/wp-json\/wp\/v2\/posts\/54246\/revisions"}],"wp:attachment":[{"href":"https:\/\/www.freiburg-schwarzwald.de\/blog\/wp-json\/wp\/v2\/media?parent=54246"}],"wp:term":[{"taxonomy":"category","embeddable":true,"href":"https:\/\/www.freiburg-schwarzwald.de\/blog\/wp-json\/wp\/v2\/categories?post=54246"},{"taxonomy":"post_tag","embeddable":true,"href":"https:\/\/www.freiburg-schwarzwald.de\/blog\/wp-json\/wp\/v2\/tags?post=54246"}],"curies":[{"name":"wp","href":"https:\/\/api.w.org\/{rel}","templated":true}]}}