{"id":54241,"date":"2015-04-17T09:23:43","date_gmt":"2015-04-17T07:23:43","guid":{"rendered":"https:\/\/www.freiburg-schwarzwald.de\/blog\/?p=54241"},"modified":"2015-04-17T09:29:25","modified_gmt":"2015-04-17T07:29:25","slug":"schwarzwald-tourismus-2015","status":"publish","type":"post","link":"https:\/\/www.freiburg-schwarzwald.de\/blog\/schwarzwald-tourismus-2015\/","title":{"rendered":"Schwarzwald Tourismus 2015"},"content":{"rendered":"<p>Thorsten Rudolph, Gesch\u00e4ftsf\u00fchrer der <a title=\"Hochschwarzwald\" href=\"https:\/\/www.freiburg-schwarzwald.de\/blog\/regio\/hochschwarzwald\/\">Hochschwarzwald Tourismus GmbH (HTG)<\/a> und seine Zielgruppenmanager Volker Haselbacher (\u201eAufgeschlossener Geselliger\u201c), Sabrina Pfrengle (\u201eIntensiver Erleber\u201c) und Dr. Nicolaus Prinz (\u201eAnspruchsvoller Genie\u00dfer\u201c) stellten die <a title=\"Tourismus\" href=\"https:\/\/www.freiburg-schwarzwald.de\/blog\/tourismus\/\">Veranstaltungsh\u00f6hepunkte<\/a> f\u00fcr den Sommer 2015 vor. Bew\u00e4hrte Events\u00a0wie das Schwarzwald Musikfestival, <!--more-->der Hochschwarzw\u00e4lder Jazz-Sommer, die \u201eNacht in Wei\u00df\u201c mit Bodypainting Festival beim Seenachtsfest in Titisee oder das Hochschwarzw\u00e4lder Kleinkunstfestival geh\u00f6ren ebenso zum Veranstaltungsrepertoire wie die Classic Oldtimerralley oder inzwischen auch die Aquatique Show am Titisee.<br \/>\nSportlich Highlights sind das Rothaus FIS Grand Prix Sommer-Skispringen mit Pyrospektakel in Hinterzarten, der Black Forest Ultra Bike Marathon, die Deutschen Meisterschaften im Downhill oder das Triathlon Festival mit Europameisterschaft im Crossthriathlon am Schluchsee.<br \/>\nMit den Hochschwarzw\u00e4lder Br\u00e4gelwochen geht es z\u00fcnftig weiter und nachdem das 1. Rothaus Hochschwarzw\u00e4lder Blosmusik Feschtival ein gro\u00dfer Erfolg war, findet dieses Event auch in diesem Jahr wieder statt. Blasmusik gibt es auch beim gro\u00dfen SWR 4 Blechduell in Hinterzarten an der Adler-Schanze.<\/p>\n<p><a href=\"https:\/\/www.freiburg-schwarzwald.de\/blog\/schwarzwald-tourismus-2015\/tourismus-htg150412\/\" rel=\"attachment wp-att-54243\"><img loading=\"lazy\" decoding=\"async\" class=\"alignnone size-thumbnail wp-image-54243\" src=\"https:\/\/www.freiburg-schwarzwald.de\/blog\/wp-content\/uploads\/2015\/04\/tourismus-htg150412-180x144.jpg\" alt=\"tourismus-htg150412\" width=\"180\" height=\"144\" srcset=\"https:\/\/www.freiburg-schwarzwald.de\/blog\/wp-content\/uploads\/2015\/04\/tourismus-htg150412-180x144.jpg 180w, https:\/\/www.freiburg-schwarzwald.de\/blog\/wp-content\/uploads\/2015\/04\/tourismus-htg150412-640x513.jpg 640w, https:\/\/www.freiburg-schwarzwald.de\/blog\/wp-content\/uploads\/2015\/04\/tourismus-htg150412.jpg 641w\" sizes=\"auto, (max-width: 180px) 100vw, 180px\" \/><\/a><\/p>\n<p>Das HTG-Team um Thorsten Rudolph (hinten), Dr. Nicolaus Prinz (rechts), Sabrina Pfrengle und Volker Haselbacher (links) &#8211; Bild Dagmar Engesser<\/p>\n<p>Im Mai findet ebenfalls in Hinterzarten das Hochschwarzw\u00e4lder Wanderfestival mit Outdoor-Messe und musikalischer Unterhaltung statt.<br \/>\nF\u00fcr Kunstinteressierte ist sicherlich die Hundertwasser-Ausstellung in Hinterzarten interessant, die von Juni bis August im Kurhaus zu sehen sein wird.<br \/>\nDas Festival an der Hochfirstschanze allerdings setzt in diesem Sommer aus. Hintergrund sind die Jost\u00e4ler Freilichtspiele, denen man keine Konkurrenz machen m\u00f6chte.<br \/>\nDie HTG hat eine unglaubliche Vielfalt an kulturellen, sportlichen, traditionellen Veranstaltungen zusammengestellt. F\u00fcr jeden Geschmack ist etwas dabei und soll in erster Linie nat\u00fcrlich Menschen davon \u00fcberzeugen, dass es sich lohnt, seinen Urlaub im Hochschwarzwald zu verbringen. Die HTG hei\u00dft jedoch auch die Bewohner der Region bei diesen vielen Veranstaltungen und Events herzlich willkommen!<br \/>\n17.4.2015, Dagmar Engesser<\/p>\n<p>&nbsp;<\/p>\n","protected":false},"excerpt":{"rendered":"<p>Thorsten Rudolph, Gesch\u00e4ftsf\u00fchrer der Hochschwarzwald Tourismus GmbH (HTG) und seine Zielgruppenmanager Volker Haselbacher (\u201eAufgeschlossener Geselliger\u201c), Sabrina Pfrengle (\u201eIntensiver Erleber\u201c) und Dr. Nicolaus Prinz (\u201eAnspruchsvoller Genie\u00dfer\u201c) stellten die Veranstaltungsh\u00f6hepunkte f\u00fcr den Sommer 2015 vor. Bew\u00e4hrte Events\u00a0wie das Schwarzwald Musikfestival,<\/p>\n","protected":false},"author":2,"featured_media":0,"comment_status":"open","ping_status":"closed","sticky":false,"template":"","format":"standard","meta":{"footnotes":""},"categories":[180,7,122],"tags":[587,638,443,331],"class_list":["post-54241","post","type-post","status-publish","format-standard","hentry","category-hochschwarzwald","category-tourismus","category-wandern","tag-blackforest","tag-event","tag-termin","tag-tourist"],"_links":{"self":[{"href":"https:\/\/www.freiburg-schwarzwald.de\/blog\/wp-json\/wp\/v2\/posts\/54241","targetHints":{"allow":["GET"]}}],"collection":[{"href":"https:\/\/www.freiburg-schwarzwald.de\/blog\/wp-json\/wp\/v2\/posts"}],"about":[{"href":"https:\/\/www.freiburg-schwarzwald.de\/blog\/wp-json\/wp\/v2\/types\/post"}],"author":[{"embeddable":true,"href":"https:\/\/www.freiburg-schwarzwald.de\/blog\/wp-json\/wp\/v2\/users\/2"}],"replies":[{"embeddable":true,"href":"https:\/\/www.freiburg-schwarzwald.de\/blog\/wp-json\/wp\/v2\/comments?post=54241"}],"version-history":[{"count":0,"href":"https:\/\/www.freiburg-schwarzwald.de\/blog\/wp-json\/wp\/v2\/posts\/54241\/revisions"}],"wp:attachment":[{"href":"https:\/\/www.freiburg-schwarzwald.de\/blog\/wp-json\/wp\/v2\/media?parent=54241"}],"wp:term":[{"taxonomy":"category","embeddable":true,"href":"https:\/\/www.freiburg-schwarzwald.de\/blog\/wp-json\/wp\/v2\/categories?post=54241"},{"taxonomy":"post_tag","embeddable":true,"href":"https:\/\/www.freiburg-schwarzwald.de\/blog\/wp-json\/wp\/v2\/tags?post=54241"}],"curies":[{"name":"wp","href":"https:\/\/api.w.org\/{rel}","templated":true}]}}