{"id":54219,"date":"2015-04-16T09:14:54","date_gmt":"2015-04-16T07:14:54","guid":{"rendered":"https:\/\/www.freiburg-schwarzwald.de\/blog\/?p=54219"},"modified":"2015-04-16T09:18:24","modified_gmt":"2015-04-16T07:18:24","slug":"perspektivplan-freiburg-neubau","status":"publish","type":"post","link":"https:\/\/www.freiburg-schwarzwald.de\/blog\/perspektivplan-freiburg-neubau\/","title":{"rendered":"Perspektivplan-Freiburg Neubau"},"content":{"rendered":"<p>Ein seit Juni 2014 f\u00fcr 250.000 Euro entstehender\u00a0Perspektivplan soll aufzeigen, wo in Freiburg <a title=\"Bebauung\" href=\"https:\/\/www.freiburg-schwarzwald.de\/blog\/business\/dienste\/immobilien\/bebauung\/\">gebaut<\/a> werden kann und wo nicht,\u00a0wo eine <a title=\"Wohnen\" href=\"https:\/\/www.freiburg-schwarzwald.de\/blog\/business\/dienste\/immobilien\/wohnen\/\">Nachverdichtung<\/a> sozialvertr\u00e4glich m\u00f6glich ist.\u00a0Leitidee: <a title=\"Immobilien\" href=\"https:\/\/www.freiburg-schwarzwald.de\/blog\/business\/dienste\/immobilien\/\">Nachverdichtung<\/a> nur dort, wo neue Freir\u00e4ume er\u00f6ffnet werden k\u00f6nnen &#8211; und als\u00a0Freir\u00e4ume lassen sich auch Parks, <a title=\"Friedhoefe\" href=\"https:\/\/www.freiburg-schwarzwald.de\/blog\/kultur\/friedhoefe\/\">Friedh\u00f6fe<\/a> bzw. Schulh\u00f6fe\u00a0\u00f6ffnen. Anfang 2016 soll <a href=\"https:\/\/www.perspektivplan-freiburg.de\">www.perspektivplan-freiburg.de<\/a> vom Gemeinderat beschlossen werden.<!--more--><\/p>\n<p><strong>Mehr Wohnungen, mehr Freir\u00e4ume<\/strong><br \/>\nWo kriegt man im Freiburger Stadtgebiet weitere 7000 Wohnungen unter, und das sozialvertr\u00e4glich? Diese Frage soll der Freiburger Perspektivplan beantworten, an dem Stadtverwaltung, ausw\u00e4rtige Experten und engagierte B\u00fcrger gerade werkeln. Erste konkrete Ergebnisse des Planungsprozesses werden am morgigen Freitag vorgestellt. &#8230;<br \/>\nAlles vom 16.4.2015 bitte lesen auf<br \/>\n<a href=\"https:\/\/www.badische-zeitung.de\/freiburg\/mehr-wohnungen-mehr-freiraeume--103439006.html\">https:\/\/www.badische-zeitung.de\/freiburg\/mehr-wohnungen-mehr-freiraeume&#8211;103439006.html<\/a><\/p>\n","protected":false},"excerpt":{"rendered":"<p>Ein seit Juni 2014 f\u00fcr 250.000 Euro entstehender\u00a0Perspektivplan soll aufzeigen, wo in Freiburg gebaut werden kann und wo nicht,\u00a0wo eine Nachverdichtung sozialvertr\u00e4glich m\u00f6glich ist.\u00a0Leitidee: Nachverdichtung nur dort, wo neue Freir\u00e4ume er\u00f6ffnet werden k\u00f6nnen &#8211; und als\u00a0Freir\u00e4ume lassen sich auch Parks, &hellip; <a href=\"https:\/\/www.freiburg-schwarzwald.de\/blog\/perspektivplan-freiburg-neubau\/\">Weiterlesen <span class=\"meta-nav\">&rarr;<\/span><\/a><\/p>\n","protected":false},"author":2,"featured_media":0,"comment_status":"open","ping_status":"closed","sticky":false,"template":"","format":"standard","meta":{"footnotes":""},"categories":[49,90,91],"tags":[598,287,167,532,112],"class_list":["post-54219","post","type-post","status-publish","format-standard","hentry","category-freiburg","category-immobilien","category-wohnen","tag-immo","tag-neubau","tag-quartier","tag-city","tag-stadtplanung"],"_links":{"self":[{"href":"https:\/\/www.freiburg-schwarzwald.de\/blog\/wp-json\/wp\/v2\/posts\/54219","targetHints":{"allow":["GET"]}}],"collection":[{"href":"https:\/\/www.freiburg-schwarzwald.de\/blog\/wp-json\/wp\/v2\/posts"}],"about":[{"href":"https:\/\/www.freiburg-schwarzwald.de\/blog\/wp-json\/wp\/v2\/types\/post"}],"author":[{"embeddable":true,"href":"https:\/\/www.freiburg-schwarzwald.de\/blog\/wp-json\/wp\/v2\/users\/2"}],"replies":[{"embeddable":true,"href":"https:\/\/www.freiburg-schwarzwald.de\/blog\/wp-json\/wp\/v2\/comments?post=54219"}],"version-history":[{"count":0,"href":"https:\/\/www.freiburg-schwarzwald.de\/blog\/wp-json\/wp\/v2\/posts\/54219\/revisions"}],"wp:attachment":[{"href":"https:\/\/www.freiburg-schwarzwald.de\/blog\/wp-json\/wp\/v2\/media?parent=54219"}],"wp:term":[{"taxonomy":"category","embeddable":true,"href":"https:\/\/www.freiburg-schwarzwald.de\/blog\/wp-json\/wp\/v2\/categories?post=54219"},{"taxonomy":"post_tag","embeddable":true,"href":"https:\/\/www.freiburg-schwarzwald.de\/blog\/wp-json\/wp\/v2\/tags?post=54219"}],"curies":[{"name":"wp","href":"https:\/\/api.w.org\/{rel}","templated":true}]}}