{"id":54170,"date":"2015-04-11T10:55:57","date_gmt":"2015-04-11T08:55:57","guid":{"rendered":"https:\/\/www.freiburg-schwarzwald.de\/blog\/?p=54170"},"modified":"2015-04-11T11:01:30","modified_gmt":"2015-04-11T09:01:30","slug":"storchennest-bildschirm-ebnet","status":"publish","type":"post","link":"https:\/\/www.freiburg-schwarzwald.de\/blog\/storchennest-bildschirm-ebnet\/","title":{"rendered":"Storchennest Bildschirm Ebnet"},"content":{"rendered":"<p>Otto und Olga, die beiden Ebneter <a title=\"Storch\" href=\"https:\/\/www.freiburg-schwarzwald.de\/blog\/natur\/tiere\/storch\/\">St\u00f6rche<\/a>, haben ihr von <a title=\"Weissstorch-Breisgau\" href=\"https:\/\/www.freiburg-schwarzwald.de\/blog\/natur\/tiere\/storch\/weissstorch-breisgau\/\">&#8222;Storchenvater&#8220; Hagen Sp\u00e4th <\/a>hergerichtetes Nest im Schlosspark wieder bezogen und mit dem Ausbr\u00fcten von mindestens drei Eiern begonnen. Verfolgen l\u00e4sst sich das am TV-Bildschirm der <a title=\"Storchenschule-Ebnet\" href=\"https:\/\/www.freiburg-schwarzwald.de\/blog\/natur\/tiere\/storch\/storchenschule\/\">Storchenschule<\/a> (zug\u00e4nglich \u00fcber den Schlosshof, <a title=\"Ebnet\" href=\"https:\/\/www.freiburg-schwarzwald.de\/blog\/regio\/freiburg\/ebnet\/\">FR-Ebnet<\/a>, Schwarzwaldstra\u00dfe\u2005278, t\u00e4glich von 8 bis 18 Uhr ge\u00f6ffnet, Eintritt frei. <!--more--><\/p>\n<p><a href=\"https:\/\/www.freiburg-schwarzwald.de\/blog\/storchennest-bildschirm-ebnet\/storch-ebnet150406\/\" rel=\"attachment wp-att-54172\"><img loading=\"lazy\" decoding=\"async\" class=\"alignnone size-thumbnail wp-image-54172\" src=\"https:\/\/www.freiburg-schwarzwald.de\/blog\/wp-content\/uploads\/2015\/04\/storch-ebnet150406-180x129.jpg\" alt=\"storch-ebnet150406\" width=\"180\" height=\"129\" srcset=\"https:\/\/www.freiburg-schwarzwald.de\/blog\/wp-content\/uploads\/2015\/04\/storch-ebnet150406-180x129.jpg 180w, https:\/\/www.freiburg-schwarzwald.de\/blog\/wp-content\/uploads\/2015\/04\/storch-ebnet150406.jpg 590w\" sizes=\"auto, (max-width: 180px) 100vw, 180px\" \/><\/a><\/p>\n<p>Infos zu F\u00fchrungen<span class=\"Apple-converted-space\"><span style=\"font-family: Verdana;\">\u00a0Ebneter Storchenschule: Tel <\/span><\/span>0761\/4764895,<span class=\"Apple-converted-space\"><span style=\"font-family: Verdana;\">\u00a0<\/span><\/span>0176\/86304936 (Sp\u00e4th),<span class=\"Apple-converted-space\"><span style=\"font-family: Verdana;\"><br \/>\nTel<\/span><\/span>\u20050761\/67005,<span class=\"Apple-converted-space\"><span style=\"font-family: Verdana;\">\u00a0Tel<\/span><\/span>\u20050178\/6677005 (von Gayling, Ebneter Schlo\u00df).<\/p>\n","protected":false},"excerpt":{"rendered":"<p>Otto und Olga, die beiden Ebneter St\u00f6rche, haben ihr von &#8222;Storchenvater&#8220; Hagen Sp\u00e4th hergerichtetes Nest im Schlosspark wieder bezogen und mit dem Ausbr\u00fcten von mindestens drei Eiern begonnen. Verfolgen l\u00e4sst sich das am TV-Bildschirm der Storchenschule (zug\u00e4nglich \u00fcber den Schlosshof, &hellip; <a href=\"https:\/\/www.freiburg-schwarzwald.de\/blog\/storchennest-bildschirm-ebnet\/\">Weiterlesen <span class=\"meta-nav\">&rarr;<\/span><\/a><\/p>\n","protected":false},"author":2,"featured_media":0,"comment_status":"open","ping_status":"closed","sticky":false,"template":"","format":"standard","meta":{"footnotes":""},"categories":[54,95,145],"tags":[142,144,466],"class_list":["post-54170","post","type-post","status-publish","format-standard","hentry","category-ehrenamt","category-schulen","category-storch","tag-renaturierung","tag-sos-weisstorch","tag-tierschutz"],"_links":{"self":[{"href":"https:\/\/www.freiburg-schwarzwald.de\/blog\/wp-json\/wp\/v2\/posts\/54170","targetHints":{"allow":["GET"]}}],"collection":[{"href":"https:\/\/www.freiburg-schwarzwald.de\/blog\/wp-json\/wp\/v2\/posts"}],"about":[{"href":"https:\/\/www.freiburg-schwarzwald.de\/blog\/wp-json\/wp\/v2\/types\/post"}],"author":[{"embeddable":true,"href":"https:\/\/www.freiburg-schwarzwald.de\/blog\/wp-json\/wp\/v2\/users\/2"}],"replies":[{"embeddable":true,"href":"https:\/\/www.freiburg-schwarzwald.de\/blog\/wp-json\/wp\/v2\/comments?post=54170"}],"version-history":[{"count":0,"href":"https:\/\/www.freiburg-schwarzwald.de\/blog\/wp-json\/wp\/v2\/posts\/54170\/revisions"}],"wp:attachment":[{"href":"https:\/\/www.freiburg-schwarzwald.de\/blog\/wp-json\/wp\/v2\/media?parent=54170"}],"wp:term":[{"taxonomy":"category","embeddable":true,"href":"https:\/\/www.freiburg-schwarzwald.de\/blog\/wp-json\/wp\/v2\/categories?post=54170"},{"taxonomy":"post_tag","embeddable":true,"href":"https:\/\/www.freiburg-schwarzwald.de\/blog\/wp-json\/wp\/v2\/tags?post=54170"}],"curies":[{"name":"wp","href":"https:\/\/api.w.org\/{rel}","templated":true}]}}