{"id":54132,"date":"2015-04-09T09:32:59","date_gmt":"2015-04-09T07:32:59","guid":{"rendered":"https:\/\/www.freiburg-schwarzwald.de\/blog\/?p=54132"},"modified":"2017-11-09T19:24:56","modified_gmt":"2017-11-09T18:24:56","slug":"strandbad-oeffnet-10-4-2015","status":"publish","type":"post","link":"https:\/\/www.freiburg-schwarzwald.de\/blog\/strandbad-oeffnet-10-4-2015\/","title":{"rendered":"Strandbad oeffnet 10.4.2015"},"content":{"rendered":"<p>Die Saison 2015 im <a title=\"Strandbad\" href=\"https:\/\/www.freiburg-schwarzwald.de\/blog\/sport\/baeder\/strandbad\/\">Strandbad<\/a> FR-Littenweiler beginnt am Freitag, 10. April 2015 um 12 Uhr: <a title=\"Schwimmen\" href=\"https:\/\/www.freiburg-schwarzwald.de\/blog\/sport\/sportlern\/schwimmen\/\">Schwimmerbecken<\/a> mit Heizung plus Solar auf 20 Grad erw\u00e4rmt. Neues \u00a0Deck zum Chillen. Beach-Soccer, Beach-Volleyball, Fussball, Tischtennis, H\u00fcpfburg gerichtet. Rasen gem\u00e4ht. <a title=\"Fun-Strand meer Minigolf Bad\" href=\"https:\/\/www.freiburg-schwarzwald.de\/blog\/fun-strand-meer-minigolf-bad\/\">Fun Strand Meer Minigolf<\/a> mit Neuerungen erg\u00e4nzt. Und die vielen B\u00e4ume und Str\u00e4ucher bl\u00fchen extra f\u00fcr die Standbadbesucher.<!--more--><\/p>\n<p><a href=\"https:\/\/www.freiburg-schwarzwald.de\/blog\/strandbad-oeffnet-10-4-2015\/strandbad-open150410\/\" rel=\"attachment wp-att-54145\"><img loading=\"lazy\" decoding=\"async\" class=\"alignnone size-thumbnail wp-image-54145\" src=\"https:\/\/www.freiburg-schwarzwald.de\/blog\/wp-content\/uploads\/2015\/04\/strandbad-open150410-180x144.jpg\" alt=\"strandbad-open150410\" width=\"180\" height=\"144\" srcset=\"https:\/\/www.freiburg-schwarzwald.de\/blog\/wp-content\/uploads\/2015\/04\/strandbad-open150410-180x144.jpg 180w, https:\/\/www.freiburg-schwarzwald.de\/blog\/wp-content\/uploads\/2015\/04\/strandbad-open150410.jpg 640w\" sizes=\"auto, (max-width: 180px) 100vw, 180px\" \/><\/a><\/p>\n<p>Er\u00f6ffnung am 10.4.2015 um 12 Uhr (v.l.): Matthias Rothacher (Strandbar, Kiosk Hofeis), Lourdes del Monte und Andreas Eggert (Restaurant La Playa), Ralf Klausmann (Chef Freiburger Stadtbau, zu der Regio B\u00e4der GmbH geh\u00f6rt), Oliver Heintz (Chef Regio B\u00e4der Freiburg),\u00a0Michael Czerwinski\u00a0(Fun Strand &#8211; Minigolf-Event). Rechts das neue h\u00f6lzerne Sonnendeck mit den beiden Sonnenschirmen.<br \/>\nDank der angenehmen 21,8 Grad Wassertemperatur (erstaunlich bei gerade mal 1 Grad plus in der Nacht) waren viele Schwimmer unterwegs im 50-m-Becke. Im Nichtschwimmerbecken\u00a0bei 12 Grad dagegen noch die gro\u00dfe Leere. Nur 170000 Besucher kamen in 2014, in diesem Jahr sollen es bei bestem Wetter deutlich mehr werden &#8211; so der Wunsch aller. Dazu sind in der Badesaison 2015 einige Events geplant wie Zumba-Festival und Elektropop-Openair. 170.000 Euro hat die Stadt in neue Technik und Accessoirs im Strandbad investiert.<\/p>\n<p>&nbsp;<\/p>\n<p>&nbsp;<\/p>\n<p><a title=\"Strandbad\" href=\"https:\/\/www.freiburg-schwarzwald.de\/blog\/sport\/baeder\/strandbad\/\">Mehr<\/a><\/p>\n","protected":false},"excerpt":{"rendered":"<p>Die Saison 2015 im Strandbad FR-Littenweiler beginnt am Freitag, 10. April 2015 um 12 Uhr: Schwimmerbecken mit Heizung plus Solar auf 20 Grad erw\u00e4rmt. Neues \u00a0Deck zum Chillen. Beach-Soccer, Beach-Volleyball, Fussball, Tischtennis, H\u00fcpfburg gerichtet. Rasen gem\u00e4ht. Fun Strand Meer Minigolf &hellip; <a href=\"https:\/\/www.freiburg-schwarzwald.de\/blog\/strandbad-oeffnet-10-4-2015\/\">Weiterlesen <span class=\"meta-nav\">&rarr;<\/span><\/a><\/p>\n","protected":false},"author":2,"featured_media":0,"comment_status":"open","ping_status":"closed","sticky":false,"template":"","format":"standard","meta":{"footnotes":""},"categories":[343,11],"tags":[106,391,237,70,107,369],"class_list":["post-54132","post","type-post","status-publish","format-standard","hentry","category-baeder","category-regio","tag-freibad","tag-freizeit","tag-golf","tag-jugendsport","tag-schwimmen","tag-strandbad"],"_links":{"self":[{"href":"https:\/\/www.freiburg-schwarzwald.de\/blog\/wp-json\/wp\/v2\/posts\/54132","targetHints":{"allow":["GET"]}}],"collection":[{"href":"https:\/\/www.freiburg-schwarzwald.de\/blog\/wp-json\/wp\/v2\/posts"}],"about":[{"href":"https:\/\/www.freiburg-schwarzwald.de\/blog\/wp-json\/wp\/v2\/types\/post"}],"author":[{"embeddable":true,"href":"https:\/\/www.freiburg-schwarzwald.de\/blog\/wp-json\/wp\/v2\/users\/2"}],"replies":[{"embeddable":true,"href":"https:\/\/www.freiburg-schwarzwald.de\/blog\/wp-json\/wp\/v2\/comments?post=54132"}],"version-history":[{"count":0,"href":"https:\/\/www.freiburg-schwarzwald.de\/blog\/wp-json\/wp\/v2\/posts\/54132\/revisions"}],"wp:attachment":[{"href":"https:\/\/www.freiburg-schwarzwald.de\/blog\/wp-json\/wp\/v2\/media?parent=54132"}],"wp:term":[{"taxonomy":"category","embeddable":true,"href":"https:\/\/www.freiburg-schwarzwald.de\/blog\/wp-json\/wp\/v2\/categories?post=54132"},{"taxonomy":"post_tag","embeddable":true,"href":"https:\/\/www.freiburg-schwarzwald.de\/blog\/wp-json\/wp\/v2\/tags?post=54132"}],"curies":[{"name":"wp","href":"https:\/\/api.w.org\/{rel}","templated":true}]}}