{"id":54100,"date":"2015-04-07T09:00:02","date_gmt":"2015-04-07T07:00:02","guid":{"rendered":"https:\/\/www.freiburg-schwarzwald.de\/blog\/?p=54100"},"modified":"2015-04-07T09:03:58","modified_gmt":"2015-04-07T07:03:58","slug":"buergerstiftung-in-kirchzarten","status":"publish","type":"post","link":"https:\/\/www.freiburg-schwarzwald.de\/blog\/buergerstiftung-in-kirchzarten\/","title":{"rendered":"Buergerstiftung in Kirchzarten"},"content":{"rendered":"<p class=\"western\">\u00dcber weitere <a title=\"Spende\" href=\"https:\/\/www.freiburg-schwarzwald.de\/blog\/engagement\/spende\/\">Zuwendungen<\/a> von insgesamt 5.250 Euro konnte sich die <a title=\"Kirchzarten\" href=\"https:\/\/www.freiburg-schwarzwald.de\/blog\/regio\/orte\/kirchzarten\/\">B\u00fcrgerstiftung Kirchzarten<\/a> freuen. Deren Vorstandsvorsitzender Sigmund Lehmann konnte jetzt an der Spendens\u00e4ule in der Fu\u00dfg\u00e4ngerzone einige der aktuellen Spender begr\u00fc\u00dfen. Er freute sich, dass die vor \u00fcber zwei Jahren ins Leben gerufene <a title=\"Stiftungen\" href=\"https:\/\/www.freiburg-schwarzwald.de\/blog\/business\/stiftungen\/\">B\u00fcrgerstiftung<\/a> inzwischen \u00fcber ein Stammkapital von fast 200.000 Euro verf\u00fcgt. <!--more-->Dank regelm\u00e4\u00dfiger Spenden k\u00f6nne die Stiftung ihren Sinn, bei sozialen, sportlichen, kulturellen oder gesellschaftlichen Fragen zu helfen, bestens erf\u00fcllen.<\/p>\n<p class=\"western\"><a href=\"https:\/\/www.freiburg-schwarzwald.de\/blog\/buergerstiftung-in-kirchzarten\/buergerstiftung-kirchzarten150403\/\" rel=\"attachment wp-att-54102\"><img loading=\"lazy\" decoding=\"async\" class=\"alignnone size-thumbnail wp-image-54102\" src=\"https:\/\/www.freiburg-schwarzwald.de\/blog\/wp-content\/uploads\/2015\/04\/buergerstiftung-kirchzarten150403-152x180.jpg\" alt=\"buergerstiftung-kirchzarten150403\" width=\"152\" height=\"180\" srcset=\"https:\/\/www.freiburg-schwarzwald.de\/blog\/wp-content\/uploads\/2015\/04\/buergerstiftung-kirchzarten150403-152x180.jpg 152w, https:\/\/www.freiburg-schwarzwald.de\/blog\/wp-content\/uploads\/2015\/04\/buergerstiftung-kirchzarten150403-541x640.jpg 541w, https:\/\/www.freiburg-schwarzwald.de\/blog\/wp-content\/uploads\/2015\/04\/buergerstiftung-kirchzarten150403.jpg 542w\" sizes=\"auto, (max-width: 152px) 100vw, 152px\" \/><\/a><\/p>\n<p>Das Foto zeigt einige der Stiftungsunterst\u00fctzer, als sie weitere Ringe \u2013 jeweils 100 Euro \u201ewert\u201c \u2013 \u00fcber die Spendens\u00e4ule st\u00fclpten. Die 5.200 Euro kamen durch Spenden von Friedrich und Bechtold GmbH, Kromer Fensterbau, Halstrup-Walcher, Wandres GmbH, Dietmar Jobst, Steinhauser-Bau, Stahlbau Schauenberg, Volksbank Freiburg, Erhard Eckmann, Gewerbeverein Kirchzarten, Wei\u00df IT-Dienstleistungen, Sparkasse Hochschwarzwald und Reha Fitness Sporbeck zusammen<\/p>\n<p class=\"western\">7.4.2015, Gerhard L\u00fcck, <a href=\"https:\/\/www.dreisamtaeler.de\">www.dreisamtaeler.de<\/a><\/p>\n","protected":false},"excerpt":{"rendered":"<p>\u00dcber weitere Zuwendungen von insgesamt 5.250 Euro konnte sich die B\u00fcrgerstiftung Kirchzarten freuen. Deren Vorstandsvorsitzender Sigmund Lehmann konnte jetzt an der Spendens\u00e4ule in der Fu\u00dfg\u00e4ngerzone einige der aktuellen Spender begr\u00fc\u00dfen. Er freute sich, dass die vor \u00fcber zwei Jahren ins &hellip; <a href=\"https:\/\/www.freiburg-schwarzwald.de\/blog\/buergerstiftung-in-kirchzarten\/\">Weiterlesen <span class=\"meta-nav\">&rarr;<\/span><\/a><\/p>\n","protected":false},"author":2,"featured_media":0,"comment_status":"open","ping_status":"closed","sticky":false,"template":"","format":"standard","meta":{"footnotes":""},"categories":[36,161],"tags":[281,599],"class_list":["post-54100","post","type-post","status-publish","format-standard","hentry","category-engagement","category-spende","tag-burgerinitiativen","tag-stiftung"],"_links":{"self":[{"href":"https:\/\/www.freiburg-schwarzwald.de\/blog\/wp-json\/wp\/v2\/posts\/54100","targetHints":{"allow":["GET"]}}],"collection":[{"href":"https:\/\/www.freiburg-schwarzwald.de\/blog\/wp-json\/wp\/v2\/posts"}],"about":[{"href":"https:\/\/www.freiburg-schwarzwald.de\/blog\/wp-json\/wp\/v2\/types\/post"}],"author":[{"embeddable":true,"href":"https:\/\/www.freiburg-schwarzwald.de\/blog\/wp-json\/wp\/v2\/users\/2"}],"replies":[{"embeddable":true,"href":"https:\/\/www.freiburg-schwarzwald.de\/blog\/wp-json\/wp\/v2\/comments?post=54100"}],"version-history":[{"count":0,"href":"https:\/\/www.freiburg-schwarzwald.de\/blog\/wp-json\/wp\/v2\/posts\/54100\/revisions"}],"wp:attachment":[{"href":"https:\/\/www.freiburg-schwarzwald.de\/blog\/wp-json\/wp\/v2\/media?parent=54100"}],"wp:term":[{"taxonomy":"category","embeddable":true,"href":"https:\/\/www.freiburg-schwarzwald.de\/blog\/wp-json\/wp\/v2\/categories?post=54100"},{"taxonomy":"post_tag","embeddable":true,"href":"https:\/\/www.freiburg-schwarzwald.de\/blog\/wp-json\/wp\/v2\/tags?post=54100"}],"curies":[{"name":"wp","href":"https:\/\/api.w.org\/{rel}","templated":true}]}}