{"id":53836,"date":"2015-03-25T09:18:42","date_gmt":"2015-03-25T08:18:42","guid":{"rendered":"https:\/\/www.freiburg-schwarzwald.de\/blog\/?p=53836"},"modified":"2015-03-25T09:19:58","modified_gmt":"2015-03-25T08:19:58","slug":"das-bauen-haben-wir-verlernt","status":"publish","type":"post","link":"https:\/\/www.freiburg-schwarzwald.de\/blog\/das-bauen-haben-wir-verlernt\/","title":{"rendered":"Das Bauen haben wir verlernt"},"content":{"rendered":"<p>Es ist schon etwas verwunderlich: In <a title=\"Herdern\" href=\"https:\/\/www.freiburg-schwarzwald.de\/blog\/regio\/freiburg\/herdern\/\">Herdern<\/a> <a title=\"Architekt\" href=\"https:\/\/www.freiburg-schwarzwald.de\/blog\/business\/dienste\/architekt\/\">strahlt<\/a> das Friedrich-Gymnasium seit 1904 in <a title=\"Stadtbild\" href=\"https:\/\/www.freiburg-schwarzwald.de\/blog\/vereine\/stadtbild\/\">unvermindertem Glanz<\/a>, w\u00e4hrend die Tage der nicht einmal halb so alten <a title=\"Neubau gesichtslose Architektur\" href=\"https:\/\/www.freiburg-schwarzwald.de\/blog\/neubau-gesichtslose-architektur\/\">Staudingerschule<\/a> gez\u00e4hlt sind. Gegen\u00fcber der seit 1978 nun soeben quasi schon zum zweiten Mal neu erbauten <a title=\"Uni-Bibliothek\" href=\"https:\/\/www.freiburg-schwarzwald.de\/blog\/bildung\/hochschulen\/universitaet\/uni-bibliothek\/\">Uni-Bibliothek<\/a> trotzen die <a title=\"Universitaet\" href=\"https:\/\/www.freiburg-schwarzwald.de\/blog\/bildung\/hochschulen\/universitaet\/\">Kollegiengeb\u00e4ude<\/a> aus dem 19. Jahrhundert der <a title=\"Architektur-null\" href=\"https:\/\/www.freiburg-schwarzwald.de\/blog\/business\/dienste\/architekt\/architektur-null\/\">Moderne<\/a>. Bleibt zu hoffen, dass das <a title=\"Kultur\" href=\"https:\/\/www.freiburg-schwarzwald.de\/blog\/kultur\/\">Bauen<\/a> das Einzige ist, was wir verlernen <!--more-->\u2013 und wir nicht etwa eines Tages wieder auf allen Vieren dahergelaufen kommen.<span class=\"Apple-converted-space\"><span style=\"font-family: Verdana;\"><br \/>\n25..2015, <\/span><\/span><span class=\"ngBriefAutor\">Dr. Tobias Lumpp, Freiburg<\/span><\/p>\n","protected":false},"excerpt":{"rendered":"<p>Es ist schon etwas verwunderlich: In Herdern strahlt das Friedrich-Gymnasium seit 1904 in unvermindertem Glanz, w\u00e4hrend die Tage der nicht einmal halb so alten Staudingerschule gez\u00e4hlt sind. Gegen\u00fcber der seit 1978 nun soeben quasi schon zum zweiten Mal neu erbauten &hellip; <a href=\"https:\/\/www.freiburg-schwarzwald.de\/blog\/das-bauen-haben-wir-verlernt\/\">Weiterlesen <span class=\"meta-nav\">&rarr;<\/span><\/a><\/p>\n","protected":false},"author":2,"featured_media":0,"comment_status":"open","ping_status":"closed","sticky":false,"template":"","format":"standard","meta":{"footnotes":""},"categories":[233,90],"tags":[250,598,287],"class_list":["post-53836","post","type-post","status-publish","format-standard","hentry","category-architekt","category-immobilien","tag-architektur","tag-immo","tag-neubau"],"_links":{"self":[{"href":"https:\/\/www.freiburg-schwarzwald.de\/blog\/wp-json\/wp\/v2\/posts\/53836","targetHints":{"allow":["GET"]}}],"collection":[{"href":"https:\/\/www.freiburg-schwarzwald.de\/blog\/wp-json\/wp\/v2\/posts"}],"about":[{"href":"https:\/\/www.freiburg-schwarzwald.de\/blog\/wp-json\/wp\/v2\/types\/post"}],"author":[{"embeddable":true,"href":"https:\/\/www.freiburg-schwarzwald.de\/blog\/wp-json\/wp\/v2\/users\/2"}],"replies":[{"embeddable":true,"href":"https:\/\/www.freiburg-schwarzwald.de\/blog\/wp-json\/wp\/v2\/comments?post=53836"}],"version-history":[{"count":0,"href":"https:\/\/www.freiburg-schwarzwald.de\/blog\/wp-json\/wp\/v2\/posts\/53836\/revisions"}],"wp:attachment":[{"href":"https:\/\/www.freiburg-schwarzwald.de\/blog\/wp-json\/wp\/v2\/media?parent=53836"}],"wp:term":[{"taxonomy":"category","embeddable":true,"href":"https:\/\/www.freiburg-schwarzwald.de\/blog\/wp-json\/wp\/v2\/categories?post=53836"},{"taxonomy":"post_tag","embeddable":true,"href":"https:\/\/www.freiburg-schwarzwald.de\/blog\/wp-json\/wp\/v2\/tags?post=53836"}],"curies":[{"name":"wp","href":"https:\/\/api.w.org\/{rel}","templated":true}]}}