{"id":53773,"date":"2015-02-01T17:46:31","date_gmt":"2015-02-01T16:46:31","guid":{"rendered":"https:\/\/www.freiburg-schwarzwald.de\/blog\/?p=53773"},"modified":"2015-06-23T15:49:07","modified_gmt":"2015-06-23T13:49:07","slug":"auslaenderkriminalitaet-2013","status":"publish","type":"post","link":"https:\/\/www.freiburg-schwarzwald.de\/blog\/auslaenderkriminalitaet-2013\/","title":{"rendered":"Auslaenderkriminalitaet 2013"},"content":{"rendered":"<p>Die Anzahl der <a title=\"Justiz\" href=\"https:\/\/www.freiburg-schwarzwald.de\/blog\/selbsthilfe\/soziales\/justiz\/\">Straftaten<\/a> geht in Deutschland seit Jahren erfreulicherweise zur\u00fcck. Die <a title=\"Fluechtlinge\" href=\"https:\/\/www.freiburg-schwarzwald.de\/blog\/global\/integration\/fluechtlinge\/\">Ausl\u00e4nderkriminalit\u00e4t<\/a>\u00a0aber steigt Jahr f\u00fcr Jahr. Diese Kluft mittels <a title=\"Pressekodex\" href=\"https:\/\/www.freiburg-schwarzwald.de\/blog\/kultur\/medien\/pressekodex\/\">Pressekodex<\/a>\u00a0<a title=\"Gutmenschen\" href=\"https:\/\/www.freiburg-schwarzwald.de\/blog\/engagement\/gutmenschen\/\">sch\u00f6nzureden<\/a>, verst\u00e4rkt nur <a title=\"Nazi-Keule Islamophobie-Keule\" href=\"https:\/\/www.freiburg-schwarzwald.de\/blog\/nazi-keule-islamophobie-keule\/\">Ressentiments<\/a>. Zahlen aus seri\u00f6sen Quellen (Statistisches Bundesamt) geben Anla\u00df zur <a title=\"Zukunftsfaehiges-Deutschland\" href=\"https:\/\/www.freiburg-schwarzwald.de\/blog\/engagement\/zukunft\/zukunftsfaehiges-deutschland\/\">Besorgnis<\/a> und sind in Medien\/Presse detailliert und verst\u00e4ndlich zu kommunizieren. Nur eine offene, ehrliche\u00a0Diskussion gibt\u00a0Extremisten von Rechts wie Links keine Chance.<!--more--><br \/>\n.<br \/>\nDie folgende Statistik &#8222;Ausl\u00e4ndische verurteilte Straft\u00e4ter 2013&#8220; des Statistischen Bundesamtes\u00a0kann online unter <a href=\"https:\/\/www.destatis.de%20\">www.destatis.de<\/a>\u00a0frei abgerufen werden:<br \/>\nErste %-Angabe: Verurteilte Ausl\u00e4nder in Prozent <span lang=\"DE\">aller deutschen und ausl\u00e4ndischen Verurteilten<br \/>\nZweite %-Angabe in Klammern: D<\/span><span lang=\"EN\">arunter verurteilte Ausl\u00e4nder unter 25 Jahre in Prozent der ausl\u00e4ndischen Verurteilten<\/span><\/p>\n<pre> Straftaten 2013 gesamt        24,5 %  (26,5 %)\r\n Straftaten gegen den Staat    20,1 %  (27,3 %)\r\n Straftaten gegen die Person   21,4 %  (34,1 %)\r\n Mord                          31,8 %  (21,7 %)\r\n Schwere K\u00f6rperverletzung      22,9 %  (41,0 %)\r\n Sex. N\u00f6tigung\/Vergewaltigung  30,3 %  (41,2 %)\r\n Diebstahl                     32,5 %  (29,6 %)\r\n Raub und Erpressung           30,2 %  (64,0 %)\r\n Kindesmi\u00dfbrauch               10,6 %  (26,9 %)\r\n Bet\u00e4ubungsmittel\/Drogen       20,2 %  (32,9 %)<\/pre>\n<p><a href=\"https:\/\/www.destatis.de\/DE\/ZahlenFakten\/GesellschaftStaat\/Rechtspflege\/Strafverfolgung\/Tabellen\/AuslaendischeVerurteilte.html\">https:\/\/www.destatis.de\/DE\/ZahlenFakten\/GesellschaftStaat\/Rechtspflege\/Strafverfolgung\/Tabellen\/AuslaendischeVerurteilte.html<\/a><\/p>\n<p>Jeder vierte Straft\u00e4ter ist Ausl\u00e4nder, zwei von drei der Raub\u00fcberf\u00e4lle wurde von Ausl\u00e4ndern ver\u00fcbt.<br \/>\n<strong>Bei einer Ausl\u00e4nderrate von 8,7 % Ende 2013 (Destatis) hei\u00dft dies, dass Migranten mindestens 3 mal so h\u00e4ufig kriminell werden die autochtone Bev\u00f6lkerung.<br \/>\n<\/strong>Wer dies feststellt, ist weder Extremist (rechts oder links), Ausl\u00e4nderfeind, Rassist oder islamophob, sondern einfach nur Realist.<br \/>\nDie Statistik zeigt, dass Ausl\u00e4nder in allen Deliktsgruppen extrem \u00fcberrepr\u00e4sentiert sind. Es gibt also ein echtes Problem mit der sog. Ausl\u00e4nderkriminalit\u00e4t, wobei Deutsche mit Migrationshintergrund noch gar nicht erfasst werden. Z\u00e4hlt man diese hinzu (Anteil von ca 20% an der Gesamtbev\u00f6lkerung als sehr konservativer Ansatz, denn er nimmt an, dass Migranten nicht krimineller sind als Einhemische), dann sieht die Statistik noch besorgniserregender aus.<br \/>\nDie f\u00fcr das Jahr 2014 zu erwartenden Zahlen\u00a0werden noch weitaus d\u00fcsterer sein.<\/p>\n<p>Zudem: Ein Blick in die Gef\u00e4ngnisse zeigt \u00fcberall eine erschreckende Dominanz von Ausl\u00e4ndern. Es gibt Haftanstalten, in denen bis zu 90 % der verurteilten Straft\u00e4ter Ausl\u00e4nder oder Deutsche mit ausl\u00e4ndischen Wurzeln sind. In deutschen Gef\u00e4ngnissen kriminalisieren sich Ausl\u00e4nder immer noch\u00a0weiter.<\/p>\n<p>Auch die Polizeiliche Kriminalstatistik (PKS), frei zug\u00e4nglich auf der Website des BKA<br \/>\n<a class=\"normalPfeil\" href=\"https:\/\/www.bka.de\/DE\/Publikationen\/PolizeilicheKriminalstatistik\/pks__node.html?__nnn=true\" target=\"_blank\">https:\/\/www.bka.de\/DE\/Publikationen\/PolizeilicheKriminalstatistik\/pks__node.html?__nnn=true<\/a>,<br \/>\nbest\u00e4tigt, dass\u00a075% der Straftaten in Deutschland von Deutschen begangen werden, auf Nicht-Deutsche entfallen die restlichen 25% (dieses Verh\u00e4ltnis ist seit Jahren quasi konstant). Diese 25% der Straftaten wurden also von Ausl\u00e4ndern ver\u00fcbt, die 8,7% der Einwohner in D ausmachen.<\/p>\n<p>&nbsp;<\/p>\n<p>&nbsp;<\/p>\n<p>Die Ausl\u00e4nder-Kluft tut sich nicht nur bei Polizei und Straftaten auf, sondern sogar bei den Verwaltungsgerichten. Einerseits protestieren die B\u00fcrger immer seltener gegen Verwaltungsentscheidungen &#8211; das Verwaltungsgericht Freiburg meldet bei den allgemeinen F\u00e4llen einen erfreulichen R\u00fcckgang von 7,8 % in 2014. Andererseits betreffen im Jahr 2014 die H\u00e4lfte aller Vorg\u00e4nge des Verwaltungsgerichts Freiburg Ausl\u00e4nder, zumeist Widerspr\u00fcche gegen abgelehnte Asylantr\u00e4ge &#8211; eine Zunahme um 70 %.<\/p>\n<p>Welche Schl\u00fcsse aus diesen beunruhigenden Daten zu ziehen sind, wei\u00df ich auch nicht. Aber nur wenn wir es schaffen, offen dar\u00fcber zu diskutieren, ohne zu stigmatisieren oder zu diskriminieren, nur dann nehmen wir damit den Populisten jeglichen Wind aus den Segeln. Und darauf kommt es doch an.<br \/>\nDie schlimmste <a title=\"Luegenpresse\" href=\"https:\/\/www.freiburg-schwarzwald.de\/blog\/kultur\/medien\/luegenpresse\/\">L\u00fcge der Presse<\/a> ist die Auslassung. Schlimmer als das Uminterpretieren, Andersgewichten bzw. Umordnen ist das Weglassen von Information. Denn vermutet der Leser, dass &#8222;da was fehlt&#8220;, dann kommen Ger\u00fcchte auf &#8211; und diese sind in ihrer Wirkung meist schlimmer als Wahrheit.<\/p>\n<p>Dieses &#8222;Ausl\u00e4nder 3 mal so h\u00e4ufig kriminell&#8220; ist inakzeptabel und &#8211; das Positive daran &#8211; \u00e4nderbar. Es hilft nichts, mit Definitionsauslegungen (Nicht-Deutsche, Migranten, Deutsche, Ausl\u00e4nder) ein paar Prozentpunkte wegrechnen zu k\u00f6nnen. Es ist \u00a0ein Skandal, dass dieses &#8222;3 mal so h\u00e4ufig&#8220; von der seri\u00f6sen Presse totgeschwiegen wird, nur um der <a title=\"Political-Correctness\" href=\"https:\/\/www.freiburg-schwarzwald.de\/blog\/kultur\/medien\/political-correctness\/\">Political Correctness<\/a> zu gen\u00fcgen. Warum \u00fcberlassen wir dieses &#8222;3 mal so h\u00e4ufig&#8220; der rechtsextremen Presse, damit es dort &#8211; nat\u00fcrlich \u00fcberh\u00f6ht &#8211; publizistisch ausgeschlachtet wird?<br \/>\n1.2.2015<\/p>\n<p>&nbsp;<\/p>\n<p><strong>Pressekodex contra offene Diskussion<\/strong><br \/>\nEin kleines Beispiel: &#8222;Die Anzahl der Straftaten gingen 2014 im Landkreis Breisgau-Hochschwarzwald um 5,3 % zur\u00fcck, in Freiburg dagegen nahmen sie um 3,2 % zu.&#8220;<br \/>\nDieser Satz ist wahr und legt den Schlu\u00df nahe, dass die Schwarzw\u00e4lder braver und die Freiburger Bobbele immer weniger gesetzestreu werden.<br \/>\nDass dieser Schlu\u00df jedoch falsch ist, dies ist dem deutschen <a title=\"Pressekodex muendige Buerger\" href=\"https:\/\/www.freiburg-schwarzwald.de\/blog\/pressekodex-muendige-buerger\/\">Pressekodex<\/a> zu verdanken, gem\u00e4\u00df dem\u00a0jeglicher Ausl\u00e4nder-Bezug in Zeitungsmeldungen zu verheimlichen ist. Dieser Pressekodex mu\u00df endlich abgeschafft werden, denn er verunglimpft die B\u00fcrgerschaft als vorurteilsbeladen und ausl\u00e4nderfeindlich.\u00a0Der\u00a0m\u00fcndliche B\u00fcrger braucht keine Zensur, um sich seine eigene Meinung zu bilden. Und die schlimmste Zensur ist nicht das Verdrehen, sondern das Weglassen von Information. Dieses Weglassen f\u00fchrt zur Bildung von Ger\u00fcchten. Dieses Weglassen von Infos ist L\u00fcge: Unterlassung ist L\u00fcge. Wenn heute 70 Jahre nach Kriegsende und Naziherrschaft, immer \u00f6fters der Begriff der L\u00fcgenpresse auftaucht, dann nicht als uns\u00e4glicher Nazi-Vergleich, sondern im Hinblick auf das Weglassen von Information. Immer mehr B\u00fcrger haben das Gef\u00fchl, von Medien und Presse bewu\u00dft nicht die volle Wahrheit mitgeteilt zu bekommen.<br \/>\n11.3.2015<\/p>\n<p>&nbsp;<\/p>\n<p><strong>41,5% nichtdeutsche Gewaltt\u00e4ter im Raum Offenburg<\/strong><br \/>\nGewalt gegen Polizisten im Raum Offenburg nimmt um 78 % zu. Die Gewalt sei &#8222;ein fl\u00e4chendeckendes Problem&#8220;. Dieser ganz klare Trend mache sich gerade bei den nichtdeutschen Tatverd\u00e4chtigen bemerkbar, die insgesamt 41,5 Prozent der Gesamtzahl ausmachen. &#8230;. Alles vom 20.3.2015 auf<br \/>\n<a href=\"https:\/\/www.badische-zeitung.de\/offenburg\/gewalt-gegen-polizisten-zahl-der-uebergriffe-steigt-um-78-prozent--102103228.html\">https:\/\/www.badische-zeitung.de\/offenburg\/gewalt-gegen-polizisten-zahl-der-uebergriffe-steigt-um-78-prozent&#8211;102103228.html<\/a><\/p>\n","protected":false},"excerpt":{"rendered":"<p>Die Anzahl der Straftaten geht in Deutschland seit Jahren erfreulicherweise zur\u00fcck. Die Ausl\u00e4nderkriminalit\u00e4t\u00a0aber steigt Jahr f\u00fcr Jahr. Diese Kluft mittels Pressekodex\u00a0sch\u00f6nzureden, verst\u00e4rkt nur Ressentiments. Zahlen aus seri\u00f6sen Quellen (Statistisches Bundesamt) geben Anla\u00df zur Besorgnis und sind in Medien\/Presse detailliert und &hellip; <a href=\"https:\/\/www.freiburg-schwarzwald.de\/blog\/auslaenderkriminalitaet-2013\/\">Weiterlesen <span class=\"meta-nav\">&rarr;<\/span><\/a><\/p>\n","protected":false},"author":2,"featured_media":0,"comment_status":"open","ping_status":"closed","sticky":false,"template":"","format":"standard","meta":{"footnotes":""},"categories":[210,371,9],"tags":[27,431,732,622,405],"class_list":["post-53773","post","type-post","status-publish","format-standard","hentry","category-gewalt","category-justiz","category-soziales","tag-ausland","tag-gerecht","tag-gewalt","tag-migration","tag-polizei"],"_links":{"self":[{"href":"https:\/\/www.freiburg-schwarzwald.de\/blog\/wp-json\/wp\/v2\/posts\/53773","targetHints":{"allow":["GET"]}}],"collection":[{"href":"https:\/\/www.freiburg-schwarzwald.de\/blog\/wp-json\/wp\/v2\/posts"}],"about":[{"href":"https:\/\/www.freiburg-schwarzwald.de\/blog\/wp-json\/wp\/v2\/types\/post"}],"author":[{"embeddable":true,"href":"https:\/\/www.freiburg-schwarzwald.de\/blog\/wp-json\/wp\/v2\/users\/2"}],"replies":[{"embeddable":true,"href":"https:\/\/www.freiburg-schwarzwald.de\/blog\/wp-json\/wp\/v2\/comments?post=53773"}],"version-history":[{"count":0,"href":"https:\/\/www.freiburg-schwarzwald.de\/blog\/wp-json\/wp\/v2\/posts\/53773\/revisions"}],"wp:attachment":[{"href":"https:\/\/www.freiburg-schwarzwald.de\/blog\/wp-json\/wp\/v2\/media?parent=53773"}],"wp:term":[{"taxonomy":"category","embeddable":true,"href":"https:\/\/www.freiburg-schwarzwald.de\/blog\/wp-json\/wp\/v2\/categories?post=53773"},{"taxonomy":"post_tag","embeddable":true,"href":"https:\/\/www.freiburg-schwarzwald.de\/blog\/wp-json\/wp\/v2\/tags?post=53773"}],"curies":[{"name":"wp","href":"https:\/\/api.w.org\/{rel}","templated":true}]}}