{"id":53758,"date":"2015-03-20T11:47:37","date_gmt":"2015-03-20T10:47:37","guid":{"rendered":"https:\/\/www.freiburg-schwarzwald.de\/blog\/?p=53758"},"modified":"2015-03-23T08:18:53","modified_gmt":"2015-03-23T07:18:53","slug":"schulfrieden-kirche-und-staat","status":"publish","type":"post","link":"https:\/\/www.freiburg-schwarzwald.de\/blog\/schulfrieden-kirche-und-staat\/","title":{"rendered":"Schulfrieden &#8211; Kirche und Staat"},"content":{"rendered":"<p>Nur bei <a title=\"Konfessionslosigkeit\" href=\"https:\/\/www.freiburg-schwarzwald.de\/blog\/religion\/konfessionslosigkeit\/\">St\u00f6rung des Schulfriedens<\/a>\u00a0ist ein <a title=\"Kopftuch\" href=\"https:\/\/www.freiburg-schwarzwald.de\/blog\/kopftuch\/\">Kopftuchverbot<\/a> zul\u00e4ssig &#8211; mit diesem <a title=\"BVG: Kopftuch ja \u2013 Kruzifix nein\" href=\"https:\/\/www.freiburg-schwarzwald.de\/blog\/bvg-kopftuch-ja-kruzifix-nein\/\">Urteil<\/a> hat das BVG den Streit ums <a title=\"EU \u2013 Islam \u2013 Fundamentalismus\" href=\"https:\/\/www.freiburg-schwarzwald.de\/blog\/eu-islam-fundamentalismus\/\">Lehrerinnen-Kopftuch<\/a>\u00a0dorthin verlagert, wo er am wenigsten hingeh\u00f6rt: in die vielen <a title=\"Schulen\" href=\"https:\/\/www.freiburg-schwarzwald.de\/blog\/bildung\/schulen\/\">Schulen<\/a> im Land. Langfristig wird dieses Urteil dazu f\u00fchren, dass die <a title=\"Religionsunterricht\" href=\"https:\/\/www.freiburg-schwarzwald.de\/blog\/religion\/religionsunterricht\/\">Religion<\/a> komplett aus der Schule verbannt wird: <a title=\"Humanismus\" href=\"https:\/\/www.freiburg-schwarzwald.de\/blog\/kultur\/aufklaerung\/humanismus\/\">Trennung von Kirche und Staat <\/a>nach franz\u00f6sischem Vorbild <a title=\"Kirche-Staat\" href=\"https:\/\/www.freiburg-schwarzwald.de\/blog\/religion\/kirche-staat\/\">(Laizismus<\/a>). Doch bis es dazu kommt, <!--more-->wird ein lang anhaltender Kleinkrieg zu ertragen sein:<br \/>\n&#8211; Schulfrieden gest\u00f6rt, wenn die Lehrerin den Kindern die Gr\u00fcnde zu ihrer Kopftuch erkl\u00e4rt?<br \/>\n&#8211; Schulfrieden gest\u00f6rt, wenn Eltern ihr Kind nicht von einer Lehrerin mit Kopftuch unterrichten lassen wollen?<br \/>\n&#8211; Was ist bei Forderung nach Kopftuch (negative Religionsfreiheit)?<br \/>\n&#8211; Berlin-Zehlendorf als &#8218;wei\u00dfer Vorort&#8216; verbietet das Kopftuch an Schulen, Berlin-Neuk\u00f6lln hingegen nicht<br \/>\n(da hier Migranten \u00fcberwiegen)<br \/>\n&#8211; Streng muslimische Eltern machen Kopftuch zum Merkmal des Ehrbaren<br \/>\n&#8211; F\u00f6rdert dies nicht das Auseinanderdriften der Wohnquartiere, die Bildung von Parallelgesellschaften?<br \/>\n&#8211; Die B\u00fcrokratisierung des Schulalltags in Lehrerzimmer, Schuldirektion und Elternvertretung nimmt zu.<br \/>\n&#8211; Kopftuchstreitm\u00fcde, beg\u00fcterte Eltern melden ihr Kind in der \u00f6ffentlichen Schule ab und an einer Privatschule an.<\/p>\n<p>Die deutsche Tradition der Verschr\u00e4nkung und wohlwollenden Koexistenz von Religion und Staat &#8211; nach Kriegsende 1945 im Grundgesetz verankert &#8211; setzt voraus, dass alle Beteiligten (Eltern, Lehrerinnen, Schulverwaltungen, Staatsorgane und Religionsgemeinschaften) ihre Anspr\u00fcche und Rechtspositionen nicht egoistisch maximierend, sondern r\u00fccksichtsvoll nutzen. Dies tun sie aber nicht:<br \/>\n&#8211; Warum pochen Muslime so vehement auf Zulassung des Kopftuchs?<br \/>\n&#8211; Warum verzichten Juden nicht auf das Tragen der Kippa &#8211; gibt es \u00fcberhaupt eine \u00f6ffentl. Schule mit Kippa-Lehrer?<br \/>\n&#8211; Kann nicht f\u00fcr die\u00a0wenigen kath. Ordensfrauen als Lehrerinnen in \u00f6ffentl. Schulen eine L\u00f6sung gefunden werden?<br \/>\nSo nehmen alle Religionen\u00a0gerne in Kauf, dass &#8211; um mit dem BVG zu sprechen &#8211; der Schulfrieden langfristig gest\u00f6rt wird.<\/p>\n<p>Der slowenische Philosoph <a title=\"Leitkultur\" href=\"https:\/\/www.freiburg-schwarzwald.de\/blog\/kultur\/leitkultur\/\">Slavoj Zizek <\/a>(kein Nazi, sondern ein \u00fcberzugter Linker und laut Spiegel &#8222;einer der k\u00fchnsten Intellektuellen Europas&#8220;) warnt: &#8222;Je mehr man den Islam toleriert, desto st\u00e4rker scheint der Druck zu werden, den er auf einen aus\u00fcbt&#8220;. Das hei\u00dft, nach Einf\u00fchrung des Kopftuchs (genannt Hidschab) geht die <a title=\"Gutmenschen\" href=\"https:\/\/www.freiburg-schwarzwald.de\/blog\/engagement\/gutmenschen\/\">gutmenschliche<\/a> Tolenanzspirale weiter mit der Akzeptanz von\u00a0Al-Amira (auch Schulter bedeckt), Chimar (auch Busen bedeckt), Tschador, Nikab und Burka (die Eulen stehen vor unsere Sch\u00fclern und erz\u00e4hlen ihnen, was Demokratie bedeutet). Was sagt Zizek dazu: &#8222;Das Paradox ist, dass der Liberalismus selbst nicht stark genug ist, um sich vor fundamentalistischen Angriffen zu sch\u00fctzen&#8220;.<br \/>\n20.3.2015<\/p>\n","protected":false},"excerpt":{"rendered":"<p>Nur bei St\u00f6rung des Schulfriedens\u00a0ist ein Kopftuchverbot zul\u00e4ssig &#8211; mit diesem Urteil hat das BVG den Streit ums Lehrerinnen-Kopftuch\u00a0dorthin verlagert, wo er am wenigsten hingeh\u00f6rt: in die vielen Schulen im Land. Langfristig wird dieses Urteil dazu f\u00fchren, dass die Religion &hellip; <a href=\"https:\/\/www.freiburg-schwarzwald.de\/blog\/schulfrieden-kirche-und-staat\/\">Weiterlesen <span class=\"meta-nav\">&rarr;<\/span><\/a><\/p>\n","protected":false},"author":2,"featured_media":0,"comment_status":"open","ping_status":"closed","sticky":false,"template":"","format":"standard","meta":{"footnotes":""},"categories":[61,19,95,172],"tags":[633,421,503,301,585,631],"class_list":["post-53758","post","type-post","status-publish","format-standard","hentry","category-kinder","category-religion","category-schulen","category-zukunft","tag-demokratie","tag-islam","tag-church","tag-culture","tag-schule","tag-staat"],"_links":{"self":[{"href":"https:\/\/www.freiburg-schwarzwald.de\/blog\/wp-json\/wp\/v2\/posts\/53758","targetHints":{"allow":["GET"]}}],"collection":[{"href":"https:\/\/www.freiburg-schwarzwald.de\/blog\/wp-json\/wp\/v2\/posts"}],"about":[{"href":"https:\/\/www.freiburg-schwarzwald.de\/blog\/wp-json\/wp\/v2\/types\/post"}],"author":[{"embeddable":true,"href":"https:\/\/www.freiburg-schwarzwald.de\/blog\/wp-json\/wp\/v2\/users\/2"}],"replies":[{"embeddable":true,"href":"https:\/\/www.freiburg-schwarzwald.de\/blog\/wp-json\/wp\/v2\/comments?post=53758"}],"version-history":[{"count":0,"href":"https:\/\/www.freiburg-schwarzwald.de\/blog\/wp-json\/wp\/v2\/posts\/53758\/revisions"}],"wp:attachment":[{"href":"https:\/\/www.freiburg-schwarzwald.de\/blog\/wp-json\/wp\/v2\/media?parent=53758"}],"wp:term":[{"taxonomy":"category","embeddable":true,"href":"https:\/\/www.freiburg-schwarzwald.de\/blog\/wp-json\/wp\/v2\/categories?post=53758"},{"taxonomy":"post_tag","embeddable":true,"href":"https:\/\/www.freiburg-schwarzwald.de\/blog\/wp-json\/wp\/v2\/tags?post=53758"}],"curies":[{"name":"wp","href":"https:\/\/api.w.org\/{rel}","templated":true}]}}