{"id":53690,"date":"2015-03-16T12:53:21","date_gmt":"2015-03-16T11:53:21","guid":{"rendered":"https:\/\/www.freiburg-schwarzwald.de\/blog\/?p=53690"},"modified":"2015-03-16T13:38:24","modified_gmt":"2015-03-16T12:38:24","slug":"mulhouse-markt-stoffe-kleider","status":"publish","type":"post","link":"https:\/\/www.freiburg-schwarzwald.de\/blog\/mulhouse-markt-stoffe-kleider\/","title":{"rendered":"Mulhouse Markt Stoffe Kleider"},"content":{"rendered":"<p>In <a title=\"Mulhouse\" href=\"https:\/\/www.freiburg-schwarzwald.de\/blog\/regio\/elsass\/mulhouse\/\">Mulhouse<\/a> auf dem \u201cMarch\u00e9 du Canal Couvert\u201d\u00a0(Di, Do und Sa 7-17 Uhr) bieten\u00a0300 H\u00e4ndler auf dem \u00fcberdeckelten Fl\u00fcsschen Ill ihre <a title=\"Markt\" href=\"https:\/\/www.freiburg-schwarzwald.de\/blog\/business\/markt\/\">Waren<\/a> an:\u00a0Kleider\/<a title=\"Textil\" href=\"https:\/\/www.freiburg-schwarzwald.de\/blog\/business\/industrie\/textil\/\">Stoffe<\/a> und <a title=\"Streuobst\" href=\"https:\/\/www.freiburg-schwarzwald.de\/blog\/natur\/landwirt\/obstbau\/streuobst\/\">Obst\/Gem\u00fcse<\/a> im Freien sowie Delikatessen in der Markthalle.\u00a0Einmalig die friedliche, fast famili\u00e4re Atmosph\u00e4re:\u00a0Drau\u00dfen dominieren Migranten vom Mahgreb (Algerien, Marrokko, Tunesien) und innen die <a title=\"Elsass\" href=\"https:\/\/www.freiburg-schwarzwald.de\/blog\/regio\/elsass\/\">Els\u00e4sser<\/a>. Alle haben Zeit, keine Hetze, es geht bed\u00e4chtig zu, niemals aufdringlich, <!--more-->man will reden,\u00a0f\u00fchlt sich sicher, alle sind freundlich (vous avez perdu votre mouchoir) und sehr hilfsbereit (zur sauberen Toilette in der Halle: je vous accompagne). Zum Verzehr einer Paella (6 Euro, reichlich\u00a0f\u00fcr 4-5 Personen) setzen wir uns auf Obstkisten und werden wiederholt mit &#8222;bon appetit&#8220; bedacht (das ist uns beim Essen einer <a title=\"Muensterwurst\" href=\"https:\/\/www.freiburg-schwarzwald.de\/blog\/business\/markt\/muensterwurst\/\">Freiburger M\u00fcnsterwurst <\/a>noch nie passiert). Hier kostet die Wurst 1,50 Euro und schmeckt besser als in FR. Mehrere Imbi\u00df-St\u00e4ndler berichten, dass ihr Ersuchen, auf dem M\u00fcnstermarkt unterzukommen, von der Stadt Freiburg abgelehnt wurde. Deutlich weniger Bettler als in Freiburg. Parkm\u00f6glichkeiten auf einem Bezahl-Parking oder in den Strassen der Umgebung. Einmalig auch s Angebot: Kurzwaren, Klamotten-Kn\u00f6pfe, N\u00e4hgarne, Plastikblumen, Stoffe ab 1 Euro f\u00fcr den laufenden Meter, mehr Billigware, darunter aber durchaus auch Qualit\u00e4t. Gardinen, Chiffon, Spitze, Schuhe, Klimbim. Nat\u00fcrlich auch viel adidas aus China, und viele <a title=\"Kopftuch\" href=\"https:\/\/www.freiburg-schwarzwald.de\/blog\/kopftuch\/\">Burka-Accessoirs<\/a>.\u00a0500 gr Datteln f\u00fcr 2 Euro (1a Qualit\u00e4t abgepackt, frisch, Iran oder Algerien). Els\u00e4sser Gem\u00fcsebauern mit Feldsalat, M\u00f6hren usw. werden leider immer seltener. Mehr <a title=\"Mulhouse\" href=\"https:\/\/www.freiburg-schwarzwald.de\/blog\/regio\/elsass\/mulhouse\/\">Infos zum Marche<\/a>.<\/p>\n<p><a href=\"https:\/\/www.freiburg-schwarzwald.de\/blog\/mulhouse-markt-stoffe-kleider\/mulhouse2eulen150313\/\" rel=\"attachment wp-att-53694\"><img loading=\"lazy\" decoding=\"async\" class=\"alignnone size-thumbnail wp-image-53694\" src=\"https:\/\/www.freiburg-schwarzwald.de\/blog\/wp-content\/uploads\/2015\/03\/mulhouse2eulen150313-180x142.jpg\" alt=\"mulhouse2eulen150313\" width=\"180\" height=\"142\" srcset=\"https:\/\/www.freiburg-schwarzwald.de\/blog\/wp-content\/uploads\/2015\/03\/mulhouse2eulen150313-180x142.jpg 180w, https:\/\/www.freiburg-schwarzwald.de\/blog\/wp-content\/uploads\/2015\/03\/mulhouse2eulen150313-640x508.jpg 640w, https:\/\/www.freiburg-schwarzwald.de\/blog\/wp-content\/uploads\/2015\/03\/mulhouse2eulen150313.jpg 641w\" sizes=\"auto, (max-width: 180px) 100vw, 180px\" \/><\/a>\u00a0\u00a0\u00a0\u00a0\u00a0\u00a0\u00a0\u00a0\u00a0 <a href=\"https:\/\/www.freiburg-schwarzwald.de\/blog\/mulhouse-markt-stoffe-kleider\/mulhouse3bh150313\/\" rel=\"attachment wp-att-53695\"><img loading=\"lazy\" decoding=\"async\" class=\"alignnone size-thumbnail wp-image-53695\" src=\"https:\/\/www.freiburg-schwarzwald.de\/blog\/wp-content\/uploads\/2015\/03\/mulhouse3bh150313-180x138.jpg\" alt=\"mulhouse3bh150313\" width=\"180\" height=\"138\" srcset=\"https:\/\/www.freiburg-schwarzwald.de\/blog\/wp-content\/uploads\/2015\/03\/mulhouse3bh150313-180x138.jpg 180w, https:\/\/www.freiburg-schwarzwald.de\/blog\/wp-content\/uploads\/2015\/03\/mulhouse3bh150313-640x491.jpg 640w, https:\/\/www.freiburg-schwarzwald.de\/blog\/wp-content\/uploads\/2015\/03\/mulhouse3bh150313.jpg 641w\" sizes=\"auto, (max-width: 180px) 100vw, 180px\" \/><\/a>\u00a0\u00a0\u00a0\u00a0\u00a0\u00a0\u00a0\u00a0\u00a0 <a href=\"https:\/\/www.freiburg-schwarzwald.de\/blog\/mulhouse-markt-stoffe-kleider\/mulhouse5knoepfe150314\/\" rel=\"attachment wp-att-53696\"><img loading=\"lazy\" decoding=\"async\" class=\"alignnone size-thumbnail wp-image-53696\" src=\"https:\/\/www.freiburg-schwarzwald.de\/blog\/wp-content\/uploads\/2015\/03\/mulhouse5knoepfe150314-180x135.jpg\" alt=\"mulhouse5knoepfe150314\" width=\"180\" height=\"135\" srcset=\"https:\/\/www.freiburg-schwarzwald.de\/blog\/wp-content\/uploads\/2015\/03\/mulhouse5knoepfe150314-180x135.jpg 180w, https:\/\/www.freiburg-schwarzwald.de\/blog\/wp-content\/uploads\/2015\/03\/mulhouse5knoepfe150314.jpg 640w\" sizes=\"auto, (max-width: 180px) 100vw, 180px\" \/><\/a><br \/>\n(1) Zwei Eulen am 14.3.2015\u00a0\u00a0\u00a0\u00a0\u00a0\u00a0\u00a0\u00a0\u00a0\u00a0\u00a0\u00a0\u00a0\u00a0\u00a0\u00a0\u00a0\u00a0(2) BHs auf dem Marche in Mulhorse\u00a0\u00a0\u00a0\u00a0\u00a0 (3) Kn\u00f6pfe in H\u00fclle und F\u00fclle<\/p>\n<p><a href=\"https:\/\/www.freiburg-schwarzwald.de\/blog\/mulhouse-markt-stoffe-kleider\/mulhouse6kleiderknoepfe150314\/\" rel=\"attachment wp-att-53697\"><img loading=\"lazy\" decoding=\"async\" class=\"alignnone size-thumbnail wp-image-53697\" src=\"https:\/\/www.freiburg-schwarzwald.de\/blog\/wp-content\/uploads\/2015\/03\/mulhouse6kleiderknoepfe150314-180x135.jpg\" alt=\"mulhouse6kleiderknoepfe150314\" width=\"180\" height=\"135\" srcset=\"https:\/\/www.freiburg-schwarzwald.de\/blog\/wp-content\/uploads\/2015\/03\/mulhouse6kleiderknoepfe150314-180x135.jpg 180w, https:\/\/www.freiburg-schwarzwald.de\/blog\/wp-content\/uploads\/2015\/03\/mulhouse6kleiderknoepfe150314.jpg 640w\" sizes=\"auto, (max-width: 180px) 100vw, 180px\" \/><\/a>\u00a0\u00a0\u00a0\u00a0\u00a0\u00a0\u00a0\u00a0\u00a0 <a href=\"https:\/\/www.freiburg-schwarzwald.de\/blog\/mulhouse-markt-stoffe-kleider\/mulhouse7naehgarn150314\/\" rel=\"attachment wp-att-53698\"><img loading=\"lazy\" decoding=\"async\" class=\"alignnone size-thumbnail wp-image-53698\" src=\"https:\/\/www.freiburg-schwarzwald.de\/blog\/wp-content\/uploads\/2015\/03\/mulhouse7naehgarn150314-180x147.jpg\" alt=\"mulhouse7naehgarn150314\" width=\"180\" height=\"147\" srcset=\"https:\/\/www.freiburg-schwarzwald.de\/blog\/wp-content\/uploads\/2015\/03\/mulhouse7naehgarn150314-180x147.jpg 180w, https:\/\/www.freiburg-schwarzwald.de\/blog\/wp-content\/uploads\/2015\/03\/mulhouse7naehgarn150314.jpg 640w\" sizes=\"auto, (max-width: 180px) 100vw, 180px\" \/><\/a>\u00a0\u00a0\u00a0\u00a0\u00a0\u00a0\u00a0\u00a0\u00a0 <a href=\"https:\/\/www.freiburg-schwarzwald.de\/blog\/mulhouse-markt-stoffe-kleider\/mulhouse8kurzwaren150314\/\" rel=\"attachment wp-att-53699\"><img loading=\"lazy\" decoding=\"async\" class=\"alignnone size-thumbnail wp-image-53699\" src=\"https:\/\/www.freiburg-schwarzwald.de\/blog\/wp-content\/uploads\/2015\/03\/mulhouse8kurzwaren150314-135x180.jpg\" alt=\"mulhouse8kurzwaren150314\" width=\"135\" height=\"180\" srcset=\"https:\/\/www.freiburg-schwarzwald.de\/blog\/wp-content\/uploads\/2015\/03\/mulhouse8kurzwaren150314-135x180.jpg 135w, https:\/\/www.freiburg-schwarzwald.de\/blog\/wp-content\/uploads\/2015\/03\/mulhouse8kurzwaren150314.jpg 480w\" sizes=\"auto, (max-width: 135px) 100vw, 135px\" \/><\/a><br \/>\n(4) 14.3.2015\u00a0\u00a0\u00a0\u00a0\u00a0\u00a0\u00a0\u00a0\u00a0\u00a0\u00a0\u00a0\u00a0\u00a0\u00a0\u00a0\u00a0\u00a0\u00a0\u00a0\u00a0\u00a0\u00a0\u00a0\u00a0\u00a0\u00a0\u00a0\u00a0\u00a0\u00a0\u00a0\u00a0\u00a0\u00a0\u00a0\u00a0\u00a0\u00a0\u00a0\u00a0\u00a0\u00a0 (5) N\u00e4hgarn\u00a0\u00a0\u00a0\u00a0\u00a0\u00a0\u00a0\u00a0\u00a0\u00a0\u00a0\u00a0\u00a0\u00a0\u00a0\u00a0\u00a0\u00a0\u00a0\u00a0\u00a0\u00a0\u00a0\u00a0\u00a0\u00a0\u00a0\u00a0\u00a0\u00a0\u00a0\u00a0\u00a0\u00a0\u00a0\u00a0\u00a0\u00a0\u00a0\u00a0\u00a0\u00a0\u00a0 (6) Kurzwaren<\/p>\n<p><a href=\"https:\/\/www.freiburg-schwarzwald.de\/blog\/mulhouse-markt-stoffe-kleider\/mulhouse10orangen150314\/\" rel=\"attachment wp-att-53700\"><img loading=\"lazy\" decoding=\"async\" class=\"alignnone size-thumbnail wp-image-53700\" src=\"https:\/\/www.freiburg-schwarzwald.de\/blog\/wp-content\/uploads\/2015\/03\/mulhouse10orangen150314-180x135.jpg\" alt=\"mulhouse10orangen150314\" width=\"180\" height=\"135\" srcset=\"https:\/\/www.freiburg-schwarzwald.de\/blog\/wp-content\/uploads\/2015\/03\/mulhouse10orangen150314-180x135.jpg 180w, https:\/\/www.freiburg-schwarzwald.de\/blog\/wp-content\/uploads\/2015\/03\/mulhouse10orangen150314.jpg 640w\" sizes=\"auto, (max-width: 180px) 100vw, 180px\" \/><\/a>\u00a0\u00a0\u00a0\u00a0\u00a0\u00a0\u00a0\u00a0\u00a0 <a href=\"https:\/\/www.freiburg-schwarzwald.de\/blog\/mulhouse-markt-stoffe-kleider\/mulhouse11obst150314\/\" rel=\"attachment wp-att-53701\"><img loading=\"lazy\" decoding=\"async\" class=\"alignnone size-thumbnail wp-image-53701\" src=\"https:\/\/www.freiburg-schwarzwald.de\/blog\/wp-content\/uploads\/2015\/03\/mulhouse11obst150314-180x135.jpg\" alt=\"mulhouse11obst150314\" width=\"180\" height=\"135\" srcset=\"https:\/\/www.freiburg-schwarzwald.de\/blog\/wp-content\/uploads\/2015\/03\/mulhouse11obst150314-180x135.jpg 180w, https:\/\/www.freiburg-schwarzwald.de\/blog\/wp-content\/uploads\/2015\/03\/mulhouse11obst150314.jpg 640w\" sizes=\"auto, (max-width: 180px) 100vw, 180px\" \/><\/a>\u00a0\u00a0\u00a0\u00a0\u00a0\u00a0\u00a0\u00a0\u00a0 <a href=\"https:\/\/www.freiburg-schwarzwald.de\/blog\/mulhouse-markt-stoffe-kleider\/mulhouse9highheels150314\/\" rel=\"attachment wp-att-53702\"><img loading=\"lazy\" decoding=\"async\" class=\"alignnone size-thumbnail wp-image-53702\" src=\"https:\/\/www.freiburg-schwarzwald.de\/blog\/wp-content\/uploads\/2015\/03\/mulhouse9highheels150314-140x180.jpg\" alt=\"mulhouse9highheels150314\" width=\"140\" height=\"180\" srcset=\"https:\/\/www.freiburg-schwarzwald.de\/blog\/wp-content\/uploads\/2015\/03\/mulhouse9highheels150314-140x180.jpg 140w, https:\/\/www.freiburg-schwarzwald.de\/blog\/wp-content\/uploads\/2015\/03\/mulhouse9highheels150314.jpg 498w\" sizes=\"auto, (max-width: 140px) 100vw, 140px\" \/><\/a><br \/>\n(7) Orangen am 14.3.2015\u00a0\u00a0\u00a0\u00a0\u00a0\u00a0\u00a0\u00a0\u00a0\u00a0\u00a0\u00a0\u00a0\u00a0\u00a0\u00a0\u00a0\u00a0\u00a0\u00a0\u00a0\u00a0(8) Obste und Gem\u00fcse\u00a0\u00a0\u00a0\u00a0\u00a0\u00a0\u00a0\u00a0\u00a0\u00a0\u00a0\u00a0\u00a0\u00a0\u00a0\u00a0\u00a0\u00a0\u00a0\u00a0\u00a0\u00a0\u00a0\u00a0\u00a0\u00a0 (9) High Heels Mulhouse<\/p>\n<p><a href=\"https:\/\/www.freiburg-schwarzwald.de\/blog\/mulhouse-markt-stoffe-kleider\/mulhouse12gemuese150314\/\" rel=\"attachment wp-att-53703\"><img loading=\"lazy\" decoding=\"async\" class=\"alignnone size-thumbnail wp-image-53703\" src=\"https:\/\/www.freiburg-schwarzwald.de\/blog\/wp-content\/uploads\/2015\/03\/mulhouse12gemuese150314-180x135.jpg\" alt=\"mulhouse12gemuese150314\" width=\"180\" height=\"135\" srcset=\"https:\/\/www.freiburg-schwarzwald.de\/blog\/wp-content\/uploads\/2015\/03\/mulhouse12gemuese150314-180x135.jpg 180w, https:\/\/www.freiburg-schwarzwald.de\/blog\/wp-content\/uploads\/2015\/03\/mulhouse12gemuese150314.jpg 640w\" sizes=\"auto, (max-width: 180px) 100vw, 180px\" \/><\/a><br \/>\n(10) Hinten die Markthalle<\/p>\n","protected":false},"excerpt":{"rendered":"<p>In Mulhouse auf dem \u201cMarch\u00e9 du Canal Couvert\u201d\u00a0(Di, Do und Sa 7-17 Uhr) bieten\u00a0300 H\u00e4ndler auf dem \u00fcberdeckelten Fl\u00fcsschen Ill ihre Waren an:\u00a0Kleider\/Stoffe und Obst\/Gem\u00fcse im Freien sowie Delikatessen in der Markthalle.\u00a0Einmalig die friedliche, fast famili\u00e4re Atmosph\u00e4re:\u00a0Drau\u00dfen dominieren Migranten vom &hellip; <a href=\"https:\/\/www.freiburg-schwarzwald.de\/blog\/mulhouse-markt-stoffe-kleider\/\">Weiterlesen <span class=\"meta-nav\">&rarr;<\/span><\/a><\/p>\n","protected":false},"author":2,"featured_media":0,"comment_status":"open","ping_status":"closed","sticky":false,"template":"","format":"standard","meta":{"footnotes":""},"categories":[23,427],"tags":[716,729,739,622],"class_list":["post-53690","post","type-post","status-publish","format-standard","hentry","category-handel","category-markt","tag-bauernhof","tag-elsass","tag-markt","tag-migration"],"_links":{"self":[{"href":"https:\/\/www.freiburg-schwarzwald.de\/blog\/wp-json\/wp\/v2\/posts\/53690","targetHints":{"allow":["GET"]}}],"collection":[{"href":"https:\/\/www.freiburg-schwarzwald.de\/blog\/wp-json\/wp\/v2\/posts"}],"about":[{"href":"https:\/\/www.freiburg-schwarzwald.de\/blog\/wp-json\/wp\/v2\/types\/post"}],"author":[{"embeddable":true,"href":"https:\/\/www.freiburg-schwarzwald.de\/blog\/wp-json\/wp\/v2\/users\/2"}],"replies":[{"embeddable":true,"href":"https:\/\/www.freiburg-schwarzwald.de\/blog\/wp-json\/wp\/v2\/comments?post=53690"}],"version-history":[{"count":0,"href":"https:\/\/www.freiburg-schwarzwald.de\/blog\/wp-json\/wp\/v2\/posts\/53690\/revisions"}],"wp:attachment":[{"href":"https:\/\/www.freiburg-schwarzwald.de\/blog\/wp-json\/wp\/v2\/media?parent=53690"}],"wp:term":[{"taxonomy":"category","embeddable":true,"href":"https:\/\/www.freiburg-schwarzwald.de\/blog\/wp-json\/wp\/v2\/categories?post=53690"},{"taxonomy":"post_tag","embeddable":true,"href":"https:\/\/www.freiburg-schwarzwald.de\/blog\/wp-json\/wp\/v2\/tags?post=53690"}],"curies":[{"name":"wp","href":"https:\/\/api.w.org\/{rel}","templated":true}]}}