{"id":53493,"date":"2015-03-06T12:14:48","date_gmt":"2015-03-06T11:14:48","guid":{"rendered":"https:\/\/www.freiburg-schwarzwald.de\/blog\/?p=53493"},"modified":"2015-03-06T12:14:48","modified_gmt":"2015-03-06T11:14:48","slug":"mathislehof-hoffuehrungen","status":"publish","type":"post","link":"https:\/\/www.freiburg-schwarzwald.de\/blog\/mathislehof-hoffuehrungen\/","title":{"rendered":"Mathislehof &#8211; Hoffuehrungen"},"content":{"rendered":"<p><a title=\"Hofladen\" href=\"https:\/\/www.freiburg-schwarzwald.de\/blog\/business\/handel\/hofladen\/\">Hof-F\u00fchrungen<\/a> auf dem <a title=\"Mathislehof\" href=\"https:\/\/www.freiburg-schwarzwald.de\/blog\/bauernhof\/mathislehof\/\">Mathislehof in Hinterzarten <\/a>mit anschlie\u00dfender Bio-K\u00e4seprobe auch 2015: Vom Kalb bis zur Kuh \u2013 wie aus Wiesenblumen und Gras Milch, K\u00e4se, Wurst und Fleisch werden kann \u2013 mit einer artgerechten und <a title=\"Oeko\" href=\"https:\/\/www.freiburg-schwarzwald.de\/blog\/natur\/landwirt\/oeko\/\">\u00f6kologischen Erzeugungsweise<\/a>, dies soll den G\u00e4sten gezeigt werden. Hof- und Stall-T\u00fcren stehen offen, damit einmal hinter die Kulissen des <a title=\"Bauernhof\" href=\"https:\/\/www.freiburg-schwarzwald.de\/blog\/bauernhof\/\">Bauernhofs<\/a> geschaut und viele Fragen gestellt werden k\u00f6nnen. <!--more--><\/p>\n<p>Dies alles findet auf dem historischen Schwarzwaldhof in einer wundersch\u00f6nen Lage statt, die zur Wanderung Richtung Feldberg oder zu einem Spaziergang zum Mathisleweiher einl\u00e4dt. Im Anschluss an die Hoff\u00fchrung gibt es eine Kostprobe der eigenen Bio-K\u00e4sen, die auf dem Partner-Betrieb der H\u00f6fe-Gemeinschaft der W\u00e4lder GbR in der dortigen Hofk\u00e4serei erzeugt werden \u2013 je nach Wetterlage drau\u00dfen oder im Futtergang im Stall. Alle eigenen Bio-K\u00e4sen sind nach den Richtlinien des demeter- und des Bioland-Verbandes erzeugt und verarbeitet worden. Wer m\u00f6chte, kann die Gelegenheit nutzen und bis 18.00 Uhr im Hofladen weitere Bio-Spezialit\u00e4ten einkaufen. An folgenden Terminen finden Hof-F\u00fchrungen mit Bio-K\u00e4seprobe statt:<br \/>\nSamstag, den 7. M\u00e4rz um 14.00 Uhr<br \/>\nSamstag, den 11. April um 14.00 Uhr<br \/>\nFreitag, den 1. Mai 2015 (Hoffest)<br \/>\nSamstag, den 9. Mai um 14.00 Uhr<br \/>\nSamstag, den 6. Juni um 15.00 Uhr<br \/>\nSamstag, den 11. Juli um 15.00 Uhr<br \/>\nSamstag, den 8. August um 15.00 Uhr<br \/>\nSamstag, den 12. September um 15.00 Uhr<\/p>\n<p>Es wird um eine Anmeldung bis zum Vorabend gebeten unter 07652 982582 oder <span lang=\"de-DE\"><a href=\"mailto:mathislehof@t-online.de\">mathislehof@t-online.de<\/a><\/span>. (Beim Hoffest am 1. Mai 2014 finden mehrere F\u00fchrungen statt, so dass an diesem Tag keine Anmeldung m\u00f6glich ist!) Es wird kein Preis festgelegt, sondern um eine Spende gebeten. Weiterhin findet die Veranstaltung bei jedem Wetter statt \u2013 daher wird um passende Kleidung und entsprechendes Schuhwerk gebeten.<\/p>\n<p>Der Mathislehof wurde 1708 erbaut und zusammen mit der 90 Jahre sp\u00e4ter errichteten Mathislem\u00fchle landwirtschaftlich genutzt. Die W\u00e4lder GbR \u00fcbernahm den Hof 2001 zus\u00e4tzlich zum bereits seit 1985 betriebenen Unterm\u00fchlbachhof in St. Georgen (Schwarzwald) als Bioland- und Demeter-Hof mit Milchviehwirtschaft, K\u00e4serei, Getreideanbau und kleiner Schweinezucht. Auf dem Mathislehof erfolgen K\u00e4lber- und Jungviehaufzucht, sowie die extensive Weide-Ochsenmast und ein Teil der Direktvermarktung.<br \/>\nDer Mathislehof ist ein Bio-Hof im bundesweiten Netzwerk der Demonstrationsbetriebe \u00d6kologischer Landbau (www.demonstrationsbetriebe.de). Dieses Netzwerk ist ein Projekt des Bundesprogramms \u00d6kologischer Landbau und andere Formen nachhaltiger Landwirtschaft (B\u00d6LN) und ein wesentlicher Baustein des Bundesministeriums f\u00fcr Ern\u00e4hrung, Landwirtschaft und Verbraucherschutz zur Unterst\u00fctzung der \u00f6kologischen und nachhaltigen Landwirtschaft.<\/p>\n<p>Nicole Raff, Mathislehof, W\u00e4lder und Hofladen\u00a0GbR, Oberzartener\u00a0Weg\u00a02, 79856\u00a0Hinterzarten<br \/>\nTel:\u00a0 07652 982582, Fax: 07652 919259, www.waelder-gbr.de<br \/>\n6.3.2015, Dreisamt\u00e4ler<\/p>\n","protected":false},"excerpt":{"rendered":"<p>Hof-F\u00fchrungen auf dem Mathislehof in Hinterzarten mit anschlie\u00dfender Bio-K\u00e4seprobe auch 2015: Vom Kalb bis zur Kuh \u2013 wie aus Wiesenblumen und Gras Milch, K\u00e4se, Wurst und Fleisch werden kann \u2013 mit einer artgerechten und \u00f6kologischen Erzeugungsweise, dies soll den G\u00e4sten &hellip; <a href=\"https:\/\/www.freiburg-schwarzwald.de\/blog\/mathislehof-hoffuehrungen\/\">Weiterlesen <span class=\"meta-nav\">&rarr;<\/span><\/a><\/p>\n","protected":false},"author":2,"featured_media":0,"comment_status":"open","ping_status":"closed","sticky":false,"template":"","format":"standard","meta":{"footnotes":""},"categories":[154,201,12],"tags":[716,286,415,589,383,432],"class_list":["post-53493","post","type-post","status-publish","format-standard","hentry","category-ernaehrung","category-landwirt","category-natur","tag-bauernhof","tag-bioland","tag-ernte","tag-fair","tag-laden","tag-regional"],"_links":{"self":[{"href":"https:\/\/www.freiburg-schwarzwald.de\/blog\/wp-json\/wp\/v2\/posts\/53493","targetHints":{"allow":["GET"]}}],"collection":[{"href":"https:\/\/www.freiburg-schwarzwald.de\/blog\/wp-json\/wp\/v2\/posts"}],"about":[{"href":"https:\/\/www.freiburg-schwarzwald.de\/blog\/wp-json\/wp\/v2\/types\/post"}],"author":[{"embeddable":true,"href":"https:\/\/www.freiburg-schwarzwald.de\/blog\/wp-json\/wp\/v2\/users\/2"}],"replies":[{"embeddable":true,"href":"https:\/\/www.freiburg-schwarzwald.de\/blog\/wp-json\/wp\/v2\/comments?post=53493"}],"version-history":[{"count":0,"href":"https:\/\/www.freiburg-schwarzwald.de\/blog\/wp-json\/wp\/v2\/posts\/53493\/revisions"}],"wp:attachment":[{"href":"https:\/\/www.freiburg-schwarzwald.de\/blog\/wp-json\/wp\/v2\/media?parent=53493"}],"wp:term":[{"taxonomy":"category","embeddable":true,"href":"https:\/\/www.freiburg-schwarzwald.de\/blog\/wp-json\/wp\/v2\/categories?post=53493"},{"taxonomy":"post_tag","embeddable":true,"href":"https:\/\/www.freiburg-schwarzwald.de\/blog\/wp-json\/wp\/v2\/tags?post=53493"}],"curies":[{"name":"wp","href":"https:\/\/api.w.org\/{rel}","templated":true}]}}