{"id":53429,"date":"2015-03-01T16:26:33","date_gmt":"2015-03-01T15:26:33","guid":{"rendered":"https:\/\/www.freiburg-schwarzwald.de\/blog\/?p=53429"},"modified":"2019-12-03T09:14:09","modified_gmt":"2019-12-03T08:14:09","slug":"nazi-keule-islamophobie-keule","status":"publish","type":"post","link":"https:\/\/www.freiburg-schwarzwald.de\/blog\/nazi-keule-islamophobie-keule\/","title":{"rendered":"Nazi-Keule Islamophobie-Keule"},"content":{"rendered":"<p>Die Diskussion \u00fcber <a title=\"Zukunft\" href=\"https:\/\/www.freiburg-schwarzwald.de\/blog\/engagement\/zukunft\/\">aktuelle Themen<\/a> wie <a title=\"Ukraine\" href=\"https:\/\/www.freiburg-schwarzwald.de\/blog\/global\/ukraine\/\"> Ukraine-Krieg<\/a>, <a title=\"Palaestina\" href=\"https:\/\/www.freiburg-schwarzwald.de\/blog\/global\/israel\/palaestina\/\">Nahostkonflikt<\/a>, Alltags-<a title=\"Rassismus\" href=\"https:\/\/www.freiburg-schwarzwald.de\/blog\/engagement\/rassismus\/\">Rassismus<\/a>, EU\/Euro sowie <a title=\"Islam-Reformen\" href=\"https:\/\/www.freiburg-schwarzwald.de\/blog\/religion\/islam\/islam-reformen\/\">Islam<\/a> in Deutschland wird in den <a title=\"Medien\" href=\"https:\/\/www.freiburg-schwarzwald.de\/blog\/kultur\/medien\/\">Medien<\/a>\u00a0unehrlich gef\u00fchrt, durch Etiketten verk\u00fcrzt bzw. durch Schwingen der zugeh\u00f6rigen Keulen abgew\u00fcrgt: Weltkriegs-Keule, <a title=\"Holocaust-Education\" href=\"https:\/\/www.freiburg-schwarzwald.de\/blog\/bildung\/holocaust-education\/\">Nazi<\/a>-Keule, <a title=\"Antisemitismus\" href=\"https:\/\/www.freiburg-schwarzwald.de\/blog\/religion\/juden\/antisemitismus\/\">Antisemitismus<\/a>-Keule, <a title=\"Juden\" href=\"https:\/\/www.freiburg-schwarzwald.de\/blog\/religion\/juden\/\">Rassismus<\/a>-Keule, <a title=\"EU\" href=\"https:\/\/www.freiburg-schwarzwald.de\/blog\/global\/eu\/\">Europafeind<\/a>-Keule und neuerdings<a title=\"Islamophobie\" href=\"https:\/\/www.freiburg-schwarzwald.de\/blog\/religion\/islam\/islamophobie\/\"> Islamophobie<\/a>-Keule.<!--more--><\/p>\n<p>&#8222;Die Ukraine erbittet Waffenhilfe, um gegen die russische Aggression bestehen zu k\u00f6nnen&#8220;. Die Russland-Keule tut diese Aussage als &#8222;eskalierend&#8220; ab &#8211; wo die Ukraine doch nur ihr Recht auf Selbstverteidigung bzw. ihr Recht auf Integrit\u00e4t der Grenzen wahrnimmt.<\/p>\n<p>Dass die von Israel in den Westbanks errichteten Siedlungen widerrechtlich erbaut und im Gaza-Krieg gezielt auch Kinderg\u00e4rten und Krankenh\u00e4user\u00a0bombardiert wurden, dies darf per Antisemitismus-Keule nicht geschrieben werden, dies verbietet zudem die <a title=\"Political-Correctness\" href=\"https:\/\/www.freiburg-schwarzwald.de\/blog\/kultur\/medien\/political-correctness\/\">Political Correctness<\/a>.<\/p>\n<p>Wenn bei einem erneuten brutalen \u00dcberfall von Jugendlichen diese als &#8222;muslimische junge M\u00e4nner&#8220; benannt werden, greift die Rassismus-Keule. Dabei hat die Studie des Soziologen Christian Pfeifer bewiesen, dass &#8222;strenggl\u00e4ubge muslimische Jugendliche in Berlin doppelt so oft zur Gewalt neigen wie s\u00e4kulare Jugendliche dieser Herkunft.&#8220;<\/p>\n<p>Die Europafeind-Keule erschl\u00e4gt Professorenmeinungen wie: &#8222;Der Euro als Fehlkonstruktion l\u00e4\u00dft sich nur die Aufspaltung in Nord-Euro und S\u00fcd-Euro retten&#8220; oder &#8222;Eine Politik, die eine Jugendarbeitslosigkeit von 60% in Griechenland und Portugal zul\u00e4sst, ist nicht alternativlos&#8220;. Wer so etwas \u00e4u\u00dfert, wird zum AfD-Anh\u00e4nger erkl\u00e4rt.<\/p>\n<p>Sp\u00e4testens seit Anfang 2015 hat sich die Islamophobie-Keule etabliert. &#8222;Islam und westliche Demokratie sind nicht miteinander vereinbar&#8220;, &#8222;Der Islam (in der heutigen Form) geh\u00f6rt nicht zu Deutschland&#8220;, &#8222;Islam legitimiert Terroristen des IS&#8220; &#8211; diese Behauptungen werden als Islam-feindlich abgetan. Diese Keule ist besonders gemein aus zwei Gr\u00fcnden:<br \/>\n1. Sie dr\u00e4ngt den Islam weiter in die Opferrolle, in der man sich besonders in den Parallelgesellschaften weiter bequem einrichtet.<br \/>\n2. Der so dringlich ersehnte Reform-Islam kann nicht in den allesamt unfrei-totalit\u00e4ren Staaten zwischen Mahreb, Golfstaaten und Pakistan entwickelt werden, sondern nur in den Europa, wo Meinungs- und Pressefreiheit herrschen und Theologen Freiraum haben.<\/p>\n<p>Das in Deutschland sicher aktuellste Tabu-Etikett ist die Islamophobie-Keule. Hierzu liefert Peter Schneider, 74, einst Redenschreiber von Willy Brand, in dem Beitrag &#8222;Was darf man noch sagen?&#8220; (DIE ZEIT 8\/2015, 19.2.2015, Seite 46) wie folgt Aufkl\u00e4rung:<br \/>\n<i>&#8222;Soweit ich sehen kann, gibt es in den L\u00e4ndern, in denen der Islam an die Macht gekommen ist, keine Variante dieser Staatsform, die die <a title=\"Kirche-Staat\" href=\"https:\/\/www.freiburg-schwarzwald.de\/blog\/religion\/kirche-staat\/\">Trennung von Religion und Staat <\/a>und die Gleichberechtigung der Geschlechter in Wort und Tat anerkennt. Wenn dieser Satz zutrifft, was ist dann recht an der Behauptung, der Islam geh\u00f6re zu Deutschland? H\u00e4tte es nicht besser hei\u00dfen m\u00fcssen: Die Millionen von Muslimen, die sich in Deutschland integriert haben, geh\u00f6ren zu Deutschland? Ganz offenbar haben sie diese Integrationsleistung nicht dank des Islams, sondern trotz des Islams vollbracht, indem sie sich von vielen antidemokratischen Vorgaben ihrer Religion losgesagt haben oder sich als Agnostiker bzw. <a title=\"Humanismus\" href=\"https:\/\/www.freiburg-schwarzwald.de\/blog\/kultur\/aufklaerung\/humanismus\/\">Atheisten<\/a> verstehen.&#8220;<br \/>\n<\/i>Zweierlei Fazit<em>:<br \/>\n<\/em>1. &#8222;Die Muslime geh\u00f6ren zu Deutschland, (noch) nicht aber der Islam&#8220; und<br \/>\n2. Nazi-Keule und nachfolgende Keulen sollten endlich die Medien (TV, Zeitung, Internet) verschonen und so den Journalisten erm\u00f6glichen, den B\u00fcrgern ohne Vorbehalte (dpa-Pressecodex l\u00f6schen), offen und ehrlich zu berichten. Da m\u00fcndig, kann sich jeder B\u00fcrger dann selbst seine eigene Meinung bilden.<br \/>\n1.3.2015<\/p>\n<p>&nbsp;<\/p>\n<p><strong>Firma Neger will sich keinen Rassismus vorwerfen lassen<br \/>\n<\/strong>Kopfsch\u00fcttelnd habe ich den Artikel \u00fcber die Firma Neger (Mainz) gelesen. Sie besch\u00e4ftigt Menschen seit \u00fcber 70 Jahren. Im 21. Jahrhundert, in Deutschland wird Hetze gegen Menschen und Firmen betrieben. Sind die Leute alle gaga, oder gibt es keine anderen Sorgen. Es scheint modern zu sein, alles als rassistisch, islamfeindlich, rechtsradikal abzustempeln. Menschen, die sich \u00fcber einen Namen aufregen, sind wohl auch diejenigen, die jede Mohammed-Karikatur mit Morddrohungen belegen.<br \/>\n4.3.2015, Klaus Tempel, Rheinfelden, <a href=\"https:\/\/www.neger.de%20\">www.neger.de <\/a><\/p>\n<p>&nbsp;<\/p>\n","protected":false},"excerpt":{"rendered":"<p>Die Diskussion \u00fcber aktuelle Themen wie Ukraine-Krieg, Nahostkonflikt, Alltags-Rassismus, EU\/Euro sowie Islam in Deutschland wird in den Medien\u00a0unehrlich gef\u00fchrt, durch Etiketten verk\u00fcrzt bzw. durch Schwingen der zugeh\u00f6rigen Keulen abgew\u00fcrgt: Weltkriegs-Keule, Nazi-Keule, Antisemitismus-Keule, Rassismus-Keule, Europafeind-Keule und neuerdings Islamophobie-Keule.<\/p>\n","protected":false},"author":2,"featured_media":0,"comment_status":"open","ping_status":"closed","sticky":false,"template":"","format":"standard","meta":{"footnotes":""},"categories":[18,261,80,19],"tags":[208,439,545,438],"class_list":["post-53429","post","type-post","status-publish","format-standard","hentry","category-bildung","category-katholisch","category-medien","category-religion","tag-ehrlichkeit","tag-journalist","tag-www","tag-zeitung"],"_links":{"self":[{"href":"https:\/\/www.freiburg-schwarzwald.de\/blog\/wp-json\/wp\/v2\/posts\/53429","targetHints":{"allow":["GET"]}}],"collection":[{"href":"https:\/\/www.freiburg-schwarzwald.de\/blog\/wp-json\/wp\/v2\/posts"}],"about":[{"href":"https:\/\/www.freiburg-schwarzwald.de\/blog\/wp-json\/wp\/v2\/types\/post"}],"author":[{"embeddable":true,"href":"https:\/\/www.freiburg-schwarzwald.de\/blog\/wp-json\/wp\/v2\/users\/2"}],"replies":[{"embeddable":true,"href":"https:\/\/www.freiburg-schwarzwald.de\/blog\/wp-json\/wp\/v2\/comments?post=53429"}],"version-history":[{"count":0,"href":"https:\/\/www.freiburg-schwarzwald.de\/blog\/wp-json\/wp\/v2\/posts\/53429\/revisions"}],"wp:attachment":[{"href":"https:\/\/www.freiburg-schwarzwald.de\/blog\/wp-json\/wp\/v2\/media?parent=53429"}],"wp:term":[{"taxonomy":"category","embeddable":true,"href":"https:\/\/www.freiburg-schwarzwald.de\/blog\/wp-json\/wp\/v2\/categories?post=53429"},{"taxonomy":"post_tag","embeddable":true,"href":"https:\/\/www.freiburg-schwarzwald.de\/blog\/wp-json\/wp\/v2\/tags?post=53429"}],"curies":[{"name":"wp","href":"https:\/\/api.w.org\/{rel}","templated":true}]}}