{"id":53416,"date":"2015-02-28T18:21:06","date_gmt":"2015-02-28T17:21:06","guid":{"rendered":"https:\/\/www.freiburg-schwarzwald.de\/blog\/?p=53416"},"modified":"2015-02-28T18:21:06","modified_gmt":"2015-02-28T17:21:06","slug":"amseln-singen-fruehlinganfang","status":"publish","type":"post","link":"https:\/\/www.freiburg-schwarzwald.de\/blog\/amseln-singen-fruehlinganfang\/","title":{"rendered":"Amseln singen Fruehlinganfang"},"content":{"rendered":"<p>Unsere Haus- und <a title=\"Garten\" href=\"https:\/\/www.freiburg-schwarzwald.de\/blog\/natur\/garten\/\">Gartenamsel<\/a> singt seit 13.2.2015 wieder , in der Morgend\u00e4mmerung zwischen 6 und 6.45 Uhr. Ob Schnee, Frost, Regen oder kalter Wind, der schwarze <a title=\"Vogel\" href=\"https:\/\/www.freiburg-schwarzwald.de\/blog\/natur\/tiere\/vogel\/\">Amselmann<\/a> k\u00fcndigt jeden Tag aus Neue den nahenden <a title=\"Fruehling\" href=\"https:\/\/www.freiburg-schwarzwald.de\/blog\/natur\/fruehling\/\"> Fr\u00fchling <\/a>an. Im Wechselgesang mit\u00a0anderen Amslerichen in den Nachbarg\u00e4rten. Um 7 Uhr ist es hell und der morgendliche \u00a0Gesang  beendet. Nun zeigt sich, dass die Reviere der V\u00f6gel noch gar nicht voneinander <!--more-->abgegrenzt sind: Mehrere Amselm\u00e4nner jagen hintereinander her und streiten sich um die Herrschaftsgebiete, w\u00e4hrend die Amselfrauen so tun, als ginge sie das gar nichts an. &#8230; fast wie im richtigen Leben.<\/p>\n<p>&nbsp;<\/p>\n","protected":false},"excerpt":{"rendered":"<p>Unsere Haus- und Gartenamsel singt seit 13.2.2015 wieder , in der Morgend\u00e4mmerung zwischen 6 und 6.45 Uhr. Ob Schnee, Frost, Regen oder kalter Wind, der schwarze Amselmann k\u00fcndigt jeden Tag aus Neue den nahenden Fr\u00fchling an. Im Wechselgesang mit\u00a0anderen Amslerichen &hellip; <a href=\"https:\/\/www.freiburg-schwarzwald.de\/blog\/amseln-singen-fruehlinganfang\/\">Weiterlesen <span class=\"meta-nav\">&rarr;<\/span><\/a><\/p>\n","protected":false},"author":2,"featured_media":0,"comment_status":"open","ping_status":"closed","sticky":false,"template":"","format":"standard","meta":{"footnotes":""},"categories":[12,220],"tags":[167,466,719],"class_list":["post-53416","post","type-post","status-publish","format-standard","hentry","category-natur","category-vogel","tag-quartier","tag-tierschutz","tag-umwelt"],"_links":{"self":[{"href":"https:\/\/www.freiburg-schwarzwald.de\/blog\/wp-json\/wp\/v2\/posts\/53416","targetHints":{"allow":["GET"]}}],"collection":[{"href":"https:\/\/www.freiburg-schwarzwald.de\/blog\/wp-json\/wp\/v2\/posts"}],"about":[{"href":"https:\/\/www.freiburg-schwarzwald.de\/blog\/wp-json\/wp\/v2\/types\/post"}],"author":[{"embeddable":true,"href":"https:\/\/www.freiburg-schwarzwald.de\/blog\/wp-json\/wp\/v2\/users\/2"}],"replies":[{"embeddable":true,"href":"https:\/\/www.freiburg-schwarzwald.de\/blog\/wp-json\/wp\/v2\/comments?post=53416"}],"version-history":[{"count":0,"href":"https:\/\/www.freiburg-schwarzwald.de\/blog\/wp-json\/wp\/v2\/posts\/53416\/revisions"}],"wp:attachment":[{"href":"https:\/\/www.freiburg-schwarzwald.de\/blog\/wp-json\/wp\/v2\/media?parent=53416"}],"wp:term":[{"taxonomy":"category","embeddable":true,"href":"https:\/\/www.freiburg-schwarzwald.de\/blog\/wp-json\/wp\/v2\/categories?post=53416"},{"taxonomy":"post_tag","embeddable":true,"href":"https:\/\/www.freiburg-schwarzwald.de\/blog\/wp-json\/wp\/v2\/tags?post=53416"}],"curies":[{"name":"wp","href":"https:\/\/api.w.org\/{rel}","templated":true}]}}